{"id":47469,"date":"2026-04-26T06:37:28","date_gmt":"2026-04-26T06:37:28","guid":{"rendered":"https:\/\/calatorinromania.com\/?p=47469"},"modified":"2026-04-26T06:37:29","modified_gmt":"2026-04-26T06:37:29","slug":"mama-mea-isi-traieste-viata-in-timp-ce-eu-si-fiul-meu-ne-luptam-cu-datoriile","status":"publish","type":"post","link":"https:\/\/calatorinromania.com\/?p=47469","title":{"rendered":"\u201dMama mea \u00ee\u0219i tr\u0103ie\u0219te via\u021ba, \u00een timp ce eu \u0219i fiul meu ne lupt\u0103m cu datoriile\u201d"},"content":{"rendered":"\n<p>Mama mea \u00ee\u0219i tr\u0103ie\u0219te via\u021ba visurilor, \u00een timp ce eu \u0219i fiul meu ne lupt\u0103m cu datoriile \u2014 nu are, oare, o obliga\u021bie s\u0103 ne ajute? R\u0103spunsul ei m-a l\u0103sat f\u0103r\u0103 cuvinte<\/p>\n\n\n\n<p><\/p>\n\n\n\n<p>Mama este acum la pensie. A muncit zeci de ani ca economist\u0103 \u0219i a fost mereu atent\u0103 cu banii. \u00cen timp ce prietenele ei cheltuiau pe mese scumpe la restaurant, haine de firm\u0103 sau renov\u0103ri sofisticate, ea tr\u0103ia modest, adun\u00e2nd fiecare leu \u201epentru b\u0103tr\u00e2ne\u021be\u201d.<\/p>\n\n\n\n<p><\/p>\n\n\n\n<p>Dar acea \u201eb\u0103tr\u00e2ne\u021be\u201d nu arat\u0103 deloc cum mi-o imaginam. Mama cutreier\u0103 lumea, face plaj\u0103 pe malul m\u0103rii, urc\u0103 pe iahturi \u00een largul M\u0103rii Negre, savureaz\u0103 preparate rafinate \u0219i \u00eemi trimite poze \u00een care apare z\u00e2mbitoare, cu ochelari de soare elegan\u021bi \u0219i un pahar de cocktail \u00een m\u00e2n\u0103.<\/p>\n\n\n\n<p><\/p>\n\n\n\n<p>Eu? Sunt singurul ei copil. Am r\u0103mas singur\u0103 dup\u0103 ce so\u021bul meu a plecat, iar acum \u00eemi cresc b\u0103ie\u021belul cu greu. Lunar, m\u0103 lupt s\u0103 pl\u0103tesc chiria, \u00eentre\u021binerea \u0219i m\u00e2ncarea.<\/p>\n\n\n\n<p>De multe ori, m\u0103 \u00eentreb: de ce mama, care are un trai lipsit de griji, nu vrea s\u0103 ne sprijine? Nu e, oare, firesc ca un p\u0103rinte s\u0103-\u0219i ajute copilul aflat la ananghie, indiferent c\u00e2t de mare ar fi acel copil?<\/p>\n\n\n\n<p>Zilele trecute, m-a cuprins disperarea. Am sunat-o. \u00cen fundal se auzea briza, valurile \u0219i r\u00e2sete de turi\u0219ti. Se afla \u00eentr-o vacan\u021b\u0103 pe o insul\u0103 din Grecia.<\/p>\n\n\n\n<p>\u2014 Mam\u0103\u2026 \u0219tii c\u00e2t de greu ne este. De ce nu m\u0103 aju\u021bi?<\/p>\n\n\n\n<p>A urmat o clip\u0103 de t\u0103cere. Apoi, vocea ei, cald\u0103 dar hot\u0103r\u00e2t\u0103, mi-a r\u0103spuns cu ceva care m-a l\u0103sat stan\u0103 de piatr\u0103. Am r\u0103mas blocat\u0103, uit\u00e2ndu-m\u0103 \u00een gol, \u00eencerc\u00e2nd s\u0103 \u00een\u021beleg cum poate o mam\u0103 s\u0103 spun\u0103 a\u0219a ceva\u2026<\/p>\n\n\n\n<p>\u2014 Pentru c\u0103, drag\u0103 mea, via\u021ba m-a \u00eenv\u0103\u021bat un lucru: nimeni nu-\u0219i g\u0103se\u0219te echilibrul c\u00e2t timp se sprijin\u0103 doar pe altcineva.<\/p>\n\n\n\n<p>Eu nu \u021bi-am refuzat ajutorul ca s\u0103 te pedepsesc. Ci ca s\u0103 te oblig, f\u0103r\u0103 voie, s\u0103-\u021bi descoperi for\u021ba. S\u0103 nu ajungi, la b\u0103tr\u00e2ne\u021be, s\u0103 depinzi de nimeni, nici m\u0103car de copilul t\u0103u.<\/p>\n\n\n\n<p>Mi-a fost greu s\u0103 aud asta. M-a durut. M-a enervat. Dar cuvintele ei s-au a\u0219ezat \u00een mine ca o s\u0103m\u00e2n\u021b\u0103. Zile \u00eentregi le-am tot r\u0103sucit \u00een minte. \u0218i, \u00een mod ciudat, parc\u0103 au prins r\u0103d\u0103cini.<\/p>\n\n\n\n<p>Am \u00eenceput s\u0103 caut solu\u021bii. Am luat un al doilea job, de acas\u0103. Am v\u00e2ndut c\u00e2teva lucruri pe care nu le mai foloseam. Am \u00eenv\u0103\u021bat s\u0103 economisesc. Nu a fost u\u0219or, dar am \u00eenceput, \u00eencetul cu \u00eencetul, s\u0103-mi echilibrez via\u021ba.<\/p>\n\n\n\n<p>\u0218ase luni mai t\u00e2rziu, am pl\u0103tit toate datoriile. Nu doar at\u00e2t \u2014 am reu\u0219it s\u0103 pun \u0219i eu c\u00e2\u021biva b\u0103nu\u021bi deoparte. \u00centr-o sear\u0103, c\u00e2nd i-am trimis mamei o poz\u0103 cu mine \u0219i fiul meu z\u00e2mbind, ea mi-a r\u0103spuns doar at\u00e2t:<\/p>\n\n\n\n<p>\u2014 Acum pot veni lini\u0219tit\u0103 acas\u0103. E\u0219ti femeia puternic\u0103 pe care am \u0219tiut c\u0103 o voi cre\u0219te.<\/p>\n\n\n\n<p>\u0218i a venit. Cu bra\u021bele pline de daruri \u0219i cu ochii plini de lacrimi. Ne-a luat \u00een bra\u021be \u0219i ne-a spus c\u0103 acum, \u00een sf\u00e2r\u0219it, vacan\u021bele ei pot fi \u0219i ale noastre. Pentru c\u0103 \u0219i lec\u021biile grele, uneori, se \u00eencheie cu \u00eembr\u0103\u021bi\u0219\u0103ri.<\/p>\n\n\n\n<p>Dac\u0103 \u021bi-a pl\u0103cut povestea, nu uita s\u0103 o distribui cu prietenii t\u0103i! \u00cempreun\u0103 putem duce mai departe emo\u021bia \u0219i inspira\u021bia.<\/p>\n\n\n\n<p>\u201dAceast\u0103 poveste este inspirat\u0103 din evenimente \u0219i persoane reale, \u00eens\u0103 a fost fic\u021bionalizat\u0103 \u00een scopuri creative. Numele, personajele \u0219i detaliile au fost schimbate pentru a proteja intimitatea \u0219i pentru a \u00eembun\u0103t\u0103\u021bi nara\u021biunea. Orice asem\u0103nare cu persoane reale, sau cu evenimente reale este pur \u00eent\u00e2mpl\u0103toare \u0219i nu este inten\u021bionat\u0103 de c\u0103tre autor.<\/p>\n\n\n\n<p>Autorul \u0219i editorul nu \u00ee\u0219i asum\u0103 responsabilitatea pentru exactitatea evenimentelor sau pentru modul \u00een care sunt portretizate personajele \u0219i nu sunt r\u0103spunz\u0103tori pentru eventuale interpret\u0103ri gre\u0219ite. Aceast\u0103 poveste este oferit\u0103 \u201eca atare\u201d, iar orice opinii exprimate apar\u021bin personajelor \u0219i nu reflect\u0103 punctele de vedere ale autorului sau ale editorului.\u201d<\/p>\n","protected":false},"excerpt":{"rendered":"<p>Mama mea \u00ee\u0219i tr\u0103ie\u0219te via\u021ba visurilor, \u00een timp ce eu \u0219i fiul meu ne lupt\u0103m cu datoriile \u2014 nu are, oare, o obliga\u021bie s\u0103 ne<\/p>\n","protected":false},"author":1,"featured_media":47435,"comment_status":"closed","ping_status":"closed","sticky":false,"template":"","format":"standard","meta":[],"categories":[1],"tags":[],"_links":{"self":[{"href":"https:\/\/calatorinromania.com\/index.php?rest_route=\/wp\/v2\/posts\/47469"}],"collection":[{"href":"https:\/\/calatorinromania.com\/index.php?rest_route=\/wp\/v2\/posts"}],"about":[{"href":"https:\/\/calatorinromania.com\/index.php?rest_route=\/wp\/v2\/types\/post"}],"author":[{"embeddable":true,"href":"https:\/\/calatorinromania.com\/index.php?rest_route=\/wp\/v2\/users\/1"}],"replies":[{"embeddable":true,"href":"https:\/\/calatorinromania.com\/index.php?rest_route=%2Fwp%2Fv2%2Fcomments&post=47469"}],"version-history":[{"count":1,"href":"https:\/\/calatorinromania.com\/index.php?rest_route=\/wp\/v2\/posts\/47469\/revisions"}],"predecessor-version":[{"id":47470,"href":"https:\/\/calatorinromania.com\/index.php?rest_route=\/wp\/v2\/posts\/47469\/revisions\/47470"}],"wp:featuredmedia":[{"embeddable":true,"href":"https:\/\/calatorinromania.com\/index.php?rest_route=\/wp\/v2\/media\/47435"}],"wp:attachment":[{"href":"https:\/\/calatorinromania.com\/index.php?rest_route=%2Fwp%2Fv2%2Fmedia&parent=47469"}],"wp:term":[{"taxonomy":"category","embeddable":true,"href":"https:\/\/calatorinromania.com\/index.php?rest_route=%2Fwp%2Fv2%2Fcategories&post=47469"},{"taxonomy":"post_tag","embeddable":true,"href":"https:\/\/calatorinromania.com\/index.php?rest_route=%2Fwp%2Fv2%2Ftags&post=47469"}],"curies":[{"name":"wp","href":"https:\/\/api.w.org\/{rel}","templated":true}]}}