{"id":47467,"date":"2026-04-26T06:33:17","date_gmt":"2026-04-26T06:33:17","guid":{"rendered":"https:\/\/calatorinromania.com\/?p=47467"},"modified":"2026-04-26T06:33:18","modified_gmt":"2026-04-26T06:33:18","slug":"matusa-mea-a-refuzat-sa-inceteze-sa-faca-bulion-chiar-si-dupa-ce-a-venit-politia","status":"publish","type":"post","link":"https:\/\/calatorinromania.com\/?p=47467","title":{"rendered":"\u201dM\u0103tu\u0219a mea a refuzat s\u0103 \u00eenceteze s\u0103 fac\u0103 bulion, chiar \u0219i dup\u0103 ce a venit poli\u021bia\u201d"},"content":{"rendered":"\n<p>M\u0103tu\u0219a mea a refuzat s\u0103 \u00eenceteze s\u0103 fac\u0103 bulion \u00een curte, chiar \u0219i dup\u0103 ce a venit poli\u021bia<\/p>\n\n\n\n<p><\/p>\n\n\n\n<p>\u00cencepe cu ro\u0219iile \u00eenainte de r\u0103s\u0103rit, ca de obicei, amestec\u00e2nd cu acela\u0219i b\u0103\u021b vechi de lemn pe care \u00eel are din anii \u201980.<\/p>\n\n\n\n<p><\/p>\n\n\n\n<p>Vecinii \u00eei z\u00e2mbesc, glumesc despre \u201ecazanul vr\u0103jitoarei\u201d, dar nimeni nu s-a pl\u00e2ns vreodat\u0103. Cel pu\u021bin nu p\u00e2n\u0103 s\u0103pt\u0103m\u00e2na trecut\u0103.<\/p>\n\n\n\n<p>De data asta, chiar a venit un poli\u021bist. A spus c\u0103 a primit o sesizare. \u201ePosibil\u0103 produc\u021bie ilegal\u0103.\u201d M\u0103tu\u0219a mea nici m\u0103car nu a clipit. Doar a \u00eenceput s\u0103 amestece mai lent, de parc\u0103 voia s\u0103-l fac\u0103 s\u0103 se plictiseasc\u0103 \u0219i s\u0103 plece.<\/p>\n\n\n\n<p><\/p>\n\n\n\n<p>Dar nu era vorba despre autoriza\u021bii. Poli\u021bistul a ar\u0103tat spre sosul care clocotea \u0219i a spus: \u201eCineva a reclamat c\u0103 miroase exact ca pasta folosit\u0103 \u00een cazul incendiului de la restaurantul din Cluj-Napoca, din 1999.\u201d<\/p>\n\n\n\n<p>Am \u00eencremenit. Aveam nou\u0103 ani atunci. \u00cemi amintesc perfect acel incendiu. Un restaurant \u00eentreg a ars din temelii. Banii din asigurare au trecut dintr-o m\u00e2n\u0103 \u00een alta. Nimeni nu a fost acuzat vreodat\u0103.<\/p>\n\n\n\n<p>M\u0103tu\u0219a a t\u0103cut. Apoi a spus, mult prea calm: \u201eRe\u021beta aceea a fost furat\u0103. \u00cei apar\u021binea surorii mele.\u201d<\/p>\n\n\n\n<p>Problema e c\u0103\u2026 sora ei locuie\u0219te \u00een Argentina \u00eenc\u0103 din anii \u201990. Spunea c\u0103 nu poate c\u0103l\u0103tori. Spunea c\u0103 are lupus.<\/p>\n\n\n\n<p>\u0218i acum\u2026<\/p>\n\n\n\n<p>\u0218i acum\u2026 \u00eemi amintesc ce a urmat. Poli\u021bistul a r\u0103mas \u00eencordat c\u00e2teva clipe, apoi a scos un carne\u021bel \u0219i a \u00eentrebat sec:<\/p>\n\n\n\n<p>\u2014 Ave\u021bi cumva o dovad\u0103 c\u0103 re\u021beta era a surorii dumneavoastr\u0103?<\/p>\n\n\n\n<p>M\u0103tu\u0219a a dat din cap \u0219i s-a dus \u00een cas\u0103. S-a \u00eentors cu o agend\u0103 \u00eeng\u0103lbenit\u0103, cu pagini scrise de m\u00e2n\u0103, unele p\u0103tate cu sos. A deschis la o fil\u0103 marcat\u0103 cu un col\u021b \u00eendoit \u0219i a ar\u0103tat re\u021beta, datat\u0103 \u0219i semnat\u0103. Scrisul era identic cu scrisorile pe care i le trimitea sora ei din Argentina.<\/p>\n\n\n\n<p>Poli\u021bistul a citit \u00een t\u0103cere, apoi a z\u00e2mbit cu un col\u021b de gur\u0103.<\/p>\n\n\n\n<p>\u2014 Ei bine\u2026 n-a\u0219 spune c\u0103 miroase a ilegalitate. Mai degrab\u0103 a amintiri. Cred c\u0103 cineva a exagerat.<\/p>\n\n\n\n<p>\u0218i a plecat.<\/p>\n\n\n\n<p>Dup\u0103 acel incident, povestea a ajuns \u00een ziarele locale, iar m\u0103tu\u0219a a fost invitat\u0103 la o emisiune culinar\u0103 regional\u0103. I-au cerut s\u0103 prezinte re\u021beta \u201ecu istorie\u201d. A devenit rapid o vedet\u0103 local\u0103, iar vecinii au \u00eenceput s\u0103 vin\u0103 nu doar s\u0103 o salute, ci \u0219i s\u0103 cumpere c\u00e2te un borcan de sos.<\/p>\n\n\n\n<p>Iar din Argentina? A sosit o scrisoare. Sora ei scria c\u0103 vrea s\u0103 se \u00eentoarc\u0103 acas\u0103 \u201em\u0103car o var\u0103\u201d. Boala intrase \u00een remisie. \u0218i avea poft\u0103 de ni\u0219te sos adev\u0103rat, f\u0103cut \u00een curtea casei, cu b\u0103\u021bul acela vechi din lemn \u0219i cu aroma copil\u0103riei.<\/p>\n\n\n\n<p>Finalul? Un pr\u00e2nz \u00een curte, trei genera\u021bii la mas\u0103, r\u00e2z\u00e2nd \u00een timp ce m\u0103tu\u0219a turna sosul peste paste, zic\u00e2nd:<\/p>\n\n\n\n<p>\u2014 Vede\u021bi? Nu-i nimic ilegal \u00een a p\u0103stra tradi\u021bia. Numai bun\u0103tate.<\/p>\n\n\n\n<p>Dac\u0103 \u021bi-a pl\u0103cut povestea, nu uita s\u0103 o distribui cu prietenii t\u0103i! \u00cempreun\u0103 putem duce mai departe emo\u021bia \u0219i inspira\u021bia.<\/p>\n\n\n\n<p>\u201dAceast\u0103 poveste este inspirat\u0103 din evenimente \u0219i persoane reale, \u00eens\u0103 a fost fic\u021bionalizat\u0103 \u00een scopuri creative. Numele, personajele \u0219i detaliile au fost schimbate pentru a proteja intimitatea \u0219i pentru a \u00eembun\u0103t\u0103\u021bi nara\u021biunea. Orice asem\u0103nare cu persoane reale, sau cu evenimente reale este pur \u00eent\u00e2mpl\u0103toare \u0219i nu este inten\u021bionat\u0103 de c\u0103tre autor.<\/p>\n\n\n\n<p>Autorul \u0219i editorul nu \u00ee\u0219i asum\u0103 responsabilitatea pentru exactitatea evenimentelor sau pentru modul \u00een care sunt portretizate personajele \u0219i nu sunt r\u0103spunz\u0103tori pentru eventuale interpret\u0103ri gre\u0219ite. Aceast\u0103 poveste este oferit\u0103 \u201eca atare\u201d, iar orice opinii exprimate apar\u021bin personajelor \u0219i nu reflect\u0103 punctele de vedere ale autorului sau ale editorului.\u201d<\/p>\n","protected":false},"excerpt":{"rendered":"<p>M\u0103tu\u0219a mea a refuzat s\u0103 \u00eenceteze s\u0103 fac\u0103 bulion \u00een curte, chiar \u0219i dup\u0103 ce a venit poli\u021bia \u00cencepe cu ro\u0219iile \u00eenainte de r\u0103s\u0103rit, ca<\/p>\n","protected":false},"author":1,"featured_media":47435,"comment_status":"closed","ping_status":"closed","sticky":false,"template":"","format":"standard","meta":[],"categories":[1],"tags":[],"_links":{"self":[{"href":"https:\/\/calatorinromania.com\/index.php?rest_route=\/wp\/v2\/posts\/47467"}],"collection":[{"href":"https:\/\/calatorinromania.com\/index.php?rest_route=\/wp\/v2\/posts"}],"about":[{"href":"https:\/\/calatorinromania.com\/index.php?rest_route=\/wp\/v2\/types\/post"}],"author":[{"embeddable":true,"href":"https:\/\/calatorinromania.com\/index.php?rest_route=\/wp\/v2\/users\/1"}],"replies":[{"embeddable":true,"href":"https:\/\/calatorinromania.com\/index.php?rest_route=%2Fwp%2Fv2%2Fcomments&post=47467"}],"version-history":[{"count":1,"href":"https:\/\/calatorinromania.com\/index.php?rest_route=\/wp\/v2\/posts\/47467\/revisions"}],"predecessor-version":[{"id":47468,"href":"https:\/\/calatorinromania.com\/index.php?rest_route=\/wp\/v2\/posts\/47467\/revisions\/47468"}],"wp:featuredmedia":[{"embeddable":true,"href":"https:\/\/calatorinromania.com\/index.php?rest_route=\/wp\/v2\/media\/47435"}],"wp:attachment":[{"href":"https:\/\/calatorinromania.com\/index.php?rest_route=%2Fwp%2Fv2%2Fmedia&parent=47467"}],"wp:term":[{"taxonomy":"category","embeddable":true,"href":"https:\/\/calatorinromania.com\/index.php?rest_route=%2Fwp%2Fv2%2Fcategories&post=47467"},{"taxonomy":"post_tag","embeddable":true,"href":"https:\/\/calatorinromania.com\/index.php?rest_route=%2Fwp%2Fv2%2Ftags&post=47467"}],"curies":[{"name":"wp","href":"https:\/\/api.w.org\/{rel}","templated":true}]}}