{"id":47465,"date":"2026-04-26T06:28:20","date_gmt":"2026-04-26T06:28:20","guid":{"rendered":"https:\/\/calatorinromania.com\/?p=47465"},"modified":"2026-04-26T06:28:20","modified_gmt":"2026-04-26T06:28:20","slug":"cu-o-zi-inainte-sa-ma-insor-cu-noua-mea-sotie-am-mers-sa-curat-mo-rmantul-fostei","status":"publish","type":"post","link":"https:\/\/calatorinromania.com\/?p=47465","title":{"rendered":"\u201dCu o zi \u00eenainte s\u0103 m\u0103 \u00eensor cu noua mea so\u021bie, am mers s\u0103 cur\u0103\u021b mo.rm\u00e2ntul fostei\u201d"},"content":{"rendered":"\n<p>M-am \u00eentors brusc. Ploua tot mai tare, iar printre pic\u0103turi am z\u0103rit o femeie \u00een palton bej, \u021bin\u00e2nd \u00een m\u00e2n\u0103 un buchet de flori ude. P\u0103rea pierdut\u0103, dar \u00een ochii ei se citea o triste\u021be familiar\u0103.<\/p>\n\n\n\n<p><\/p>\n\n\n\n<p>\u2014 Scuza\u021bi-m\u0103\u2026 a spus ea \u00eencet. Nu voiam s\u0103 v\u0103 deranjez.<\/p>\n\n\n\n<p><\/p>\n\n\n\n<p>Am dat din cap, uimit. Nu era nimeni altcineva \u00een tot cimitirul.<\/p>\n\n\n\n<p><\/p>\n\n\n\n<p>\u2014 Nu-i nimic, i-am r\u0103spuns. Doar cur\u0103\u021bam morm\u00e2ntul so\u021biei mele. M\u00e2ine\u2026 m\u0103 \u00eensor din nou.<\/p>\n\n\n\n<p><\/p>\n\n\n\n<p>Femeia m-a privit cu o bl\u00e2nde\u021be ciudat\u0103. A f\u0103cut c\u00e2\u021biva pa\u0219i spre mine \u0219i a pus florile l\u00e2ng\u0103 crizantemele mele.<\/p>\n\n\n\n<p>\u2014 \u0218i eu am pierdut pe cineva, a spus ea. So\u021bul meu. Tot \u00eentr-un accident.<\/p>\n\n\n\n<p>T\u0103cerea care a urmat a fost ap\u0103s\u0103toare, dar cumva lini\u0219titoare. Doi str\u0103ini, lega\u021bi de aceea\u0219i durere, st\u0103teau \u00een ploaie f\u0103r\u0103 s\u0103-\u0219i spun\u0103 nimic. Doar ascultam cum v\u00e2ntul lovea crucile \u0219i frunzele ude fo\u0219neau sub picioarele noastre.<\/p>\n\n\n\n<p>Am sim\u021bit o nevoie nea\u0219teptat\u0103 s\u0103 vorbesc. I-am povestit tot: cum am iubit, cum am pierdut, cum am crezut c\u0103 n-o s\u0103 mai pot tr\u0103i. Ea asculta \u00een t\u0103cere, f\u0103r\u0103 s\u0103 m\u0103 \u00eentrerup\u0103, cu privirea pierdut\u0103 pe piatra funerar\u0103.<\/p>\n\n\n\n<p>\u2014 \u0218ti\u021bi, a spus ea dup\u0103 o vreme, oamenii dragi nu mor cu adev\u0103rat. Doar pleac\u0103 pu\u021bin mai devreme. Dar c\u00e2nd cineva g\u0103se\u0219te curajul s\u0103 iubeasc\u0103 din nou, sufletul lor se bucur\u0103 acolo sus.<\/p>\n\n\n\n<p>Vorbele ei mi-au r\u0103mas \u00een minte. Nu \u0219tiu de ce, dar am sim\u021bit c\u0103 femeia asta a ap\u0103rut acolo ca un semn. Poate trimis chiar de cea pe care o pierdusem.<\/p>\n\n\n\n<p>Dup\u0103 c\u00e2teva clipe, a z\u00e2mbit trist \u0219i s-a \u00eendep\u0103rtat printre cruci. Am vrut s\u0103-i cer numele, dar ploaia a acoperit totul. C\u00e2nd m-am uitat din nou, disp\u0103ruse.<\/p>\n\n\n\n<p>Am r\u0103mas singur, cu palmele ude \u0219i inima str\u00e2ns\u0103. M-am aplecat din nou \u0219i am \u0219ters ultima pat\u0103 de pe piatr\u0103. Atunci am v\u0103zut ceva ciudat: printre pic\u0103turi, pe piatra rece, ap\u0103reau ni\u0219te urme \u2014 ca \u0219i cum cineva ar fi trasat cu degetul un cerc mic \u0219i o inim\u0103 \u00een mijloc.<\/p>\n\n\n\n<p>Am clipit, crez\u00e2nd c\u0103 mi se pare. Dar simbolul era acolo. M-am aplecat \u0219i am atins piatra. Era cald\u0103. \u00cen acel moment am sim\u021bit un fior, dar nu de team\u0103, ci de pace. Ca \u0219i cum cineva m-ar fi m\u00e2ng\u00e2iat u\u0219or pe um\u0103r. M-am ridicat, am privit spre cer \u0219i am \u0219optit:<\/p>\n\n\n\n<p>\u2014 Mul\u021bumesc\u2026<\/p>\n\n\n\n<p>C\u00e2nd am ajuns acas\u0103, mireasa mea preg\u0103tea buchetul de nunt\u0103. Mi-a z\u00e2mbit c\u00e2nd m-a v\u0103zut ud leoarc\u0103.<\/p>\n\n\n\n<p>\u2014 Ai fost la ea, nu-i a\u0219a?<\/p>\n\n\n\n<p>Am dat din cap.<br>\u2014 Da. \u0218i cred c\u0103\u2026 mi-a dat binecuv\u00e2ntarea.<\/p>\n\n\n\n<p>Ea a venit spre mine, mi-a \u0219ters fruntea cu un prosop \u0219i mi-a spus:<br>\u2014 Atunci m\u00e2ine nu va fi doar o nunt\u0103. Va fi un nou \u00eenceput.<\/p>\n\n\n\n<p>\u0218i a\u0219a a fost. A doua zi, c\u00e2nd am p\u0103\u0219it \u00een fa\u021ba altarului, nu mai sim\u021beam povara trecutului. \u00cen inim\u0103 aveam doar recuno\u0219tin\u021b\u0103 \u2014 pentru iubirea care a fost \u0219i pentru cea care avea s\u0103 fie.<\/p>\n\n\n\n<p>Am \u00een\u021beles atunci c\u0103 via\u021ba nu ne cere s\u0103 uit\u0103m, ci doar s\u0103 \u00eenv\u0103\u021b\u0103m s\u0103 iubim din nou, chiar \u0219i dup\u0103 ce am pierdut totul. Pentru c\u0103 dragostea adev\u0103rat\u0103 nu se sf\u00e2r\u0219e\u0219te niciodat\u0103. Se transform\u0103.<\/p>\n\n\n\n<p><em>Aceast\u0103 lucrare este inspirat\u0103 din evenimente \u0219i persoane reale, \u00eens\u0103 a fost fic\u021bionalizat\u0103 \u00een scopuri creative. Numele, personajele \u0219i detaliile au fost schimbate pentru a proteja intimitatea \u0219i pentru a \u00eembun\u0103t\u0103\u021bi nara\u021biunea. Orice asem\u0103nare cu persoane reale, \u00een via\u021b\u0103 sau decedate, sau cu evenimente reale este pur \u00eent\u00e2mpl\u0103toare \u0219i nu este inten\u021bionat\u0103 de c\u0103tre autor.<\/em><\/p>\n\n\n\n<p><em>Autorul \u0219i editorul nu \u00ee\u0219i asum\u0103 responsabilitatea pentru exactitatea evenimentelor sau pentru modul \u00een care sunt portretizate personajele \u0219i nu sunt r\u0103spunz\u0103tori pentru eventuale interpret\u0103ri gre\u0219ite. Aceast\u0103 poveste este oferit\u0103 \u201eca atare\u201d, iar orice opinii exprimate apar\u021bin personajelor \u0219i nu reflect\u0103 punctele de vedere ale autorului sau ale editorului.<\/em><\/p>\n","protected":false},"excerpt":{"rendered":"<p>M-am \u00eentors brusc. Ploua tot mai tare, iar printre pic\u0103turi am z\u0103rit o femeie \u00een palton bej, \u021bin\u00e2nd \u00een m\u00e2n\u0103 un buchet de flori ude.<\/p>\n","protected":false},"author":1,"featured_media":47435,"comment_status":"closed","ping_status":"closed","sticky":false,"template":"","format":"standard","meta":[],"categories":[1],"tags":[],"_links":{"self":[{"href":"https:\/\/calatorinromania.com\/index.php?rest_route=\/wp\/v2\/posts\/47465"}],"collection":[{"href":"https:\/\/calatorinromania.com\/index.php?rest_route=\/wp\/v2\/posts"}],"about":[{"href":"https:\/\/calatorinromania.com\/index.php?rest_route=\/wp\/v2\/types\/post"}],"author":[{"embeddable":true,"href":"https:\/\/calatorinromania.com\/index.php?rest_route=\/wp\/v2\/users\/1"}],"replies":[{"embeddable":true,"href":"https:\/\/calatorinromania.com\/index.php?rest_route=%2Fwp%2Fv2%2Fcomments&post=47465"}],"version-history":[{"count":1,"href":"https:\/\/calatorinromania.com\/index.php?rest_route=\/wp\/v2\/posts\/47465\/revisions"}],"predecessor-version":[{"id":47466,"href":"https:\/\/calatorinromania.com\/index.php?rest_route=\/wp\/v2\/posts\/47465\/revisions\/47466"}],"wp:featuredmedia":[{"embeddable":true,"href":"https:\/\/calatorinromania.com\/index.php?rest_route=\/wp\/v2\/media\/47435"}],"wp:attachment":[{"href":"https:\/\/calatorinromania.com\/index.php?rest_route=%2Fwp%2Fv2%2Fmedia&parent=47465"}],"wp:term":[{"taxonomy":"category","embeddable":true,"href":"https:\/\/calatorinromania.com\/index.php?rest_route=%2Fwp%2Fv2%2Fcategories&post=47465"},{"taxonomy":"post_tag","embeddable":true,"href":"https:\/\/calatorinromania.com\/index.php?rest_route=%2Fwp%2Fv2%2Ftags&post=47465"}],"curies":[{"name":"wp","href":"https:\/\/api.w.org\/{rel}","templated":true}]}}