{"id":47461,"date":"2026-04-26T06:18:33","date_gmt":"2026-04-26T06:18:33","guid":{"rendered":"https:\/\/calatorinromania.com\/?p=47461"},"modified":"2026-04-26T06:18:34","modified_gmt":"2026-04-26T06:18:34","slug":"nu-i-am-spus-niciodata-fostului-meu-sot-sau-familiei-lui-bogate-2","status":"publish","type":"post","link":"https:\/\/calatorinromania.com\/?p=47461","title":{"rendered":"Nu i-am spus niciodat\u0103 fostului meu so\u021b sau familiei lui bogate"},"content":{"rendered":"\n<p>Radu \u00eenc\u0103 r\u00e2dea, dar r\u00e2sul lui nu mai era la fel de sigur.<\/p>\n\n\n\n<p><\/p>\n\n\n\n<p>A trecut un minut.<\/p>\n\n\n\n<p>Apoi dou\u0103.<\/p>\n\n\n\n<p><\/p>\n\n\n\n<p>Eu st\u0103team nemi\u0219cat\u0103, ud\u0103, dar lini\u0219tit\u0103. Pic\u0103turile de ap\u0103 continuau s\u0103 cad\u0103 pe covor, iar \u00een camer\u0103 \u00eencepea s\u0103 se simt\u0103 o tensiune ciudat\u0103.<\/p>\n\n\n\n<p><\/p>\n\n\n\n<p>Doina \u0219i-a mai turnat un pahar de vin.<\/p>\n\n\n\n<p>\u2014 Hai, Elena, termin\u0103 cu prostiile astea \u0219i pleac\u0103. Ne strici cina.<\/p>\n\n\n\n<p>Bianca \u00ee\u0219i verifica telefonul.<\/p>\n\n\n\n<p>\u2014 Dac\u0103 mai st\u0103 aici, jur c\u0103 plec eu. Atmosfera e deprimant\u0103.<\/p>\n\n\n\n<p>Exact atunci s-a auzit primul sunet.<\/p>\n\n\n\n<p><strong>Telefonul lui Radu.<\/strong><\/p>\n\n\n\n<p>A vibrat pe mas\u0103.<\/p>\n\n\n\n<p>El a aruncat o privire plictisit\u0103, dar c\u00e2nd a v\u0103zut numele apelantului, spr\u00e2ncenele i s-au \u00eencruntat.<\/p>\n\n\n\n<p>\u2014 Directorul general?<\/p>\n\n\n\n<p>A r\u0103spuns.<\/p>\n\n\n\n<p>\u2014 Da, domnule Ionescu\u2026 ce s-a \u00eent\u00e2mplat?<\/p>\n\n\n\n<p>Pauz\u0103.<\/p>\n\n\n\n<p>Fa\u021ba lui s-a schimbat complet.<\/p>\n\n\n\n<p>\u2014 Cum adic\u0103 suspendat? Ce audit?<\/p>\n\n\n\n<p>Vocea lui a devenit brusc rigid\u0103.<\/p>\n\n\n\n<p>\u2014 Sta\u021bi\u2026 nu \u00een\u021beleg.<\/p>\n\n\n\n<p>A \u00eenchis.<\/p>\n\n\n\n<p>\u00cen acela\u0219i moment, telefonul Doinei a \u00eenceput s\u0103 sune.<\/p>\n\n\n\n<p>Apoi al Bianc\u0103i.<\/p>\n\n\n\n<p>Apoi din nou al lui Radu.<\/p>\n\n\n\n<p>Sunete de apeluri \u0219i notific\u0103ri umpleau masa.<\/p>\n\n\n\n<p>\u2014 Ce se \u00eent\u00e2mpl\u0103? a spus Doina iritat\u0103.<\/p>\n\n\n\n<p>A r\u0103spuns.<\/p>\n\n\n\n<p>Dup\u0103 c\u00e2teva secunde, paharul din m\u00e2na ei s-a oprit \u00een aer.<\/p>\n\n\n\n<p>\u2014 Cum adic\u0103\u2026 conturile sunt blocate?<\/p>\n\n\n\n<p>Bianca p\u0103lea.<\/p>\n\n\n\n<p>\u2014 Nu se poate\u2026 cardul meu nu merge!<\/p>\n\n\n\n<p>Radu s-a ridicat \u00een picioare.<\/p>\n\n\n\n<p>\u2014 Ce naiba se \u00eent\u00e2mpl\u0103 aici?!<\/p>\n\n\n\n<p>Exact atunci, telefonul meu a vibrat.<\/p>\n\n\n\n<p>Un mesaj de la Adrian.<\/p>\n\n\n\n<p><strong>\u201eProtocolul 7 activat complet.\u201d<\/strong><\/p>\n\n\n\n<p>Am ridicat privirea spre ei.<\/p>\n\n\n\n<p>Calm.<\/p>\n\n\n\n<p>\u2014 Ce-ai f\u0103cut?! a strigat Radu.<\/p>\n\n\n\n<p>\u2014 Nimic special, am spus lini\u0219tit\u0103.<\/p>\n\n\n\n<p>Doina se uita la mine ca \u0219i cum m\u0103 vedea pentru prima dat\u0103.<\/p>\n\n\n\n<p>\u2014 Tu\u2026 tu ai leg\u0103tur\u0103 cu asta?<\/p>\n\n\n\n<p>Am inspirat ad\u00e2nc.<\/p>\n\n\n\n<p>\u2014 Compania \u00een care lucra\u021bi\u2026 \u201eMarinescu Invest\u201d.<\/p>\n\n\n\n<p>Radu a dat din cap.<\/p>\n\n\n\n<p>\u2014 Da, \u0219i?<\/p>\n\n\n\n<p>\u2014 Eu sunt proprietarul majoritar.<\/p>\n\n\n\n<p>\u00cen camer\u0103 s-a f\u0103cut o lini\u0219te total\u0103.<\/p>\n\n\n\n<p>Bianca a r\u00e2s nervos.<\/p>\n\n\n\n<p>\u2014 Asta e o glum\u0103.<\/p>\n\n\n\n<p>Am \u00eempins telefonul spre ei.<\/p>\n\n\n\n<p>Pe ecran era site-ul oficial al companiei.<\/p>\n\n\n\n<p>Sec\u021biunea&nbsp;<strong>Ac\u021bionariat<\/strong>.<\/p>\n\n\n\n<p>Primul nume.<\/p>\n\n\n\n<p><strong>Elena Popescu \u2013 72%<\/strong><\/p>\n\n\n\n<p>Radu s-a uitat de parc\u0103 p\u0103m\u00e2ntul disp\u0103ruse de sub el.<\/p>\n\n\n\n<p>\u2014 Nu\u2026 nu se poate\u2026<\/p>\n\n\n\n<p>\u2014 Ba se poate.<\/p>\n\n\n\n<p>Doina a \u00eenceput s\u0103 tremure.<\/p>\n\n\n\n<p>\u2014 Elena\u2026 draga mea\u2026 trebuie s\u0103 fie o ne\u00een\u021belegere.<\/p>\n\n\n\n<p>Am z\u00e2mbit u\u0219or.<\/p>\n\n\n\n<p>\u2014 Protocolul 7 \u00eenseamn\u0103 audit complet, blocarea bonusurilor, suspendarea func\u021biilor executive \u0219i investigarea tuturor contractelor semnate de familia Marinescu.<\/p>\n\n\n\n<p>Radu p\u0103rea c\u0103 nu mai poate respira.<\/p>\n\n\n\n<p>\u2014 Elena\u2026 te rog\u2026<\/p>\n\n\n\n<p>\u2014 \u0218tii care e partea ironic\u0103? am spus calm.<\/p>\n\n\n\n<p>M-am uitat la g\u0103leata de l\u00e2ng\u0103 mas\u0103.<\/p>\n\n\n\n<p>\u2014 Dac\u0103 nu-mi turnai apa aia \u00een cap\u2026 probabil c\u0103 niciodat\u0103 nu activam protocolul.<\/p>\n\n\n\n<p>Doina s-a apropiat de mine.<\/p>\n\n\n\n<p>\u2014 Te rog\u2026 copilul\u2026 suntem familie\u2026<\/p>\n\n\n\n<p>Am privit-o \u00een ochi.<\/p>\n\n\n\n<p>\u2014 Familia nu \u00ee\u0219i umile\u0219te membrii.<\/p>\n\n\n\n<p>Radu a c\u0103zut pe scaun.<\/p>\n\n\n\n<p>\u2014 Am pierdut tot\u2026<\/p>\n\n\n\n<p>\u2014 Nu, am spus lini\u0219tit\u0103.<\/p>\n\n\n\n<p>M-am ridicat \u00eencet.<\/p>\n\n\n\n<p>\u2014 A\u021bi pierdut doar privilegiile.<\/p>\n\n\n\n<p>Am luat geanta.<\/p>\n\n\n\n<p>\u2014 Locurile de munc\u0103 le ve\u021bi putea p\u0103stra\u2026 dac\u0103 trece\u021bi auditul.<\/p>\n\n\n\n<p>M-am oprit la u\u0219\u0103.<\/p>\n\n\n\n<p>\u2014 Dar de azi \u00eenainte, ve\u021bi lucra pentru mine.<\/p>\n\n\n\n<p>Am ie\u0219it \u00een noaptea r\u0103coroas\u0103.<\/p>\n\n\n\n<p>Aerul rece mi-a atins fa\u021ba ud\u0103.<\/p>\n\n\n\n<p>Am pus m\u00e2na pe burt\u0103.<\/p>\n\n\n\n<p>Copilul s-a mi\u0219cat u\u0219or.<\/p>\n\n\n\n<p>Pentru prima dat\u0103 \u00een multe luni\u2026 am z\u00e2mbit.<\/p>\n\n\n\n<p>Pentru c\u0103, uneori, cea mai mare r\u0103zbunare nu este s\u0103 distrugi pe cineva.<\/p>\n\n\n\n<p>Ci s\u0103 le ar\u0103\u021bi cine ai fost, de fapt,&nbsp;<strong>tot timpul<\/strong>.<\/p>\n\n\n\n<p><em>Aceast\u0103 lucrare este inspirat\u0103 din evenimente \u0219i persoane reale, \u00eens\u0103 a fost fic\u021bionalizat\u0103 \u00een scopuri creative. Numele, personajele \u0219i detaliile au fost schimbate pentru a proteja intimitatea \u0219i pentru a \u00eembun\u0103t\u0103\u021bi nara\u021biunea. Orice asem\u0103nare cu persoane reale, \u00een via\u021b\u0103 sau decedate, sau cu evenimente reale este pur \u00eent\u00e2mpl\u0103toare \u0219i nu este inten\u021bionat\u0103 de c\u0103tre autor.<\/em><\/p>\n\n\n\n<p><em>Autorul \u0219i editorul nu \u00ee\u0219i asum\u0103 responsabilitatea pentru exactitatea evenimentelor sau pentru modul \u00een care sunt portretizate personajele \u0219i nu sunt r\u0103spunz\u0103tori pentru eventuale interpret\u0103ri gre\u0219ite. Aceast\u0103 poveste este oferit\u0103 \u201eca atare\u201d, iar orice opinii exprimate apar\u021bin personajelor \u0219i nu reflect\u0103 punctele de vedere ale autorului sau ale editorului.<\/em><\/p>\n\n\n\n<p><a href=\"https:\/\/www.pinterest.com\/pin\/create\/button\/?url=https%3A%2F%2Fbumzi.ro%2F%3Fp%3D20948&amp;description=Nu+i-am+spus+niciodat%C4%83+fostului+meu+so%C8%9B+sau+familiei+lui+bogate\" target=\"_blank\" rel=\"noreferrer noopener\"><\/a><\/p>\n\n\n\n<p><a href=\"https:\/\/www.facebook.com\/sharer\/sharer.php?u=https%3A%2F%2Fbumzi.ro%2F%3Fp%3D20948\" target=\"_blank\" rel=\"noreferrer noopener\"><\/a><\/p>\n\n\n\n<p><a href=\"https:\/\/twitter.com\/intent\/tweet?url=https%3A%2F%2Fbumzi.ro%2F%3Fp%3D20948&amp;text=Nu+i-am+spus+niciodat%C4%83+fostului+meu+so%C8%9B+sau+familiei+lui+bogate\" target=\"_blank\" rel=\"noreferrer noopener\"><\/a><a href=\"https:\/\/bumzi.ro\/?p=20945\"><\/a><\/p>\n","protected":false},"excerpt":{"rendered":"<p>Radu \u00eenc\u0103 r\u00e2dea, dar r\u00e2sul lui nu mai era la fel de sigur. A trecut un minut. Apoi dou\u0103. Eu st\u0103team nemi\u0219cat\u0103, ud\u0103, dar lini\u0219tit\u0103.<\/p>\n","protected":false},"author":1,"featured_media":47435,"comment_status":"closed","ping_status":"closed","sticky":false,"template":"","format":"standard","meta":[],"categories":[1],"tags":[],"_links":{"self":[{"href":"https:\/\/calatorinromania.com\/index.php?rest_route=\/wp\/v2\/posts\/47461"}],"collection":[{"href":"https:\/\/calatorinromania.com\/index.php?rest_route=\/wp\/v2\/posts"}],"about":[{"href":"https:\/\/calatorinromania.com\/index.php?rest_route=\/wp\/v2\/types\/post"}],"author":[{"embeddable":true,"href":"https:\/\/calatorinromania.com\/index.php?rest_route=\/wp\/v2\/users\/1"}],"replies":[{"embeddable":true,"href":"https:\/\/calatorinromania.com\/index.php?rest_route=%2Fwp%2Fv2%2Fcomments&post=47461"}],"version-history":[{"count":1,"href":"https:\/\/calatorinromania.com\/index.php?rest_route=\/wp\/v2\/posts\/47461\/revisions"}],"predecessor-version":[{"id":47462,"href":"https:\/\/calatorinromania.com\/index.php?rest_route=\/wp\/v2\/posts\/47461\/revisions\/47462"}],"wp:featuredmedia":[{"embeddable":true,"href":"https:\/\/calatorinromania.com\/index.php?rest_route=\/wp\/v2\/media\/47435"}],"wp:attachment":[{"href":"https:\/\/calatorinromania.com\/index.php?rest_route=%2Fwp%2Fv2%2Fmedia&parent=47461"}],"wp:term":[{"taxonomy":"category","embeddable":true,"href":"https:\/\/calatorinromania.com\/index.php?rest_route=%2Fwp%2Fv2%2Fcategories&post=47461"},{"taxonomy":"post_tag","embeddable":true,"href":"https:\/\/calatorinromania.com\/index.php?rest_route=%2Fwp%2Fv2%2Ftags&post=47461"}],"curies":[{"name":"wp","href":"https:\/\/api.w.org\/{rel}","templated":true}]}}