{"id":47457,"date":"2026-04-26T06:06:47","date_gmt":"2026-04-26T06:06:47","guid":{"rendered":"https:\/\/calatorinromania.com\/?p=47457"},"modified":"2026-04-26T06:06:47","modified_gmt":"2026-04-26T06:06:47","slug":"sotul-meu-m-a-lasat-in-drum-la-48-de-kilometri-de-casa","status":"publish","type":"post","link":"https:\/\/calatorinromania.com\/?p=47457","title":{"rendered":"So\u021bul meu m-a l\u0103sat \u00een drum, la 48 de kilometri de cas\u0103"},"content":{"rendered":"\n<p>Portiera din spate s-a deschis \u00eencet, iar din ma\u0219in\u0103 a cobor\u00e2t un b\u0103rbat \u00eenalt, \u00eembr\u0103cat simplu, dar \u00eengrijit. Avea o privire serioas\u0103, de om obi\u0219nuit s\u0103 fie ascultat f\u0103r\u0103 s\u0103 ridice tonul.<\/p>\n\n\n\n<p><\/p>\n\n\n\n<p>\u201eMam\u0103, totul e preg\u0103tit\u201d, i-a spus el femeii.<\/p>\n\n\n\n<p><\/p>\n\n\n\n<p>Am \u00een\u021bepenit.<\/p>\n\n\n\n<p>Mam\u0103?<\/p>\n\n\n\n<p>Femeia de l\u00e2ng\u0103 mine s-a ridicat f\u0103r\u0103 grab\u0103 \u0219i m-a apucat u\u0219or de bra\u021b.<\/p>\n\n\n\n<p>\u201eHai, draga mea, urc\u0103. \u021ai-am zis c\u0103 nu te las aici.\u201d<\/p>\n\n\n\n<p>M-am l\u0103sat dus\u0103, \u00eenc\u0103 ame\u021bit\u0103 de tot ce se \u00eent\u00e2mpla. Nu \u00een\u021belegeam nimic, dar ceva \u00een vocea ei m\u0103 f\u0103cea s\u0103 am \u00eencredere.<\/p>\n\n\n\n<p>M-am urcat \u00een ma\u0219in\u0103, iar ea s-a a\u0219ezat l\u00e2ng\u0103 mine. B\u0103rbatul a pornit f\u0103r\u0103 s\u0103 mai spun\u0103 nimic.<\/p>\n\n\n\n<p>\u201eAscult\u0103-m\u0103 bine\u201d, mi-a \u0219optit femeia. \u201eAi spus c\u0103 locui\u021bi \u00een Pite\u0219ti, da?\u201d<\/p>\n\n\n\n<p>Am dat din cap.<\/p>\n\n\n\n<p>\u201ePerfect.\u201d<\/p>\n\n\n\n<p>A scos din geant\u0103 un telefon vechi, dar elegant, \u0219i a format un num\u0103r.<\/p>\n\n\n\n<p>Dup\u0103 c\u00e2teva secunde, a spus calm:<\/p>\n\n\n\n<p>\u201eBun\u0103 ziua. V\u0103 sun \u00een leg\u0103tur\u0103 cu so\u021bul dumneavoastr\u0103. Sunt avocata familiei \u0219i cred c\u0103 trebuie s\u0103 vorbim urgent.\u201d<\/p>\n\n\n\n<p>Am r\u0103mas cu gura c\u0103scat\u0103.<\/p>\n\n\n\n<p>\u201eCum adic\u0103\u2026?\u201d am \u00eenceput s\u0103 \u0219optesc.<\/p>\n\n\n\n<p>Mi-a f\u0103cut semn s\u0103 tac.<\/p>\n\n\n\n<p>\u201eDa, exact\u201d, continua ea la telefon. \u201eAm martori c\u0103 v-a abandonat so\u021bia pe marginea drumului, f\u0103r\u0103 bunuri personale. Situa\u021bia poate fi interpretat\u0103 ca neglijen\u021b\u0103 grav\u0103 \u0219i abuz.\u201d<\/p>\n\n\n\n<p>Pauz\u0103.<\/p>\n\n\n\n<p>\u201eSigur c\u0103 nu dori\u021bi s\u0103 ajungem acolo. Dar trebuie s\u0103 ne vedem. Ast\u0103zi.\u201d<\/p>\n\n\n\n<p>A \u00eenchis f\u0103r\u0103 s\u0103 mai a\u0219tepte r\u0103spuns.<\/p>\n\n\n\n<p>Inima \u00eemi b\u0103tea nebune\u0219te.<\/p>\n\n\n\n<p>\u201eNu sunt avocat\u0103\u201d, mi-a spus apoi, z\u00e2mbind u\u0219or. \u201eDar am fost profesoar\u0103 de drept. \u0218i oamenii ca so\u021bul t\u0103u \u00een\u021beleg doar c\u00e2nd aud cuvinte grele.\u201d<\/p>\n\n\n\n<p>Am izbucnit \u00een pl\u00e2ns, dar de data asta altfel. Nu de panic\u0103, ci de u\u0219urare.<\/p>\n\n\n\n<p>Dup\u0103 aproape o or\u0103, am ajuns \u00een fa\u021ba blocului nostru.<\/p>\n\n\n\n<p>\u0218i el era deja acolo.<\/p>\n\n\n\n<p>Se plimba agitat, cu telefonul \u00een m\u00e2n\u0103, palid la fa\u021b\u0103. C\u00e2nd a v\u0103zut Mercedesul, s-a oprit brusc.<\/p>\n\n\n\n<p>Am cobor\u00e2t \u00eencet.<\/p>\n\n\n\n<p>Privirea lui s-a schimbat imediat. Din furie, \u00een team\u0103.<\/p>\n\n\n\n<p>\u201eUnde ai fost?! Te caut de o or\u0103!\u201d a izbucnit.<\/p>\n\n\n\n<p>Femeia a cobor\u00e2t \u0219i ea, dreapt\u0103, impun\u0103toare.<\/p>\n\n\n\n<p>\u201eAici sunt\u201d, a spus simplu. \u201e\u0218i nu mai ridica tonul.\u201d<\/p>\n\n\n\n<p>El a \u00eenghi\u021bit \u00een sec.<\/p>\n\n\n\n<p>\u201eDoamn\u0103\u2026 eu\u2026\u201d<\/p>\n\n\n\n<p>\u201eAi l\u0103sat-o pe drum, f\u0103r\u0103 nimic. 48 de kilometri de cas\u0103. Ai idee ce \u00eenseamn\u0103 asta?\u201d<\/p>\n\n\n\n<p>Nu mai avea replic\u0103.<\/p>\n\n\n\n<p>Se uita c\u00e2nd la mine, c\u00e2nd la ea.<\/p>\n\n\n\n<p>\u201eEu\u2026 m-am enervat\u2026 nu am g\u00e2ndit\u2026\u201d<\/p>\n\n\n\n<p>\u201eExact\u201d, a spus ea. \u201eNu ai g\u00e2ndit. Dar acum ai ocazia s\u0103 repari.\u201d<\/p>\n\n\n\n<p>S-a \u00eentors spre mine.<\/p>\n\n\n\n<p>\u201eTu decizi. \u00cel la\u0219i s\u0103 te trateze a\u0219a sau pui piciorul \u00een prag?\u201d<\/p>\n\n\n\n<p>Am sim\u021bit cum ceva se rupe \u00een mine. Frica. Dependen\u021ba. T\u0103cerea de p\u00e2n\u0103 atunci.<\/p>\n\n\n\n<p>L-am privit direct.<\/p>\n\n\n\n<p>\u201eNu mai sunt femeia pe care ai l\u0103sat-o pe marginea drumului.\u201d<\/p>\n\n\n\n<p>Vocea \u00eemi tremura, dar nu m-am oprit.<\/p>\n\n\n\n<p>\u201eOri m\u0103 respec\u021bi, ori plec. De tot.\u201d<\/p>\n\n\n\n<p>A r\u0103mas f\u0103r\u0103 cuvinte.<\/p>\n\n\n\n<p>Pentru prima dat\u0103, p\u0103rea mic.<\/p>\n\n\n\n<p>\u201e\u00cemi pare r\u0103u\u2026\u201d, a spus \u00eencet. \u201eAm gre\u0219it.\u201d<\/p>\n\n\n\n<p>\u0218i, surprinz\u0103tor, chiar p\u0103rea sincer.<\/p>\n\n\n\n<p>Am inspirat ad\u00e2nc.<\/p>\n\n\n\n<p>Nu era despre r\u0103zbunare.<\/p>\n\n\n\n<p>Era despre demnitate.<\/p>\n\n\n\n<p>Femeia m-a atins u\u0219or pe um\u0103r.<\/p>\n\n\n\n<p>\u201eAcum ai controlul\u201d, mi-a \u0219optit.<\/p>\n\n\n\n<p>Am dat din cap.<\/p>\n\n\n\n<p>\u0218i pentru prima dat\u0103 dup\u0103 mult timp, chiar am sim\u021bit asta.<\/p>\n\n\n\n<p><em>Aceast\u0103 lucrare este inspirat\u0103 din evenimente \u0219i persoane reale, \u00eens\u0103 a fost fic\u021bionalizat\u0103 \u00een scopuri creative. Numele, personajele \u0219i detaliile au fost schimbate pentru a proteja intimitatea \u0219i pentru a \u00eembun\u0103t\u0103\u021bi nara\u021biunea. Orice asem\u0103nare cu persoane reale, \u00een via\u021b\u0103 sau decedate, sau cu evenimente reale este pur \u00eent\u00e2mpl\u0103toare \u0219i nu este inten\u021bionat\u0103 de c\u0103tre autor.<\/em><\/p>\n\n\n\n<p><em>Autorul \u0219i editorul nu \u00ee\u0219i asum\u0103 responsabilitatea pentru exactitatea evenimentelor sau pentru modul \u00een care sunt portretizate personajele \u0219i nu sunt r\u0103spunz\u0103tori pentru eventuale interpret\u0103ri gre\u0219ite. Aceast\u0103 poveste este oferit\u0103 \u201eca atare\u201d, iar orice opinii exprimate apar\u021bin personajelor \u0219i nu reflect\u0103 punctele de vedere ale autorului sau ale editorului.<\/em><\/p>\n","protected":false},"excerpt":{"rendered":"<p>Portiera din spate s-a deschis \u00eencet, iar din ma\u0219in\u0103 a cobor\u00e2t un b\u0103rbat \u00eenalt, \u00eembr\u0103cat simplu, dar \u00eengrijit. Avea o privire serioas\u0103, de om obi\u0219nuit<\/p>\n","protected":false},"author":1,"featured_media":47435,"comment_status":"closed","ping_status":"closed","sticky":false,"template":"","format":"standard","meta":[],"categories":[1],"tags":[],"_links":{"self":[{"href":"https:\/\/calatorinromania.com\/index.php?rest_route=\/wp\/v2\/posts\/47457"}],"collection":[{"href":"https:\/\/calatorinromania.com\/index.php?rest_route=\/wp\/v2\/posts"}],"about":[{"href":"https:\/\/calatorinromania.com\/index.php?rest_route=\/wp\/v2\/types\/post"}],"author":[{"embeddable":true,"href":"https:\/\/calatorinromania.com\/index.php?rest_route=\/wp\/v2\/users\/1"}],"replies":[{"embeddable":true,"href":"https:\/\/calatorinromania.com\/index.php?rest_route=%2Fwp%2Fv2%2Fcomments&post=47457"}],"version-history":[{"count":1,"href":"https:\/\/calatorinromania.com\/index.php?rest_route=\/wp\/v2\/posts\/47457\/revisions"}],"predecessor-version":[{"id":47458,"href":"https:\/\/calatorinromania.com\/index.php?rest_route=\/wp\/v2\/posts\/47457\/revisions\/47458"}],"wp:featuredmedia":[{"embeddable":true,"href":"https:\/\/calatorinromania.com\/index.php?rest_route=\/wp\/v2\/media\/47435"}],"wp:attachment":[{"href":"https:\/\/calatorinromania.com\/index.php?rest_route=%2Fwp%2Fv2%2Fmedia&parent=47457"}],"wp:term":[{"taxonomy":"category","embeddable":true,"href":"https:\/\/calatorinromania.com\/index.php?rest_route=%2Fwp%2Fv2%2Fcategories&post=47457"},{"taxonomy":"post_tag","embeddable":true,"href":"https:\/\/calatorinromania.com\/index.php?rest_route=%2Fwp%2Fv2%2Ftags&post=47457"}],"curies":[{"name":"wp","href":"https:\/\/api.w.org\/{rel}","templated":true}]}}