{"id":47455,"date":"2026-04-26T06:03:30","date_gmt":"2026-04-26T06:03:30","guid":{"rendered":"https:\/\/calatorinromania.com\/?p=47455"},"modified":"2026-04-26T06:03:31","modified_gmt":"2026-04-26T06:03:31","slug":"mama-ne-a-abandonat-pe-mine-si-pe-tata","status":"publish","type":"post","link":"https:\/\/calatorinromania.com\/?p=47455","title":{"rendered":"Mama ne-a abandonat pe mine \u0219i pe tata"},"content":{"rendered":"\n<p>\u201eNu conteaz\u0103 ce scrie acolo.\u201d<\/p>\n\n\n\n<p><\/p>\n\n\n\n<p>Vocea mi-a tremurat pu\u021bin, dar nu m-am oprit.<\/p>\n\n\n\n<p><\/p>\n\n\n\n<p>\u201ePentru mine, tata e omul care m-a crescut. Care m-a \u021binut \u00een bra\u021be c\u00e2nd aveam febr\u0103. Care m-a dus la \u0219coal\u0103, care a muncit p\u00e2n\u0103 i-au cr\u0103pat m\u00e2inile ca s\u0103 nu-mi lipseasc\u0103 nimic.\u201d<\/p>\n\n\n\n<p><\/p>\n\n\n\n<p>Am str\u00e2ns h\u00e2rtia \u00een pumn.<\/p>\n\n\n\n<p><\/p>\n\n\n\n<p>\u201eNu ai dreptul s\u0103 vii acum, dup\u0103 22 de ani, \u0219i s\u0103-mi spui cine sunt.\u201d<\/p>\n\n\n\n<p><\/p>\n\n\n\n<p>Mama\u2026 sau femeia din fa\u021ba mea\u2026 a clipit de c\u00e2teva ori. Z\u00e2mbetul i s-a stins \u00eencet.<\/p>\n\n\n\n<p><\/p>\n\n\n\n<p>\u201eDarius, eu\u2014\u201d<\/p>\n\n\n\n<p>\u201eNu,\u201d am spus ferm. \u201eTu ai plecat. Ai ales s\u0103 nu fii mam\u0103. Asta nu se schimb\u0103 cu o h\u00e2rtie.\u201d<\/p>\n\n\n\n<p>Tata st\u0103tea nemi\u0219cat l\u00e2ng\u0103 mine. \u00cei tremurau m\u00e2inile, dar nu spunea nimic.<\/p>\n\n\n\n<p>Am f\u0103cut un pas spre el.<\/p>\n\n\n\n<p>\u201ePentru mine, tu e\u0219ti tata. \u0218i asta nu o poate schimba nimeni.\u201d<\/p>\n\n\n\n<p>Atunci l-am v\u0103zut. Prima lacrim\u0103 i-a curs pe obraz.<\/p>\n\n\n\n<p>Omul \u0103sta, care nu pl\u00e2nsese nici c\u00e2nd \u0219i-a pierdut locul de munc\u0103, nici c\u00e2nd nu aveam bani de facturi\u2026 acum pl\u00e2ngea.<\/p>\n\n\n\n<p>Am sim\u021bit cum mi se rupe ceva \u00een piept.<\/p>\n\n\n\n<p>Femeia a \u00eencercat din nou.<\/p>\n\n\n\n<p>\u201eDarius, am gre\u0219it\u2026 eram t\u00e2n\u0103r\u0103\u2026 nu \u0219tiam ce fac\u2014\u201d<\/p>\n\n\n\n<p>\u201e\u0218i acum \u0219tii?\u201d am \u00eentrebat.<\/p>\n\n\n\n<p>A t\u0103cut.<\/p>\n\n\n\n<p>V\u00e2ntul adia u\u0219or printre frunzele din curte. Parc\u0103 \u0219i timpul se oprise.<\/p>\n\n\n\n<p>Am desf\u0103cut documentul \u0219i l-am privit din nou. Era o declara\u021bie. Vroia s\u0103 renun\u021b la numele tat\u0103lui meu \u0219i s\u0103 iau numele ei. S\u0103 \u00eencep o \u201evia\u021b\u0103 nou\u0103\u201d.<\/p>\n\n\n\n<p>Am r\u00e2s scurt. Amar.<\/p>\n\n\n\n<p>\u201eVia\u021b\u0103 nou\u0103?\u201d am spus. \u201eEu am deja o via\u021b\u0103.\u201d<\/p>\n\n\n\n<p>Am rupt h\u00e2rtia \u00een dou\u0103.<\/p>\n\n\n\n<p>Apoi \u00eenc\u0103 o dat\u0103.<\/p>\n\n\n\n<p>\u0218i \u00eenc\u0103 o dat\u0103.<\/p>\n\n\n\n<p>Buc\u0103\u021bile au c\u0103zut pe jos, una c\u00e2te una.<\/p>\n\n\n\n<p>Femeia s-a uitat la ele de parc\u0103 ar fi fost ceva de ne\u00een\u021beles.<\/p>\n\n\n\n<p>\u201eAsta e r\u0103spunsul meu,\u201d i-am spus.<\/p>\n\n\n\n<p>S-a uitat la mine, apoi la tata. Pentru o clip\u0103, am crezut c\u0103 o s\u0103 mai spun\u0103 ceva.<\/p>\n\n\n\n<p>Dar n-a spus nimic.<\/p>\n\n\n\n<p>Doar a dat din cap \u00eencet, s-a \u00eentors \u0219i a plecat.<\/p>\n\n\n\n<p>F\u0103r\u0103 dram\u0103. F\u0103r\u0103 \u021bipete.<\/p>\n\n\n\n<p>Doar\u2026 a plecat. Din nou.<\/p>\n\n\n\n<p>Am r\u0103mas acolo, pe prisp\u0103, cu tata.<\/p>\n\n\n\n<p>Am\u00e2ndoi \u00een t\u0103cere.<\/p>\n\n\n\n<p>Dup\u0103 c\u00e2teva secunde, m-am apropiat \u0219i l-am \u00eembr\u0103\u021bi\u0219at.<\/p>\n\n\n\n<p>Str\u00e2ns.<\/p>\n\n\n\n<p>\u201eMul\u021bumesc,\u201d i-am \u0219optit.<\/p>\n\n\n\n<p>El m-a b\u0103tut u\u0219or pe spate.<\/p>\n\n\n\n<p>\u201ePentru ce, m\u0103i b\u0103iete?\u201d<\/p>\n\n\n\n<p>\u201ePentru tot.\u201d<\/p>\n\n\n\n<p>A oftat ad\u00e2nc.<\/p>\n\n\n\n<p>\u201eN-am f\u0103cut nimic special.\u201d<\/p>\n\n\n\n<p>Am z\u00e2mbit.<\/p>\n\n\n\n<p>\u201eBa da. Ai f\u0103cut exact ce trebuia.\u201d<\/p>\n\n\n\n<p>\u00cen seara aia, am stat am\u00e2ndoi \u00een curte, pe dou\u0103 scaune vechi, cu o can\u0103 de ceai \u00een m\u00e2n\u0103.<\/p>\n\n\n\n<p>N-am mai vorbit despre ea.<\/p>\n\n\n\n<p>Nici nu era nevoie.<\/p>\n\n\n\n<p>Pentru prima dat\u0103, am sim\u021bit ceva clar, f\u0103r\u0103 \u00eendoial\u0103.<\/p>\n\n\n\n<p>Nu s\u00e2ngele te face familie.<\/p>\n\n\n\n<p>Ci oamenii care r\u0103m\u00e2n.<\/p>\n\n\n\n<p><em>Aceast\u0103 lucrare este inspirat\u0103 din evenimente \u0219i persoane reale, \u00eens\u0103 a fost fic\u021bionalizat\u0103 \u00een scopuri creative. Numele, personajele \u0219i detaliile au fost schimbate pentru a proteja intimitatea \u0219i pentru a \u00eembun\u0103t\u0103\u021bi nara\u021biunea. Orice asem\u0103nare cu persoane reale, \u00een via\u021b\u0103 sau decedate, sau cu evenimente reale este pur \u00eent\u00e2mpl\u0103toare \u0219i nu este inten\u021bionat\u0103 de c\u0103tre autor.<\/em><\/p>\n\n\n\n<p><em>Autorul \u0219i editorul nu \u00ee\u0219i asum\u0103 responsabilitatea pentru exactitatea evenimentelor sau pentru modul \u00een care sunt portretizate personajele \u0219i nu sunt r\u0103spunz\u0103tori pentru eventuale interpret\u0103ri gre\u0219ite. Aceast\u0103 poveste este oferit\u0103 \u201eca atare\u201d, iar orice opinii exprimate apar\u021bin personajelor \u0219i nu reflect\u0103 punctele de vedere ale autorului sau ale editorului.<\/em><\/p>\n","protected":false},"excerpt":{"rendered":"<p>\u201eNu conteaz\u0103 ce scrie acolo.\u201d Vocea mi-a tremurat pu\u021bin, dar nu m-am oprit. \u201ePentru mine, tata e omul care m-a crescut. Care m-a \u021binut \u00een<\/p>\n","protected":false},"author":1,"featured_media":47435,"comment_status":"closed","ping_status":"closed","sticky":false,"template":"","format":"standard","meta":[],"categories":[1],"tags":[],"_links":{"self":[{"href":"https:\/\/calatorinromania.com\/index.php?rest_route=\/wp\/v2\/posts\/47455"}],"collection":[{"href":"https:\/\/calatorinromania.com\/index.php?rest_route=\/wp\/v2\/posts"}],"about":[{"href":"https:\/\/calatorinromania.com\/index.php?rest_route=\/wp\/v2\/types\/post"}],"author":[{"embeddable":true,"href":"https:\/\/calatorinromania.com\/index.php?rest_route=\/wp\/v2\/users\/1"}],"replies":[{"embeddable":true,"href":"https:\/\/calatorinromania.com\/index.php?rest_route=%2Fwp%2Fv2%2Fcomments&post=47455"}],"version-history":[{"count":1,"href":"https:\/\/calatorinromania.com\/index.php?rest_route=\/wp\/v2\/posts\/47455\/revisions"}],"predecessor-version":[{"id":47456,"href":"https:\/\/calatorinromania.com\/index.php?rest_route=\/wp\/v2\/posts\/47455\/revisions\/47456"}],"wp:featuredmedia":[{"embeddable":true,"href":"https:\/\/calatorinromania.com\/index.php?rest_route=\/wp\/v2\/media\/47435"}],"wp:attachment":[{"href":"https:\/\/calatorinromania.com\/index.php?rest_route=%2Fwp%2Fv2%2Fmedia&parent=47455"}],"wp:term":[{"taxonomy":"category","embeddable":true,"href":"https:\/\/calatorinromania.com\/index.php?rest_route=%2Fwp%2Fv2%2Fcategories&post=47455"},{"taxonomy":"post_tag","embeddable":true,"href":"https:\/\/calatorinromania.com\/index.php?rest_route=%2Fwp%2Fv2%2Ftags&post=47455"}],"curies":[{"name":"wp","href":"https:\/\/api.w.org\/{rel}","templated":true}]}}