{"id":46734,"date":"2026-03-17T08:56:05","date_gmt":"2026-03-17T08:56:05","guid":{"rendered":"https:\/\/calatorinromania.com\/?p=46734"},"modified":"2026-03-17T08:56:05","modified_gmt":"2026-03-17T08:56:05","slug":"nicio-asistenta-nu-l-mai-suporta-pe-milionar-pana-cand-o-femeie-simpla-a-facut-un-miracol","status":"publish","type":"post","link":"https:\/\/calatorinromania.com\/?p=46734","title":{"rendered":"\u201dNicio asistent\u0103 nu-l mai suporta pe milionar, p\u00e2n\u0103 c\u00e2nd o femeie simpl\u0103 a f\u0103cut un miracol\u201d"},"content":{"rendered":"\n<p>\u2014 E\u0219ti a zecea luna asta, a spus femeia, pe un ton sec. Sper s\u0103 nu pierdem vremea.<\/p>\n\n\n\n<p><\/p>\n\n\n\n<p>Ana a dat din cap. Nu s-a ap\u0103rat. Nu a z\u00e2mbit for\u021bat. A intrat.<\/p>\n\n\n\n<p><\/p>\n\n\n\n<p>Interiorul vilei era rece, de\u0219i era cald afar\u0103. Pa\u0219ii r\u0103sunau pe podeaua lucioas\u0103. Ana sim\u021bea cum fiecare respira\u021bie \u00eei era m\u0103surat\u0103. Femeia s-a prezentat scurt: doamna Elena, administratoarea casei. I-a explicat regulile f\u0103r\u0103 ocol: domnul Mihai nu suporta zgomotul, nu suporta \u00eentreb\u0103rile, nu suporta mila. \u0218i, mai ales, nu suporta s\u0103 fie contrazis.<\/p>\n\n\n\n<p><\/p>\n\n\n\n<p>Ana asculta \u0219i \u00ee\u0219i amintea de tat\u0103l ei, de nop\u021bile \u00een care \u00eel auzea gem\u00e2nd de durere, nervos, neputincios. \u0218tia tipul \u0103sta de suferin\u021b\u0103. \u0218tia c\u0103 nu boala e cea mai grea, ci frica.<\/p>\n\n\n\n<p><\/p>\n\n\n\n<p>C\u00e2nd a intrat \u00een dormitorul lui Mihai Ionescu, aerul p\u0103rea mai greu. El st\u0103tea \u00een pat, palid, cu ochii fixa\u021bi pe tavan. Nici nu s-a uitat la ea.<\/p>\n\n\n\n<p><\/p>\n\n\n\n<p>\u2014 Alt\u0103 proast\u0103, a morm\u0103it. C\u00e2t rezi\u0219ti? O zi? Dou\u0103?<\/p>\n\n\n\n<p><\/p>\n\n\n\n<p>Ana \u0219i-a l\u0103sat geanta jos \u00eencet.<\/p>\n\n\n\n<p><\/p>\n\n\n\n<p>\u2014 C\u00e2t o fi nevoie, a spus simplu.<\/p>\n\n\n\n<p><\/p>\n\n\n\n<p>El a \u00eentors capul brusc. Nu era obi\u0219nuit s\u0103 i se r\u0103spund\u0103 a\u0219a. A r\u00e2s scurt, amar.<\/p>\n\n\n\n<p><\/p>\n\n\n\n<p>Zilele au trecut greu. Mihai era dur, jignitor, obositor. O testa constant. O trimitea afar\u0103 din camer\u0103, apoi o chema \u00eenapoi dup\u0103 cinci minute. \u00cei vorbea ur\u00e2t. Ana nu r\u0103spundea. \u00cei f\u0103cea tratamentul, \u00eei schimba pansamentele, \u00eei aducea m\u00e2ncarea. \u0218i, din c\u00e2nd \u00een c\u00e2nd, \u00eei spunea pove\u0219ti.<\/p>\n\n\n\n<p><\/p>\n\n\n\n<p>Nu pove\u0219ti mari. Lucruri simple: cum miroase p\u00e2inea cald\u0103 diminea\u021ba, cum se aude ploaia pe tabl\u0103, cum mama ei f\u0103cea ciorb\u0103 c\u00e2nd n-aveau bani de carne. La \u00eenceput, Mihai o ignora. Apoi a \u00eenceput s\u0103 asculte f\u0103r\u0103 s\u0103-\u0219i dea seama.<\/p>\n\n\n\n<p><\/p>\n\n\n\n<p>\u00centr-o sear\u0103, a avut o criz\u0103 puternic\u0103. Durerea l-a dobor\u00e2t. A urlat. A aruncat cu o can\u0103. Ana nu a fugit. I-a \u021binut m\u00e2na. I-a \u0219ters fruntea. A stat.<\/p>\n\n\n\n<p><\/p>\n\n\n\n<p>Atunci s-a rupt ceva \u00een el.<\/p>\n\n\n\n<p><\/p>\n\n\n\n<p>A pl\u00e2ns. Pentru prima dat\u0103 dup\u0103 ani.<\/p>\n\n\n\n<p><\/p>\n\n\n\n<p>Din ziua aceea, s-a schimbat. Nu boala \u2014 oamenii \u2014 ci el. A \u00eenceput s\u0103 m\u0103n\u00e2nce mai bine. S\u0103 doarm\u0103. S\u0103 \u00eentrebe de Ana. Medicii au observat diferen\u021ba. Analizele s-au \u00eembun\u0103t\u0103\u021bit. Nimeni nu \u00een\u021belegea.<\/p>\n\n\n\n<p>Dup\u0103 \u0219ase luni, Mihai a ie\u0219it singur \u00een gr\u0103din\u0103.<\/p>\n\n\n\n<p>I-a chemat pe to\u021bi \u00eentr-o diminea\u021b\u0103 \u0219i a anun\u021bat calm c\u0103 Ana r\u0103m\u00e2ne. C\u0103 datoriile ei sunt pl\u0103tite. C\u0103 mama ei nu va pierde casa. C\u0103 salariul ei va fi dublu.<\/p>\n\n\n\n<p>Ana a mul\u021bumit, dar a spus ceva ce nimeni nu se a\u0219tepta s\u0103 aud\u0103:<\/p>\n\n\n\n<p>\u2014 Eu n-am f\u0103cut minuni. Am stat. At\u00e2t.<\/p>\n\n\n\n<p>Mihai a z\u00e2mbit. \u0218i pentru prima dat\u0103, vila aceea nu a mai p\u0103rut o \u00eenchisoare. A p\u0103rut o cas\u0103.<\/p>\n\n\n\n<p><em>Aceast\u0103 lucrare este inspirat\u0103 din evenimente \u0219i persoane reale, \u00eens\u0103 a fost fic\u021bionalizat\u0103 \u00een scopuri creative. Numele, personajele \u0219i detaliile au fost schimbate pentru a proteja intimitatea \u0219i pentru a \u00eembun\u0103t\u0103\u021bi nara\u021biunea. Orice asem\u0103nare cu persoane reale, \u00een via\u021b\u0103 sau decedate, sau cu evenimente reale este pur \u00eent\u00e2mpl\u0103toare \u0219i nu este inten\u021bionat\u0103 de c\u0103tre autor.<\/em><\/p>\n\n\n\n<p><em>Autorul \u0219i editorul nu \u00ee\u0219i asum\u0103 responsabilitatea pentru exactitatea evenimentelor sau pentru modul \u00een care sunt portretizate personajele \u0219i nu sunt r\u0103spunz\u0103tori pentru eventuale interpret\u0103ri gre\u0219ite. Aceast\u0103 poveste este oferit\u0103 \u201eca atare\u201d, iar orice opinii exprimate apar\u021bin personajelor \u0219i nu reflect\u0103 punctele de vedere ale autorului sau ale editorului.<\/em><\/p>\n","protected":false},"excerpt":{"rendered":"<p>\u2014 E\u0219ti a zecea luna asta, a spus femeia, pe un ton sec. Sper s\u0103 nu pierdem vremea. Ana a dat din cap. Nu s-a<\/p>\n","protected":false},"author":1,"featured_media":46552,"comment_status":"closed","ping_status":"closed","sticky":false,"template":"","format":"standard","meta":[],"categories":[1],"tags":[],"_links":{"self":[{"href":"https:\/\/calatorinromania.com\/index.php?rest_route=\/wp\/v2\/posts\/46734"}],"collection":[{"href":"https:\/\/calatorinromania.com\/index.php?rest_route=\/wp\/v2\/posts"}],"about":[{"href":"https:\/\/calatorinromania.com\/index.php?rest_route=\/wp\/v2\/types\/post"}],"author":[{"embeddable":true,"href":"https:\/\/calatorinromania.com\/index.php?rest_route=\/wp\/v2\/users\/1"}],"replies":[{"embeddable":true,"href":"https:\/\/calatorinromania.com\/index.php?rest_route=%2Fwp%2Fv2%2Fcomments&post=46734"}],"version-history":[{"count":1,"href":"https:\/\/calatorinromania.com\/index.php?rest_route=\/wp\/v2\/posts\/46734\/revisions"}],"predecessor-version":[{"id":46735,"href":"https:\/\/calatorinromania.com\/index.php?rest_route=\/wp\/v2\/posts\/46734\/revisions\/46735"}],"wp:featuredmedia":[{"embeddable":true,"href":"https:\/\/calatorinromania.com\/index.php?rest_route=\/wp\/v2\/media\/46552"}],"wp:attachment":[{"href":"https:\/\/calatorinromania.com\/index.php?rest_route=%2Fwp%2Fv2%2Fmedia&parent=46734"}],"wp:term":[{"taxonomy":"category","embeddable":true,"href":"https:\/\/calatorinromania.com\/index.php?rest_route=%2Fwp%2Fv2%2Fcategories&post=46734"},{"taxonomy":"post_tag","embeddable":true,"href":"https:\/\/calatorinromania.com\/index.php?rest_route=%2Fwp%2Fv2%2Ftags&post=46734"}],"curies":[{"name":"wp","href":"https:\/\/api.w.org\/{rel}","templated":true}]}}