{"id":46732,"date":"2026-03-17T08:51:44","date_gmt":"2026-03-17T08:51:44","guid":{"rendered":"https:\/\/calatorinromania.com\/?p=46732"},"modified":"2026-03-17T08:51:45","modified_gmt":"2026-03-17T08:51:45","slug":"au-chemat-politia-pentru-ca-au-prins-o-fetita-cu-o-cutie-mica-de-lapte-si-un-covrig-ascuns-in-buzunar","status":"publish","type":"post","link":"https:\/\/calatorinromania.com\/?p=46732","title":{"rendered":"Au chemat poli\u021bia pentru c\u0103 au prins o feti\u021b\u0103 cu o cutie mic\u0103 de lapte \u0219i un covrig ascuns \u00een buzunar."},"content":{"rendered":"\n<p><\/p>\n\n\n\n<p>\u2014 Suna\u021bi la poli\u021bie! Dac\u0103 e mic\u0103 nu \u00eenseamn\u0103 c\u0103 poate fura! spunea un b\u0103rbat nervos.<\/p>\n\n\n\n<p><\/p>\n\n\n\n<p>\u2014 A\u0219a \u00eencepe\u2026 azi fur\u0103 m\u00e2ncare, m\u00e2ine cine \u0219tie ce\u2026 murmura o femeie de l\u00e2ng\u0103 rafturi.<\/p>\n\n\n\n<p><\/p>\n\n\n\n<p>Feti\u021ba st\u0103tea nemi\u0219cat\u0103 l\u00e2ng\u0103 cas\u0103.<\/p>\n\n\n\n<p><\/p>\n\n\n\n<p>Avea poate 8 sau 9 ani.<\/p>\n\n\n\n<p><\/p>\n\n\n\n<p>Geaca \u00eei era prea mare pentru ea, probabil primit\u0103 de la cineva mai mare. M\u00e2necile \u00eei acopereau palmele, iar ghetele erau tocite \u00een v\u00e2rf.<\/p>\n\n\n\n<p><\/p>\n\n\n\n<p>\u021ainea covrigul str\u00e2ns, ca \u0219i cum cineva i l-ar putea lua.<\/p>\n\n\n\n<p><\/p>\n\n\n\n<p>Nu pl\u00e2ngea tare.<\/p>\n\n\n\n<p><\/p>\n\n\n\n<p>Doar \u00ee\u0219i mu\u0219ca buza \u0219i \u00ee\u0219i \u0219tergea ochii cu m\u00e2neca.<\/p>\n\n\n\n<p><\/p>\n\n\n\n<p>C\u00e2nd poli\u021bistul a intrat \u00een magazin, oamenii s-au dat la o parte.<\/p>\n\n\n\n<p><\/p>\n\n\n\n<p>\u2014 Ea e! a spus casieri\u021ba. A \u00eencercat s\u0103 plece f\u0103r\u0103 s\u0103 pl\u0103teasc\u0103.<\/p>\n\n\n\n<p><\/p>\n\n\n\n<p>Poli\u021bistul s-a apropiat \u00eencet.<\/p>\n\n\n\n<p><\/p>\n\n\n\n<p>S-a aplecat pu\u021bin ca s\u0103 fie la nivelul ei.<\/p>\n\n\n\n<p><\/p>\n\n\n\n<p>\u2014 Cum te cheam\u0103?<\/p>\n\n\n\n<p><\/p>\n\n\n\n<p>Feti\u021ba a r\u0103spuns aproape \u0219optit.<\/p>\n\n\n\n<p><\/p>\n\n\n\n<p>\u2014 Maria\u2026<\/p>\n\n\n\n<p><\/p>\n\n\n\n<p>\u2014 \u0218i de ce ai luat laptele f\u0103r\u0103 s\u0103 \u00eel pl\u0103te\u0219ti, Maria?<\/p>\n\n\n\n<p><\/p>\n\n\n\n<p>Feti\u021ba a t\u0103cut c\u00e2teva secunde.<\/p>\n\n\n\n<p><\/p>\n\n\n\n<p>Apoi vocea i s-a rupt.<\/p>\n\n\n\n<p><\/p>\n\n\n\n<p>\u2014 Pentru fr\u0103\u021biorul meu\u2026 e mic\u2026 pl\u00e2nge\u2026 mama e la lucru \u0219i vine t\u00e2rziu\u2026 \u0219i nu mai aveam nimic acas\u0103\u2026<\/p>\n\n\n\n<p><\/p>\n\n\n\n<p>\u00cen jur s-a f\u0103cut lini\u0219te.<\/p>\n\n\n\n<p>Lini\u0219tea aceea \u00een care nimeni nu mai \u0219tie unde s\u0103 se uite.<\/p>\n\n\n\n<p>Un b\u0103rbat \u0219i-a cobor\u00e2t privirea.<\/p>\n\n\n\n<p>O femeie a \u00eenceput s\u0103-\u0219i fr\u0103m\u00e2nte m\u00e2inile.<\/p>\n\n\n\n<p>Poli\u021bistul a r\u0103mas c\u00e2teva clipe f\u0103r\u0103 s\u0103 spun\u0103 nimic.<\/p>\n\n\n\n<p>Apoi a \u00eentrebat simplu:<\/p>\n\n\n\n<p>\u2014 C\u00e2t cost\u0103 laptele \u0219i covrigul?<\/p>\n\n\n\n<p>\u2014 9 lei, a r\u0103spuns casieri\u021ba.<\/p>\n\n\n\n<p>Poli\u021bistul a scos portofelul \u0219i a pl\u0103tit.<\/p>\n\n\n\n<p>Apoi s-a \u00eentors spre Maria.<\/p>\n\n\n\n<p>\u2014 Doar at\u00e2t aveai nevoie?<\/p>\n\n\n\n<p>Feti\u021ba a dat din umeri.<\/p>\n\n\n\n<p>\u2014 \u00cemp\u0103r\u021bim\u2026 a spus \u00eencet.<\/p>\n\n\n\n<p>Poli\u021bistul s-a uitat o clip\u0103 la rafturile din jur.<\/p>\n\n\n\n<p>A luat un co\u0219.<\/p>\n\n\n\n<p>\u2014 Hai s\u0103 vedem ce mai m\u0103n\u00e2nc\u0103 fr\u0103\u021biorul t\u0103u.<\/p>\n\n\n\n<p>Feti\u021ba l-a privit ne\u00eencrez\u0103toare.<\/p>\n\n\n\n<p>\u2014 Biscui\u021bi \u00eei plac?<\/p>\n\n\n\n<p>\u2014 Da\u2026 mult\u2026<\/p>\n\n\n\n<p>\u2014 Punem biscui\u021bi.<\/p>\n\n\n\n<p>\u2014 Lapte mai lu\u0103m?<\/p>\n\n\n\n<p>\u2014 Da\u2026<\/p>\n\n\n\n<p>\u2014 Lu\u0103m dou\u0103.<\/p>\n\n\n\n<p>Au trecut printre rafturi.<\/p>\n\n\n\n<p>Au pus ou\u0103. Orez. Paste. Mere. P\u00e2ine. Iaurt.<\/p>\n\n\n\n<p>Lucruri simple.<\/p>\n\n\n\n<p>Lucruri care pentru unii par banale, dar pentru al\u021bii \u00eenseamn\u0103 o s\u0103pt\u0103m\u00e2n\u0103 f\u0103r\u0103 griji.<\/p>\n\n\n\n<p>Oamenii din magazin priveau \u00een t\u0103cere.<\/p>\n\n\n\n<p>Apoi o femeie s-a apropiat \u0219i a pus o cutie de cereale \u00een co\u0219.<\/p>\n\n\n\n<p>Un b\u0103rbat a ad\u0103ugat ciocolat\u0103.<\/p>\n\n\n\n<p>Cineva a pus scutece pentru copii.<\/p>\n\n\n\n<p>C\u00e2nd au ajuns la cas\u0103, co\u0219ul era plin.<\/p>\n\n\n\n<p>Poli\u021bistul a pl\u0103tit tot f\u0103r\u0103 s\u0103 spun\u0103 nimic.<\/p>\n\n\n\n<p>Apoi s-a aplecat din nou la nivelul Mariei.<\/p>\n\n\n\n<p>\u2014 S\u0103 nu-\u021bi fie ru\u0219ine c\u0103 ai nevoie de ajutor, i-a spus bl\u00e2nd. Dar s\u0103 promi\u021bi c\u0103 data viitoare ceri, nu iei f\u0103r\u0103 s\u0103 spui.<\/p>\n\n\n\n<p>Feti\u021ba pl\u00e2ngea.<\/p>\n\n\n\n<p>Dar nu mai era pl\u00e2nsul acela de fric\u0103.<\/p>\n\n\n\n<p>\u2014 Promit\u2026 a spus ea.<\/p>\n\n\n\n<p>Poli\u021bistul a luat pungile.<\/p>\n\n\n\n<p>\u2014 Unde sta\u021bi?<\/p>\n\n\n\n<p>\u2014 La col\u021b\u2026 dup\u0103 parc\u2026<\/p>\n\n\n\n<p>\u2014 Atunci mergem \u00eempreun\u0103.<\/p>\n\n\n\n<p>\u00cen urma lor, magazinul p\u0103rea alt loc.<\/p>\n\n\n\n<p>Oamenii p\u0103reau al\u021bi oameni.<\/p>\n\n\n\n<p>Pentru c\u0103 uneori nu avem nevoie de reguli mai dure.<\/p>\n\n\n\n<p>Avem nevoie doar s\u0103 ne amintim c\u0103 fiecare<\/p>\n\n\n\n<p>om duce o poveste pe care nu o vedem.<\/p>\n\n\n\n<p><img decoding=\"async\" loading=\"lazy\" src=\"https:\/\/static.xx.fbcdn.net\/images\/emoji.php\/v9\/t6c\/1\/16\/2764.png\" alt=\"\u2764\ufe0f\" width=\"16\" height=\"16\">&nbsp;Dac\u0103 ai citit p\u00e2n\u0103 aici, scrie \u00een comentarii un singur cuv\u00e2nt: \u201eBUN\u0102TATE\u201d.<\/p>\n\n\n\n<p>Poate c\u0103 exact asta lipse\u0219te cel mai mult \u00een lumea de azi.<\/p>\n\n\n\n<p><\/p>\n\n\n\n<p>Aceast\u0103 lucrare este inspirat\u0103 din evenimente \u0219i persoane reale, \u00eens\u0103 a fost fic\u021bionalizat\u0103 \u00een scopuri creative. Numele, personajele \u0219i detaliile au fost schimbate pentru a proteja intimitatea \u0219i pentru a \u00eembun\u0103t\u0103\u021bi nara\u021biunea. Orice asem\u0103nare cu persoane reale, \u00een via\u021b\u0103 sau decedate, sau cu evenimente reale este pur \u00eent\u00e2mpl\u0103toare \u0219i nu este inten\u021bionat\u0103 de c\u0103tre autor.<\/p>\n\n\n\n<p>Autorul \u0219i editorul nu \u00ee\u0219i asum\u0103 responsabilitatea pentru exactitatea evenimentelor sau pentru modul \u00een care sunt portretizate personajele \u0219i nu sunt r\u0103spunz\u0103tori pentru eventuale interpret\u0103ri gre\u0219ite. Aceast\u0103 poveste este oferit\u0103 \u201eca atare\u201d, iar orice opinii exprimate apar\u021bin personajelor \u0219i nu reflect\u0103 punctele de vedere ale autorului sau ale editorului.<\/p>\n","protected":false},"excerpt":{"rendered":"<p>\u2014 Suna\u021bi la poli\u021bie! Dac\u0103 e mic\u0103 nu \u00eenseamn\u0103 c\u0103 poate fura! spunea un b\u0103rbat nervos. \u2014 A\u0219a \u00eencepe\u2026 azi fur\u0103 m\u00e2ncare, m\u00e2ine cine \u0219tie<\/p>\n","protected":false},"author":1,"featured_media":46552,"comment_status":"closed","ping_status":"closed","sticky":false,"template":"","format":"standard","meta":[],"categories":[1],"tags":[],"_links":{"self":[{"href":"https:\/\/calatorinromania.com\/index.php?rest_route=\/wp\/v2\/posts\/46732"}],"collection":[{"href":"https:\/\/calatorinromania.com\/index.php?rest_route=\/wp\/v2\/posts"}],"about":[{"href":"https:\/\/calatorinromania.com\/index.php?rest_route=\/wp\/v2\/types\/post"}],"author":[{"embeddable":true,"href":"https:\/\/calatorinromania.com\/index.php?rest_route=\/wp\/v2\/users\/1"}],"replies":[{"embeddable":true,"href":"https:\/\/calatorinromania.com\/index.php?rest_route=%2Fwp%2Fv2%2Fcomments&post=46732"}],"version-history":[{"count":1,"href":"https:\/\/calatorinromania.com\/index.php?rest_route=\/wp\/v2\/posts\/46732\/revisions"}],"predecessor-version":[{"id":46733,"href":"https:\/\/calatorinromania.com\/index.php?rest_route=\/wp\/v2\/posts\/46732\/revisions\/46733"}],"wp:featuredmedia":[{"embeddable":true,"href":"https:\/\/calatorinromania.com\/index.php?rest_route=\/wp\/v2\/media\/46552"}],"wp:attachment":[{"href":"https:\/\/calatorinromania.com\/index.php?rest_route=%2Fwp%2Fv2%2Fmedia&parent=46732"}],"wp:term":[{"taxonomy":"category","embeddable":true,"href":"https:\/\/calatorinromania.com\/index.php?rest_route=%2Fwp%2Fv2%2Fcategories&post=46732"},{"taxonomy":"post_tag","embeddable":true,"href":"https:\/\/calatorinromania.com\/index.php?rest_route=%2Fwp%2Fv2%2Ftags&post=46732"}],"curies":[{"name":"wp","href":"https:\/\/api.w.org\/{rel}","templated":true}]}}