{"id":46730,"date":"2026-03-17T08:22:35","date_gmt":"2026-03-17T08:22:35","guid":{"rendered":"https:\/\/calatorinromania.com\/?p=46730"},"modified":"2026-03-17T08:22:36","modified_gmt":"2026-03-17T08:22:36","slug":"am-venit-doar-sa-dau-inapoi-asta-ce-am-gasit","status":"publish","type":"post","link":"https:\/\/calatorinromania.com\/?p=46730","title":{"rendered":"\u201eAm venit doar s\u0103 dau \u00eenapoi asta ce am g\u0103sit\u2026\u201d"},"content":{"rendered":"\n<p>Luca a ridicat din umeri, stingher.<\/p>\n\n\n\n<p><\/p>\n\n\n\n<p>\u2014 Pentru c\u0103 nu era a mea, a spus \u00eencet. Bunica zice c\u0103 lucrurile care nu-s ale tale aduc necaz dac\u0103 le \u021bii.<\/p>\n\n\n\n<p><\/p>\n\n\n\n<p>Un murmur slab s-a auzit \u00een hol. Anton Munteanu a r\u0103mas o clip\u0103 pe g\u00e2nduri, apoi s-a aplecat u\u0219or la nivelul copilului.<\/p>\n\n\n\n<p><\/p>\n\n\n\n<p>\u2014 Cum o cheam\u0103 pe bunica ta?<\/p>\n\n\n\n<p><\/p>\n\n\n\n<p>\u2014 Elena, domnule. M\u0103 cre\u0219te de c\u00e2nd a murit mama.<\/p>\n\n\n\n<p><\/p>\n\n\n\n<p>Anton a dat din cap, \u00eencet. Se uita la Luca nu ca la un copil s\u0103rac, ci ca la un om mic, cu coloan\u0103 dreapt\u0103.<\/p>\n\n\n\n<p><\/p>\n\n\n\n<p>S-a \u00eentors apoi spre Radu.<\/p>\n\n\n\n<p>\u2014 \u0218tii ce con\u021bine plicul \u0103sta? a \u00eentrebat calm.<\/p>\n\n\n\n<p>\u2014 Nu\u2026 adic\u0103\u2026 documente, a b\u00e2iguit managerul.<\/p>\n\n\n\n<p>\u2014 Documente care valoreaz\u0103 mai mult dec\u00e2t salariul t\u0103u pe zece ani, a spus Anton. \u0218i tu le-ai aruncat pe tejghea \u0219i ai umilit copilul care le-a adus.<\/p>\n\n\n\n<p>Radu a \u00eenghi\u021bit \u00een sec.<br>\u2014 Domnule Anton, n-am \u0219tiut\u2026<\/p>\n\n\n\n<p>\u2014 Ai \u0219tiut destul, a r\u0103spuns proprietarul. Ai \u0219tiut s\u0103 r\u00e2zi, s\u0103 jigne\u0219ti \u0219i s\u0103 arunci ni\u0219te monede, de parc\u0103 onoarea se cump\u0103r\u0103 cu zece lei.<\/p>\n\n\n\n<p>S-a f\u0103cut lini\u0219te. Recep\u021bionista privea \u00een jos, iar ceilal\u021bi angaja\u021bi nu \u00eendr\u0103zneau s\u0103 respire.<\/p>\n\n\n\n<p>\u2014 Radu, din acest moment nu mai lucrezi aici, a spus Anton clar. Predai legitima\u021bia \u0219i pleci.<\/p>\n\n\n\n<p>Managerul a deschis gura s\u0103 spun\u0103 ceva, dar s-a r\u0103zg\u00e2ndit. \u0218tia c\u0103 nu mai are ce salva.<\/p>\n\n\n\n<p>Anton s-a \u00eentors din nou spre Luca.<\/p>\n\n\n\n<p>\u2014 Ai f\u0103cut un lucru mare, b\u0103iete. Un lucru pe care mul\u021bi adul\u021bi nu l-ar fi f\u0103cut.<\/p>\n\n\n\n<p>Luca a str\u00e2ns bretelele ghiozdanului.<br>\u2014 Am f\u0103cut ce era normal, a spus.<\/p>\n\n\n\n<p>Anton a z\u00e2mbit pentru prima dat\u0103.<\/p>\n\n\n\n<p>\u2014 Normalul \u0103sta e rar. Vreau s\u0103 te ajut, dar nu ca o poman\u0103.<\/p>\n\n\n\n<p>L-a chemat pe \u0219eful de resurse umane \u0219i i-a spus ceva \u00een \u0219oapt\u0103, apoi s-a \u00eentors iar spre copil.<\/p>\n\n\n\n<p>\u2014 Bunica ta lucreaz\u0103?<\/p>\n\n\n\n<p>\u2014 Face curat pe unde apuc\u0103\u2026 c\u00e2nd o mai cheam\u0103 lumea.<\/p>\n\n\n\n<p>\u2014 De m\u00e2ine, bunica Elena va avea un loc de munc\u0103 stabil aici, cu carte de munc\u0103 \u0219i salariu bun, a spus Anton. Iar tu\u2026<\/p>\n\n\n\n<p>Luca a \u00eencremenit.<\/p>\n\n\n\n<p>\u2014 Tu vei primi o burs\u0103 lunar\u0103 de 1.500 de lei, p\u00e2n\u0103 termini \u0219coala. Nu ca r\u0103splat\u0103, ci ca investi\u021bie \u00eentr-un om corect.<\/p>\n\n\n\n<p>Ochii copilului s-au umplut de lacrimi, de data asta f\u0103r\u0103 ru\u0219ine.<\/p>\n\n\n\n<p>\u2014 Mul\u021bumesc\u2026 dar eu n-am cerut nimic\u2026<\/p>\n\n\n\n<p>\u2014 \u0218tiu, a r\u0103spuns Anton. De asta meri\u021bi.<\/p>\n\n\n\n<p>C\u00e2teva zile mai t\u00e2rziu, Luca mergea acas\u0103 \u021bin\u00e2ndu-\u0219i bunica de m\u00e2n\u0103. C\u00e2nd i-a spus tot, Elena a \u00eenceput s\u0103 pl\u00e2ng\u0103, dar l-a str\u00e2ns la piept.<\/p>\n\n\n\n<p>\u2014 Vezi, m\u0103i b\u0103iete? I-a spus. Adev\u0103rul merge \u00eencet, dar ajunge departe.<\/p>\n\n\n\n<p>\u00cen acea sear\u0103, Luca a adormit cu ghiozdanul l\u00e2ng\u0103 pat. Nu pentru c\u0103 visa la bani sau la haine noi, ci pentru c\u0103, pentru prima dat\u0103, sim\u021bea c\u0103 lumea poate fi dreapt\u0103.<\/p>\n\n\n\n<p>Iar Anton Munteanu, din biroul lui mare, \u0219tia c\u0103 \u00een ziua aceea nu salvase doar ni\u0219te h\u00e2rtii. Salvase ceva mult mai important: dovada c\u0103 bun\u0103tatea simpl\u0103 \u00eenc\u0103 mai are loc \u00eentr-o lume gr\u0103bit\u0103.<\/p>\n\n\n\n<p><em>Aceast\u0103 lucrare este inspirat\u0103 din evenimente \u0219i persoane reale, \u00eens\u0103 a fost fic\u021bionalizat\u0103 \u00een scopuri creative. Numele, personajele \u0219i detaliile au fost schimbate pentru a proteja intimitatea \u0219i pentru a \u00eembun\u0103t\u0103\u021bi nara\u021biunea. Orice asem\u0103nare cu persoane reale, \u00een via\u021b\u0103 sau decedate, sau cu evenimente reale este pur \u00eent\u00e2mpl\u0103toare \u0219i nu este inten\u021bionat\u0103 de c\u0103tre autor.<\/em><\/p>\n\n\n\n<p><em>Autorul \u0219i editorul nu \u00ee\u0219i asum\u0103 responsabilitatea pentru exactitatea evenimentelor sau pentru modul \u00een care sunt portretizate personajele \u0219i nu sunt r\u0103spunz\u0103tori pentru eventuale interpret\u0103ri gre\u0219ite. Aceast\u0103 poveste este oferit\u0103 \u201eca atare\u201d, iar orice opinii exprimate apar\u021bin personajelor \u0219i nu reflect\u0103 punctele de vedere ale autorului sau ale editorului.<\/em><\/p>\n\n\n\n<p><a href=\"https:\/\/www.pinterest.com\/pin\/create\/button\/?url=https%3A%2F%2Fbumzi.ro%2F%3Fp%3D14456&amp;description=%E2%80%9EAm+venit+doar+s%C4%83+dau+%C3%AEnapoi+asta+ce+am+g%C4%83sit%E2%80%A6%E2%80%9D\" target=\"_blank\" rel=\"noreferrer noopener\"><\/a><\/p>\n\n\n\n<p><a href=\"https:\/\/www.facebook.com\/sharer\/sharer.php?u=https%3A%2F%2Fbumzi.ro%2F%3Fp%3D14456\" target=\"_blank\" rel=\"noreferrer noopener\"><\/a><\/p>\n\n\n\n<p><a href=\"https:\/\/twitter.com\/intent\/tweet?url=https%3A%2F%2Fbumzi.ro%2F%3Fp%3D14456&amp;text=%E2%80%9EAm+venit+doar+s%C4%83+dau+%C3%AEnapoi+asta+ce+am+g%C4%83sit%E2%80%A6%E2%80%9D\" target=\"_blank\" rel=\"noreferrer noopener\"><\/a><a href=\"https:\/\/bumzi.ro\/?p=14453\"><\/a><\/p>\n","protected":false},"excerpt":{"rendered":"<p>Luca a ridicat din umeri, stingher. \u2014 Pentru c\u0103 nu era a mea, a spus \u00eencet. Bunica zice c\u0103 lucrurile care nu-s ale tale aduc<\/p>\n","protected":false},"author":1,"featured_media":46552,"comment_status":"closed","ping_status":"closed","sticky":false,"template":"","format":"standard","meta":[],"categories":[1],"tags":[],"_links":{"self":[{"href":"https:\/\/calatorinromania.com\/index.php?rest_route=\/wp\/v2\/posts\/46730"}],"collection":[{"href":"https:\/\/calatorinromania.com\/index.php?rest_route=\/wp\/v2\/posts"}],"about":[{"href":"https:\/\/calatorinromania.com\/index.php?rest_route=\/wp\/v2\/types\/post"}],"author":[{"embeddable":true,"href":"https:\/\/calatorinromania.com\/index.php?rest_route=\/wp\/v2\/users\/1"}],"replies":[{"embeddable":true,"href":"https:\/\/calatorinromania.com\/index.php?rest_route=%2Fwp%2Fv2%2Fcomments&post=46730"}],"version-history":[{"count":1,"href":"https:\/\/calatorinromania.com\/index.php?rest_route=\/wp\/v2\/posts\/46730\/revisions"}],"predecessor-version":[{"id":46731,"href":"https:\/\/calatorinromania.com\/index.php?rest_route=\/wp\/v2\/posts\/46730\/revisions\/46731"}],"wp:featuredmedia":[{"embeddable":true,"href":"https:\/\/calatorinromania.com\/index.php?rest_route=\/wp\/v2\/media\/46552"}],"wp:attachment":[{"href":"https:\/\/calatorinromania.com\/index.php?rest_route=%2Fwp%2Fv2%2Fmedia&parent=46730"}],"wp:term":[{"taxonomy":"category","embeddable":true,"href":"https:\/\/calatorinromania.com\/index.php?rest_route=%2Fwp%2Fv2%2Fcategories&post=46730"},{"taxonomy":"post_tag","embeddable":true,"href":"https:\/\/calatorinromania.com\/index.php?rest_route=%2Fwp%2Fv2%2Ftags&post=46730"}],"curies":[{"name":"wp","href":"https:\/\/api.w.org\/{rel}","templated":true}]}}