{"id":46728,"date":"2026-03-17T08:02:38","date_gmt":"2026-03-17T08:02:38","guid":{"rendered":"https:\/\/calatorinromania.com\/?p=46728"},"modified":"2026-03-17T08:02:38","modified_gmt":"2026-03-17T08:02:38","slug":"si-au-aruncat-parintii-batrani-in-furtuna","status":"publish","type":"post","link":"https:\/\/calatorinromania.com\/?p=46728","title":{"rendered":"\u0218i-au aruncat p\u0103rin\u021bii b\u0103tr\u00e2ni \u00een furtun\u0103"},"content":{"rendered":"\n<p>B\u0103rbatul din ma\u0219in\u0103 s-a apropiat repede de ei, \u021bin\u00e2ndu-\u0219i haina peste cap ca s\u0103 se apere de ploaie.<\/p>\n\n\n\n<p><\/p>\n\n\n\n<p>\u2014 Domnule Rusu, \u00eemi pare r\u0103u\u2026 chiar nu \u0219tiam c\u0103 lucrurile au ajuns p\u00e2n\u0103 aici.<\/p>\n\n\n\n<p><\/p>\n\n\n\n<p>Florin l-a privit atent.<\/p>\n\n\n\n<p><\/p>\n\n\n\n<p>\u2014 Cine sunte\u021bi?<\/p>\n\n\n\n<p><\/p>\n\n\n\n<p>\u2014 M\u0103 numesc\u00a0<strong>Adrian Dumitrescu<\/strong>. Sunt avocat.<\/p>\n\n\n\n<p><\/p>\n\n\n\n<p>Carmen a str\u00e2ns mai tare m\u00e2nerul valizei.<\/p>\n\n\n\n<p>\u2014 Avocat? Pentru cine?<\/p>\n\n\n\n<p>B\u0103rbatul a aruncat o privire spre plicul galben.<\/p>\n\n\n\n<p>\u2014 Pentru dumneavoastr\u0103\u2026 dac\u0103 acel plic este ceea ce cred eu c\u0103 este.<\/p>\n\n\n\n<p>Florin a scos plicul \u00eencet.<\/p>\n\n\n\n<p>Era vechi, cu col\u021burile \u00eendoite.<\/p>\n\n\n\n<p>Dar sigiliul era \u00eenc\u0103 intact.<\/p>\n\n\n\n<p>Adrian a inspirat ad\u00e2nc.<\/p>\n\n\n\n<p>\u2014 Domnule Rusu\u2026 dumneavoastr\u0103 sunte\u021bi&nbsp;<strong>singurul mo\u0219tenitor legal<\/strong>&nbsp;al terenului pe care este construit acum \u00eentregul cartier de la marginea ora\u0219ului.<\/p>\n\n\n\n<p>Carmen a clipit, ne\u00een\u021beleg\u00e2nd.<\/p>\n\n\n\n<p>Florin nu a spus nimic.<\/p>\n\n\n\n<p>Avocatul a continuat:<\/p>\n\n\n\n<p>\u2014 \u00cen urm\u0103 cu treizeci de ani, tat\u0103l dumneavoastr\u0103 a l\u0103sat acel teren \u00een proprietatea familiei. Dar nimeni nu a revendicat documentele oficiale.<\/p>\n\n\n\n<p>A ar\u0103tat spre plic.<\/p>\n\n\n\n<p>\u2014 P\u00e2n\u0103 c\u00e2nd am descoperit testamentul original.<\/p>\n\n\n\n<p>Ploaia continua s\u0103 cad\u0103 peste strad\u0103.<\/p>\n\n\n\n<p>Adrian a spus calm:<\/p>\n\n\n\n<p>\u2014 Terenul acela valoreaz\u0103 ast\u0103zi&nbsp;<strong>peste 20 de milioane de euro<\/strong>.<\/p>\n\n\n\n<p>Carmen a dus m\u00e2na la gur\u0103.<\/p>\n\n\n\n<p>\u2014 Dumnezeule\u2026<\/p>\n\n\n\n<p>Florin a privit spre casa din spatele lor.<\/p>\n\n\n\n<p>Casa din care tocmai fusese dat afar\u0103.<\/p>\n\n\n\n<p>\u2014 Copiii mei nu \u0219tiu nimic despre asta.<\/p>\n\n\n\n<p>\u2014 Nu, a spus avocatul. Dar vor afla m\u00e2ine.<\/p>\n\n\n\n<p>Florin a r\u0103mas t\u0103cut c\u00e2teva secunde.<\/p>\n\n\n\n<p>Apoi a spus ceva care l-a f\u0103cut pe avocat s\u0103 ridice spr\u00e2ncenele.<\/p>\n\n\n\n<p>\u2014 Atunci m\u00e2ine o s\u0103 afl\u0103m \u0219i noi ceva.<\/p>\n\n\n\n<p>\u2014 Ce anume?<\/p>\n\n\n\n<p>Florin a privit din nou spre casa luminat\u0103.<\/p>\n\n\n\n<p>\u2014 Care dintre copiii mei m\u0103 iube\u0219te cu adev\u0103rat\u2026 \u0219i care m\u0103 vede doar ca pe un portofel.<\/p>\n\n\n\n<p>A doua zi diminea\u021b\u0103, \u00eentreaga familie a fost chemat\u0103 la notar.<\/p>\n\n\n\n<p>Cei patru copii au venit siguri pe ei.<\/p>\n\n\n\n<p>Credeau c\u0103 tat\u0103l lor venise s\u0103 semneze definitiv renun\u021barea la cas\u0103.<\/p>\n\n\n\n<p>Dar c\u00e2nd avocatul a deschis plicul galben \u0219i a \u00eenceput s\u0103 citeasc\u0103, z\u00e2mbetele lor au disp\u0103rut unul c\u00e2te unul.<\/p>\n\n\n\n<p>Pentru c\u0103 \u00een acel moment au realizat adev\u0103rul.<\/p>\n\n\n\n<p>B\u0103tr\u00e2nul pe care \u00eel aruncaser\u0103 \u00een ploaie nu era un om neputincios.<\/p>\n\n\n\n<p>Era omul care&nbsp;<strong>de\u021binea totul<\/strong>.<\/p>\n\n\n\n<p>Iar Florin Rusu a spus doar at\u00e2t:<\/p>\n\n\n\n<p>\u2014 Casa o pute\u021bi p\u0103stra.<\/p>\n\n\n\n<p>To\u021bi patru au r\u0103suflat u\u0219ura\u021bi.<\/p>\n\n\n\n<p>Dar el a continuat:<\/p>\n\n\n\n<p>\u2014 Dar nimeni dintre voi nu va primi niciun leu din ce urmeaz\u0103.<\/p>\n\n\n\n<p>T\u0103cerea a c\u0103zut peste camer\u0103.<\/p>\n\n\n\n<p>Florin a \u00eenchis plicul \u0219i a spus calm:<\/p>\n\n\n\n<p>\u2014 Pentru c\u0103 familia nu este f\u0103cut\u0103 din cei care \u00ee\u021bi iau casa.<\/p>\n\n\n\n<p>Familia este f\u0103cut\u0103 din cei care&nbsp;<strong>te primesc c\u00e2nd nu mai ai nimic<\/strong>.<\/p>\n\n\n\n<p>\u00cen acea zi, copiii lui Florin au pierdut mai mult dec\u00e2t o mo\u0219tenire.<\/p>\n\n\n\n<p>Au pierdut pentru totdeauna&nbsp;<strong>dreptul de a se mai numi copiii lui<\/strong>.<\/p>\n\n\n\n<p><em>Aceast\u0103 lucrare este inspirat\u0103 din evenimente \u0219i persoane reale, \u00eens\u0103 a fost fic\u021bionalizat\u0103 \u00een scopuri creative. Numele, personajele \u0219i detaliile au fost schimbate pentru a proteja intimitatea \u0219i pentru a \u00eembun\u0103t\u0103\u021bi nara\u021biunea. Orice asem\u0103nare cu persoane reale, \u00een via\u021b\u0103 sau decedate, sau cu evenimente reale este pur \u00eent\u00e2mpl\u0103toare \u0219i nu este inten\u021bionat\u0103 de c\u0103tre autor.<\/em><\/p>\n\n\n\n<p><em>Autorul \u0219i editorul nu \u00ee\u0219i asum\u0103 responsabilitatea pentru exactitatea evenimentelor sau pentru modul \u00een care sunt portretizate personajele \u0219i nu sunt r\u0103spunz\u0103tori pentru eventuale interpret\u0103ri gre\u0219ite. Aceast\u0103 poveste este oferit\u0103 \u201eca atare\u201d, iar orice opinii exprimate apar\u021bin personajelor \u0219i nu reflect\u0103 punctele de vedere ale autorului sau ale editorului.<\/em><\/p>\n","protected":false},"excerpt":{"rendered":"<p>B\u0103rbatul din ma\u0219in\u0103 s-a apropiat repede de ei, \u021bin\u00e2ndu-\u0219i haina peste cap ca s\u0103 se apere de ploaie. \u2014 Domnule Rusu, \u00eemi pare r\u0103u\u2026 chiar<\/p>\n","protected":false},"author":1,"featured_media":46552,"comment_status":"closed","ping_status":"closed","sticky":false,"template":"","format":"standard","meta":[],"categories":[1],"tags":[],"_links":{"self":[{"href":"https:\/\/calatorinromania.com\/index.php?rest_route=\/wp\/v2\/posts\/46728"}],"collection":[{"href":"https:\/\/calatorinromania.com\/index.php?rest_route=\/wp\/v2\/posts"}],"about":[{"href":"https:\/\/calatorinromania.com\/index.php?rest_route=\/wp\/v2\/types\/post"}],"author":[{"embeddable":true,"href":"https:\/\/calatorinromania.com\/index.php?rest_route=\/wp\/v2\/users\/1"}],"replies":[{"embeddable":true,"href":"https:\/\/calatorinromania.com\/index.php?rest_route=%2Fwp%2Fv2%2Fcomments&post=46728"}],"version-history":[{"count":1,"href":"https:\/\/calatorinromania.com\/index.php?rest_route=\/wp\/v2\/posts\/46728\/revisions"}],"predecessor-version":[{"id":46729,"href":"https:\/\/calatorinromania.com\/index.php?rest_route=\/wp\/v2\/posts\/46728\/revisions\/46729"}],"wp:featuredmedia":[{"embeddable":true,"href":"https:\/\/calatorinromania.com\/index.php?rest_route=\/wp\/v2\/media\/46552"}],"wp:attachment":[{"href":"https:\/\/calatorinromania.com\/index.php?rest_route=%2Fwp%2Fv2%2Fmedia&parent=46728"}],"wp:term":[{"taxonomy":"category","embeddable":true,"href":"https:\/\/calatorinromania.com\/index.php?rest_route=%2Fwp%2Fv2%2Fcategories&post=46728"},{"taxonomy":"post_tag","embeddable":true,"href":"https:\/\/calatorinromania.com\/index.php?rest_route=%2Fwp%2Fv2%2Ftags&post=46728"}],"curies":[{"name":"wp","href":"https:\/\/api.w.org\/{rel}","templated":true}]}}