{"id":46726,"date":"2026-03-17T07:46:21","date_gmt":"2026-03-17T07:46:21","guid":{"rendered":"https:\/\/calatorinromania.com\/?p=46726"},"modified":"2026-03-17T07:46:21","modified_gmt":"2026-03-17T07:46:21","slug":"esti-ca-o-bestie-de-povara-usor-de-incalecat","status":"publish","type":"post","link":"https:\/\/calatorinromania.com\/?p=46726","title":{"rendered":"E\u0219ti ca o bestie de povar\u0103, u\u0219or de \u00eenc\u0103lecat!\u201d"},"content":{"rendered":"\n<p>C\u00e2nd rochia a alunecat p\u00e2n\u0103 la podea, \u00een sal\u0103 s-a f\u0103cut o lini\u0219te at\u00e2t de ad\u00e2nc\u0103 \u00eenc\u00e2t se auzea doar fo\u0219netul h\u00e2rtiei de pe masa grefierei.<\/p>\n\n\n\n<p><\/p>\n\n\n\n<p>Lucia r\u0103m\u0103sese \u00eentr-o c\u0103ma\u0219\u0103 simpl\u0103 \u0219i pantaloni sub\u021biri.<\/p>\n\n\n\n<p><\/p>\n\n\n\n<p>Dar ceea ce a f\u0103cut sala s\u0103 se ridice \u00een picioare nu a fost gestul.<\/p>\n\n\n\n<p><\/p>\n\n\n\n<p>Au fost&nbsp;<strong>urmele<\/strong>.<\/p>\n\n\n\n<p>Pe bra\u021be.<\/p>\n\n\n\n<p>Pe umeri.<\/p>\n\n\n\n<p>Pe spate.<\/p>\n\n\n\n<p>Cicatrici vechi, lungi, unele sub\u021biri ca ni\u0219te fire albe, altele mai ad\u00e2nci.<\/p>\n\n\n\n<p>Nu erau urme de munc\u0103 obi\u0219nuit\u0103.<\/p>\n\n\n\n<p>Erau urme de&nbsp;<strong>bici<\/strong>.<\/p>\n\n\n\n<p>Un murmur a izbucnit \u00een sal\u0103.<\/p>\n\n\n\n<p>Judec\u0103toarea s-a ridicat imediat.<\/p>\n\n\n\n<p>\u2014 Doamn\u0103 Feraru\u2026 ce \u00eenseamn\u0103 asta?<\/p>\n\n\n\n<p>Lucia a r\u0103mas dreapt\u0103.<\/p>\n\n\n\n<p>Nu pl\u00e2ngea.<\/p>\n\n\n\n<p>\u2014 \u00censeamn\u0103 c\u0103 so\u021bul meu are dreptate, doamn\u0103 judec\u0103tor.<\/p>\n\n\n\n<p>Alin a r\u00e2s scurt.<\/p>\n\n\n\n<p>\u2014 Acum vrea s\u0103 joace teatru.<\/p>\n\n\n\n<p>Dar Lucia a continuat:<\/p>\n\n\n\n<p>\u2014 Spunea c\u0103 sunt ca un cal de munc\u0103. Pentru c\u0103 exact asta f\u0103cea cu mine.<\/p>\n\n\n\n<p>A \u00eentors u\u0219or spatele.<\/p>\n\n\n\n<p>\u2014 Acestea sunt de la curea. De la hamuri. De la fr\u00e2nghii.<\/p>\n\n\n\n<p>\u00cen sal\u0103 s-a f\u0103cut din nou lini\u0219te.<\/p>\n\n\n\n<p>Avocata Mirela s-a ridicat \u0219i a pus pe mas\u0103 un dosar gros.<\/p>\n\n\n\n<p>\u2014 Doamn\u0103 judec\u0103tor, clienta mea a adus probe.<\/p>\n\n\n\n<p>\u00cen dosar erau fotografii vechi.<\/p>\n\n\n\n<p>Mesaje.<\/p>\n\n\n\n<p>Fi\u0219e medicale.<\/p>\n\n\n\n<p>Raportul unui medic de familie care notase, de-a lungul anilor, r\u0103ni explicate mereu prin \u201eaccidente de munc\u0103\u201d.<\/p>\n\n\n\n<p>Judec\u0103toarea r\u0103sfoia paginile cu spr\u00e2ncenele \u00eencruntate.<\/p>\n\n\n\n<p>\u2014 Domnule S\u00e2rbu, ave\u021bi ceva de spus?<\/p>\n\n\n\n<p>Alin ridic\u0103 din umeri.<\/p>\n\n\n\n<p>\u2014 Exagereaz\u0103. A lucrat la grajduri. Caii lovesc.<\/p>\n\n\n\n<p>Atunci Lucia a spus \u00eencet:<\/p>\n\n\n\n<p>\u2014 Caii nu trimit mesaje.<\/p>\n\n\n\n<p>Mirela a ridicat telefonul.<\/p>\n\n\n\n<p>Pe ecran a ap\u0103rut o conversa\u021bie.<\/p>\n\n\n\n<p>Mesaje trimise de Alin:<\/p>\n\n\n\n<p>\u201eDac\u0103 mai vorbe\u0219ti o dat\u0103 despre bani, te pun la munc\u0103 p\u00e2n\u0103 nu mai po\u021bi sta \u00een picioare.\u201d<\/p>\n\n\n\n<p>\u201e\u021aine minte c\u0103 f\u0103r\u0103 mine nu e\u0219ti nimic.\u201d<\/p>\n\n\n\n<p>\u201eUn cal bun ascult\u0103.\u201d<\/p>\n\n\n\n<p>Un murmur puternic a umplut sala.<\/p>\n\n\n\n<p>Alin nu mai z\u00e2mbea.<\/p>\n\n\n\n<p>Judec\u0103toarea a ridicat privirea.<\/p>\n\n\n\n<p>\u2014 Tribunalul dispune deschiderea unei anchete pentru&nbsp;<strong>violen\u021b\u0103 domestic\u0103 \u0219i exploatare<\/strong>.<\/p>\n\n\n\n<p>Apoi a ad\u0103ugat:<\/p>\n\n\n\n<p>\u2014 \u0218edin\u021ba se suspend\u0103.<\/p>\n\n\n\n<p>Lucia s-a aplecat \u0219i \u0219i-a ridicat rochia de pe podea.<\/p>\n\n\n\n<p>\u00cen timp ce o \u00eembr\u0103ca din nou, pentru prima dat\u0103 \u00een aproape dou\u0103zeci de ani, nu mai sim\u021bea greutatea acelui rol.<\/p>\n\n\n\n<p>Nu mai era animalul de povar\u0103 despre care vorbise el.<\/p>\n\n\n\n<p>C\u00e2nd a ie\u0219it din sal\u0103, oamenii s-au dat la o parte instinctiv.<\/p>\n\n\n\n<p>Nu din mil\u0103.<\/p>\n\n\n\n<p>Din respect.<\/p>\n\n\n\n<p>Iar \u00een acea zi, b\u0103rbatul care crezuse c\u0103 o poate c\u0103l\u0103ri toat\u0103 via\u021ba a \u00een\u021beles ceva prea t\u00e2rziu:<\/p>\n\n\n\n<p>Un om poate fi obligat s\u0103 tac\u0103 ani \u00eentregi.<\/p>\n\n\n\n<p>Dar&nbsp;<strong>adev\u0103rul<\/strong>, c\u00e2nd decide s\u0103 vorbeasc\u0103, nu mai poate fi oprit de nimeni.<\/p>\n\n\n\n<p><em>Aceast\u0103 lucrare este inspirat\u0103 din evenimente \u0219i persoane reale, \u00eens\u0103 a fost fic\u021bionalizat\u0103 \u00een scopuri creative. Numele, personajele \u0219i detaliile au fost schimbate pentru a proteja intimitatea \u0219i pentru a \u00eembun\u0103t\u0103\u021bi nara\u021biunea. Orice asem\u0103nare cu persoane reale, \u00een via\u021b\u0103 sau decedate, sau cu evenimente reale este pur \u00eent\u00e2mpl\u0103toare \u0219i nu este inten\u021bionat\u0103 de c\u0103tre autor.<\/em><\/p>\n\n\n\n<p><em>Autorul \u0219i editorul nu \u00ee\u0219i asum\u0103 responsabilitatea pentru exactitatea evenimentelor sau pentru modul \u00een care sunt portretizate personajele \u0219i nu sunt r\u0103spunz\u0103tori pentru eventuale interpret\u0103ri gre\u0219ite. Aceast\u0103 poveste este oferit\u0103 \u201eca atare\u201d, iar orice opinii exprimate apar\u021bin personajelor \u0219i nu reflect\u0103 punctele de vedere ale autorului sau ale editorului.<\/em><\/p>\n","protected":false},"excerpt":{"rendered":"<p>C\u00e2nd rochia a alunecat p\u00e2n\u0103 la podea, \u00een sal\u0103 s-a f\u0103cut o lini\u0219te at\u00e2t de ad\u00e2nc\u0103 \u00eenc\u00e2t se auzea doar fo\u0219netul h\u00e2rtiei de pe masa<\/p>\n","protected":false},"author":1,"featured_media":46552,"comment_status":"closed","ping_status":"closed","sticky":false,"template":"","format":"standard","meta":[],"categories":[1],"tags":[],"_links":{"self":[{"href":"https:\/\/calatorinromania.com\/index.php?rest_route=\/wp\/v2\/posts\/46726"}],"collection":[{"href":"https:\/\/calatorinromania.com\/index.php?rest_route=\/wp\/v2\/posts"}],"about":[{"href":"https:\/\/calatorinromania.com\/index.php?rest_route=\/wp\/v2\/types\/post"}],"author":[{"embeddable":true,"href":"https:\/\/calatorinromania.com\/index.php?rest_route=\/wp\/v2\/users\/1"}],"replies":[{"embeddable":true,"href":"https:\/\/calatorinromania.com\/index.php?rest_route=%2Fwp%2Fv2%2Fcomments&post=46726"}],"version-history":[{"count":1,"href":"https:\/\/calatorinromania.com\/index.php?rest_route=\/wp\/v2\/posts\/46726\/revisions"}],"predecessor-version":[{"id":46727,"href":"https:\/\/calatorinromania.com\/index.php?rest_route=\/wp\/v2\/posts\/46726\/revisions\/46727"}],"wp:featuredmedia":[{"embeddable":true,"href":"https:\/\/calatorinromania.com\/index.php?rest_route=\/wp\/v2\/media\/46552"}],"wp:attachment":[{"href":"https:\/\/calatorinromania.com\/index.php?rest_route=%2Fwp%2Fv2%2Fmedia&parent=46726"}],"wp:term":[{"taxonomy":"category","embeddable":true,"href":"https:\/\/calatorinromania.com\/index.php?rest_route=%2Fwp%2Fv2%2Fcategories&post=46726"},{"taxonomy":"post_tag","embeddable":true,"href":"https:\/\/calatorinromania.com\/index.php?rest_route=%2Fwp%2Fv2%2Ftags&post=46726"}],"curies":[{"name":"wp","href":"https:\/\/api.w.org\/{rel}","templated":true}]}}