{"id":46719,"date":"2026-03-17T07:34:06","date_gmt":"2026-03-17T07:34:06","guid":{"rendered":"https:\/\/calatorinromania.com\/?p=46719"},"modified":"2026-03-17T07:34:06","modified_gmt":"2026-03-17T07:34:06","slug":"tatal-meu-s-a-ridicat-in-picioare-in-sala-de-judecata-si-a-strigat-ca-sunt-incapabila-mintal","status":"publish","type":"post","link":"https:\/\/calatorinromania.com\/?p=46719","title":{"rendered":"Tat\u0103l meu s-a ridicat \u00een picioare \u00een sala de judecat\u0103 \u0219i a strigat c\u0103 sunt \u00abincapabil\u0103 mintal\u00bb"},"content":{"rendered":"\n<p><\/p>\n\n\n\n<p>T\u0103cerea din sal\u0103 nu era una obi\u0219nuit\u0103.<\/p>\n\n\n\n<p><\/p>\n\n\n\n<p>Era genul de lini\u0219te care apare atunci c\u00e2nd oamenii \u00eencep s\u0103 \u00een\u021beleag\u0103 c\u0103 ceva nu este deloc a\u0219a cum p\u0103rea la \u00eenceput.<\/p>\n\n\n\n<p><\/p>\n\n\n\n<p>Judec\u0103toarea Sullivan a luat documentul din fa\u021ba ei \u0219i l-a privit c\u00e2teva secunde.<\/p>\n\n\n\n<p><\/p>\n\n\n\n<p>Apoi l-a \u00eempins \u00eencet peste mas\u0103, c\u0103tre tat\u0103l meu.<\/p>\n\n\n\n<p><\/p>\n\n\n\n<p>\u2014 Domnule Popescu, v\u0103 rog s\u0103 citi\u021bi primul r\u00e2nd.<\/p>\n\n\n\n<p><\/p>\n\n\n\n<p>Pentru prima dat\u0103 de c\u00e2nd \u00eencepuse procesul, tat\u0103l meu s-a oprit din vorbit.<\/p>\n\n\n\n<p><\/p>\n\n\n\n<p>A luat foaia cu o mi\u0219care scurt\u0103, nervoas\u0103.<\/p>\n\n\n\n<p><\/p>\n\n\n\n<p>Probabil credea c\u0103 este \u00eenc\u0103 o formalitate. \u00cenc\u0103 o h\u00e2rtie de semnat. \u00cenc\u0103 o procedur\u0103 prin care urma s\u0103 ob\u021bin\u0103 controlul asupra banilor mei.<\/p>\n\n\n\n<p><\/p>\n\n\n\n<p>A citit prima propozi\u021bie.<\/p>\n\n\n\n<p><\/p>\n\n\n\n<p>\u0218i s-a oprit.<\/p>\n\n\n\n<p><\/p>\n\n\n\n<p>Fa\u021ba lui s-a schimbat \u00eencet.<\/p>\n\n\n\n<p><\/p>\n\n\n\n<p>\u00cen sala de judecat\u0103 s-a auzit doar fo\u0219netul h\u00e2rtiei.<\/p>\n\n\n\n<p>\u2014 Ce\u2026 ce \u00eenseamn\u0103 asta? a spus el, cu vocea mai joas\u0103 dec\u00e2t o auzisem vreodat\u0103.<\/p>\n\n\n\n<p>Judec\u0103toarea \u0219i-a sprijinit coatele pe banc\u0103.<\/p>\n\n\n\n<p>\u2014 \u00censeamn\u0103, domnule Popescu, c\u0103 persoana pe care \u00eencerca\u021bi s\u0103 o declara\u021bi incapabil\u0103 mintal este administratorul legal al fondului despre care vorbi\u021bi.<\/p>\n\n\n\n<p>Un murmur a trecut prin sal\u0103.<\/p>\n\n\n\n<p>Tat\u0103l meu a clipit.<\/p>\n\n\n\n<p>\u2014 Administrator\u2026?<\/p>\n\n\n\n<p>\u2014 Da, a spus judec\u0103toarea. Administratorul principal al fondului de investi\u021bii care gestioneaz\u0103 averea familiei dumneavoastr\u0103.<\/p>\n\n\n\n<p>Avocatul lui deja \u00ee\u0219i \u0219tergea fruntea cu o batist\u0103.<\/p>\n\n\n\n<p>Eu st\u0103team exact \u00een aceea\u0219i pozi\u021bie.<\/p>\n\n\n\n<p>Lini\u0219tit\u0103.<\/p>\n\n\n\n<p>\u2014 Mai exact, a continuat judec\u0103toarea, fiica dumneavoastr\u0103 a fost numit\u0103 \u00een urm\u0103 cu trei ani director financiar al \u00eentregului portofoliu.<\/p>\n\n\n\n<p>Tat\u0103l meu a r\u00e2s scurt.<\/p>\n\n\n\n<p>Un r\u00e2s nervos.<\/p>\n\n\n\n<p>\u2014 Asta e absurd. Ea nu are nici m\u0103car o carier\u0103!<\/p>\n\n\n\n<p>Judec\u0103toarea a ridicat o alt\u0103 foaie.<\/p>\n\n\n\n<p>\u2014 Conform documentelor depuse la dosar, portofoliul pe care \u00eel administreaz\u0103 valoreaz\u0103 aproximativ 28 de milioane de lei.<\/p>\n\n\n\n<p>\u00cen sal\u0103 s-a f\u0103cut din nou lini\u0219te.<\/p>\n\n\n\n<p>\u2014 \u00cen ultimii trei ani, randamentul investi\u021biilor a crescut cu aproape 40%.<\/p>\n\n\n\n<p>Tat\u0103l meu s-a uitat la mine pentru prima dat\u0103 cu adev\u0103rat.<\/p>\n\n\n\n<p>Nu ca la o fiic\u0103.<\/p>\n\n\n\n<p>Ca la un str\u0103in.<\/p>\n\n\n\n<p>\u2014 Tu\u2026?<\/p>\n\n\n\n<p>Am dat din cap u\u0219or.<\/p>\n\n\n\n<p>\u2014 Da.<\/p>\n\n\n\n<p>\u2014 Dar\u2026 apartamentul\u2026?<\/p>\n\n\n\n<p>Am z\u00e2mbit pentru prima dat\u0103.<\/p>\n\n\n\n<p>\u2014 Nu este \u00eenchiriat.<\/p>\n\n\n\n<p>Judec\u0103toarea a intervenit calm:<\/p>\n\n\n\n<p>\u2014 Este cl\u0103direa pe care o de\u021bine prin compania ei.<\/p>\n\n\n\n<p>Tat\u0103l meu s-a pr\u0103bu\u0219it pe scaun.<\/p>\n\n\n\n<p>Toat\u0103 furia lui disp\u0103ruse.<\/p>\n\n\n\n<p>Toat\u0103 siguran\u021ba.<\/p>\n\n\n\n<p>\u2014 Dar\u2026 de ce\u2026 de ce nu ai spus nimic?<\/p>\n\n\n\n<p>Pentru prima dat\u0103 \u00een acea diminea\u021b\u0103, am vorbit.<\/p>\n\n\n\n<p>Vocea mea era lini\u0219tit\u0103.<\/p>\n\n\n\n<p>\u2014 Pentru c\u0103 nu m-ai \u00eentrebat niciodat\u0103.<\/p>\n\n\n\n<p>El a r\u0103mas nemi\u0219cat.<\/p>\n\n\n\n<p>\u2014 Ai decis singur cine sunt.<\/p>\n\n\n\n<p>Am ridicat u\u0219or din umeri.<\/p>\n\n\n\n<p>\u2014 Eu doar te-am l\u0103sat s\u0103 termini.<\/p>\n\n\n\n<p>Judec\u0103toarea a b\u0103tut u\u0219or cu cioc\u0103nelul.<\/p>\n\n\n\n<p>\u2014 Cererea de instituire a tutelii este respins\u0103.<\/p>\n\n\n\n<p>A f\u0103cut o pauz\u0103.<\/p>\n\n\n\n<p>\u2014 Iar instan\u021ba recomand\u0103 reclamantului s\u0103 consulte documentele \u00eenainte de a face acuza\u021bii publice.<\/p>\n\n\n\n<p>Un r\u00e2s discret s-a auzit \u00een spatele s\u0103lii.<\/p>\n\n\n\n<p>Tat\u0103l meu nu s-a mai uitat la mine.<\/p>\n\n\n\n<p>Eu m-am ridicat, mi-am aranjat sacoul \u0219i am ie\u0219it din sala de judecat\u0103.<\/p>\n\n\n\n<p>Pe hol era lumin\u0103.<\/p>\n\n\n\n<p>M-am uitat din nou la ceas.<\/p>\n\n\n\n<p>10:27.<\/p>\n\n\n\n<p>Exact la timp.<\/p>\n\n\n\n<p>Uneori, cea mai bun\u0103 r\u0103zbunare nu este s\u0103 \u021bipi.<\/p>\n\n\n\n<p>Este s\u0103 la\u0219i adev\u0103rul s\u0103 vorbeasc\u0103 singur.<\/p>\n\n\n\n<p><em>Aceast\u0103 lucrare este inspirat\u0103 din evenimente \u0219i persoane reale, \u00eens\u0103 a fost fic\u021bionalizat\u0103 \u00een scopuri creative. Numele, personajele \u0219i detaliile au fost schimbate pentru a proteja intimitatea \u0219i pentru a \u00eembun\u0103t\u0103\u021bi nara\u021biunea. Orice asem\u0103nare cu persoane reale, \u00een via\u021b\u0103 sau decedate, sau cu evenimente reale este pur \u00eent\u00e2mpl\u0103toare \u0219i nu este inten\u021bionat\u0103 de c\u0103tre autor.<\/em><\/p>\n\n\n\n<p><em>Autorul \u0219i editorul nu \u00ee\u0219i asum\u0103 responsabilitatea pentru exactitatea evenimentelor sau pentru modul \u00een care sunt portretizate personajele \u0219i nu sunt r\u0103spunz\u0103tori pentru eventuale interpret\u0103ri gre\u0219ite. Aceast\u0103 poveste este oferit\u0103 \u201eca atare\u201d, iar orice opinii exprimate apar\u021bin personajelor \u0219i nu reflect\u0103 punctele de vedere ale autorului sau ale editorului.<\/em><\/p>\n\n\n\n<p><a href=\"https:\/\/www.pinterest.com\/pin\/create\/button\/?url=https%3A%2F%2Fbumzi.ro%2F%3Fp%3D21405&amp;description=Tat%C4%83l+meu+s-a+ridicat+%C3%AEn+picioare+%C3%AEn+sala+de+judecat%C4%83+%C8%99i+a+strigat+c%C4%83+sunt+%C2%ABincapabil%C4%83+mintal%C2%BB\" target=\"_blank\" rel=\"noreferrer noopener\"><\/a><\/p>\n\n\n\n<p><a href=\"https:\/\/www.facebook.com\/sharer\/sharer.php?u=https%3A%2F%2Fbumzi.ro%2F%3Fp%3D21405\" target=\"_blank\" rel=\"noreferrer noopener\"><\/a><\/p>\n\n\n\n<p><a href=\"https:\/\/twitter.com\/intent\/tweet?url=https%3A%2F%2Fbumzi.ro%2F%3Fp%3D21405&amp;text=Tat%C4%83l+meu+s-a+ridicat+%C3%AEn+picioare+%C3%AEn+sala+de+judecat%C4%83+%C8%99i+a+strigat+c%C4%83+sunt+%C2%ABincapabil%C4%83+mintal%C2%BB\" target=\"_blank\" rel=\"noreferrer noopener\"><\/a><a href=\"https:\/\/bumzi.ro\/?p=21401\"><\/a><\/p>\n","protected":false},"excerpt":{"rendered":"<p>T\u0103cerea din sal\u0103 nu era una obi\u0219nuit\u0103. Era genul de lini\u0219te care apare atunci c\u00e2nd oamenii \u00eencep s\u0103 \u00een\u021beleag\u0103 c\u0103 ceva nu este deloc a\u0219a<\/p>\n","protected":false},"author":1,"featured_media":46552,"comment_status":"closed","ping_status":"closed","sticky":false,"template":"","format":"standard","meta":[],"categories":[1],"tags":[],"_links":{"self":[{"href":"https:\/\/calatorinromania.com\/index.php?rest_route=\/wp\/v2\/posts\/46719"}],"collection":[{"href":"https:\/\/calatorinromania.com\/index.php?rest_route=\/wp\/v2\/posts"}],"about":[{"href":"https:\/\/calatorinromania.com\/index.php?rest_route=\/wp\/v2\/types\/post"}],"author":[{"embeddable":true,"href":"https:\/\/calatorinromania.com\/index.php?rest_route=\/wp\/v2\/users\/1"}],"replies":[{"embeddable":true,"href":"https:\/\/calatorinromania.com\/index.php?rest_route=%2Fwp%2Fv2%2Fcomments&post=46719"}],"version-history":[{"count":1,"href":"https:\/\/calatorinromania.com\/index.php?rest_route=\/wp\/v2\/posts\/46719\/revisions"}],"predecessor-version":[{"id":46720,"href":"https:\/\/calatorinromania.com\/index.php?rest_route=\/wp\/v2\/posts\/46719\/revisions\/46720"}],"wp:featuredmedia":[{"embeddable":true,"href":"https:\/\/calatorinromania.com\/index.php?rest_route=\/wp\/v2\/media\/46552"}],"wp:attachment":[{"href":"https:\/\/calatorinromania.com\/index.php?rest_route=%2Fwp%2Fv2%2Fmedia&parent=46719"}],"wp:term":[{"taxonomy":"category","embeddable":true,"href":"https:\/\/calatorinromania.com\/index.php?rest_route=%2Fwp%2Fv2%2Fcategories&post=46719"},{"taxonomy":"post_tag","embeddable":true,"href":"https:\/\/calatorinromania.com\/index.php?rest_route=%2Fwp%2Fv2%2Ftags&post=46719"}],"curies":[{"name":"wp","href":"https:\/\/api.w.org\/{rel}","templated":true}]}}