{"id":46717,"date":"2026-03-17T07:28:50","date_gmt":"2026-03-17T07:28:50","guid":{"rendered":"https:\/\/calatorinromania.com\/?p=46717"},"modified":"2026-03-17T07:28:50","modified_gmt":"2026-03-17T07:28:50","slug":"milionarul-a-facut-ca-pleaca-in-delegatie","status":"publish","type":"post","link":"https:\/\/calatorinromania.com\/?p=46717","title":{"rendered":"Milionarul a f\u0103cut c\u0103 pleac\u0103 \u00een delega\u021bie"},"content":{"rendered":"\n<p>U\u0219a buc\u0103t\u0103riei era \u00eentredeschis\u0103.<\/p>\n\n\n\n<p><\/p>\n\n\n\n<p>Radu a \u00eempins-o cu putere, preg\u0103tit s\u0103 \u021bipe, s\u0103 acuze, s\u0103 distrug\u0103 tot ce vedea. Dar imaginea din fa\u021ba lui l-a oprit ca un zid.<\/p>\n\n\n\n<p><\/p>\n\n\n\n<p>Ana era \u00een mijlocul buc\u0103t\u0103riei, descul\u021b\u0103, cu p\u0103rul prins neglijent. Pe podea era \u00eentins un covor vechi, colorat, din acela de la \u021bar\u0103. Pe el, Petri\u0219or st\u0103tea pe burt\u0103.<\/p>\n\n\n\n<p><\/p>\n\n\n\n<p>Nu \u00een c\u0103rucior.<\/p>\n\n\n\n<p>Nu legat.<\/p>\n\n\n\n<p>Nu pl\u00e2ng\u00e2nd.<\/p>\n\n\n\n<p>Copilul r\u00e2dea.<\/p>\n\n\n\n<p>R\u00e2dea cu poft\u0103, cu gura p\u00e2n\u0103 la urechi, b\u0103t\u00e2nd din palme. Ana st\u0103tea \u00een genunchi l\u00e2ng\u0103 el \u0219i rostogolea o minge mic\u0103 din c\u00e2rp\u0103, f\u0103cut\u0103 de m\u00e2n\u0103.<\/p>\n\n\n\n<p>\u2014 Hai, puiule\u2026 \u00eenc\u0103 pu\u021bin\u2026 \u00eenc\u0103 pu\u021bin\u2026<\/p>\n\n\n\n<p>Radu a sim\u021bit cum \u00eei fuge p\u0103m\u00e2ntul de sub picioare.<\/p>\n\n\n\n<p>Petri\u0219or \u00ee\u0219i t\u00e2ra u\u0219or picioarele. Nu mult. Nu ca un copil s\u0103n\u0103tos. Dar le mi\u0219ca.<\/p>\n\n\n\n<p>Le mi\u0219ca.<\/p>\n\n\n\n<p>Ana nu l-a v\u0103zut imediat. Era prea concentrat\u0103. \u00cel \u00eencuraja, \u00eel l\u0103uda, \u00eel ridica u\u0219or c\u00e2nd obosea. Pe aragaz fierbea o oal\u0103 mic\u0103, iar pe perete era lipit\u0103 o foaie scris\u0103 cu pixul: \u201eFiecare pas mic conteaz\u0103\u201d.<\/p>\n\n\n\n<p>C\u00e2nd s-a \u00eentors \u0219i l-a v\u0103zut pe Radu, a \u00eencremenit.<\/p>\n\n\n\n<p>\u2014 Domnule\u2026 dumneavoastr\u0103\u2026 trebuia s\u0103 veni\u021bi peste trei zile\u2026<\/p>\n\n\n\n<p>Radu nu a spus nimic. Nu putea. Se uita doar la copil.<\/p>\n\n\n\n<p>\u2014 Ce\u2026 ce face\u021bi?, a reu\u0219it \u00eentr-un t\u00e2rziu.<\/p>\n\n\n\n<p>Ana s-a ridicat \u00eencet.<\/p>\n\n\n\n<p>\u2014 Exerci\u021bii. Joac\u0103. R\u0103bdare. \u00cen fiecare zi.<\/p>\n\n\n\n<p>\u2014 Doctorii au spus c\u0103 nu se poate, a spus Radu, cu vocea fr\u00e2nt\u0103.<\/p>\n\n\n\n<p>Ana a \u00eenghi\u021bit \u00een sec.<\/p>\n\n\n\n<p>\u2014 Doctorii nu au stat cu el opt ore pe zi. Eu am crescut cu un frate la fel. La Boto\u0219ani. Mama nu avea bani de terapii de mii de lei. Avea timp, m\u00e2ini \u0219i inim\u0103.<\/p>\n\n\n\n<p>Lini\u0219te.<\/p>\n\n\n\n<p>\u2014 De ce muzica?, a \u00eentrebat el.<\/p>\n\n\n\n<p>Ana a z\u00e2mbit slab.<\/p>\n\n\n\n<p>\u2014 Pentru c\u0103 r\u00e2de mai mult c\u00e2nd c\u00e2nt\u0103m. \u0218i c\u00e2nd r\u00e2de, se mi\u0219c\u0103 mai mult.<\/p>\n\n\n\n<p>Radu a c\u0103zut pe un scaun. Geanta i-a alunecat din m\u00e2n\u0103.<\/p>\n\n\n\n<p>\u2014 Vecina\u2026 a spus el \u00eencet.<\/p>\n\n\n\n<p>\u2014 \u0218tiu, a zis Ana. Se uit\u0103 mult pe geam.<\/p>\n\n\n\n<p>S-a apropiat \u0219i i-a pus \u00een m\u00e2n\u0103 o foaie mototolit\u0103. Era un caiet. Zeci de pagini. Ore, exerci\u021bii, progrese mici, notate zilnic.<\/p>\n\n\n\n<p>\u2014 Nu am voie s\u0103-i spun nim\u0103nui, a ad\u0103ugat ea. Mi-a fost team\u0103 s\u0103 nu m\u0103 da\u021bi afar\u0103.<\/p>\n\n\n\n<p>Radu a \u00eenceput s\u0103 pl\u00e2ng\u0103. F\u0103r\u0103 zgomot. F\u0103r\u0103 ru\u0219ine.<\/p>\n\n\n\n<p>Pentru prima dat\u0103 dup\u0103 un an.<\/p>\n\n\n\n<p>\u00cen seara aceea, a stat pe podea cu fiul lui. A r\u00e2s. A c\u00e2ntat prost. A uitat de bani, de firm\u0103, de procese.<\/p>\n\n\n\n<p>O lun\u0103 mai t\u00e2rziu, Petri\u0219or se ridica sprijinit de canapea.<\/p>\n\n\n\n<p>Peste un an, f\u0103cea primii pa\u0219i.<\/p>\n\n\n\n<p>Radu a \u00eenchis firma care \u00eel \u021binea mereu plecat. A deschis un centru mic de recuperare, gratuit pentru familiile f\u0103r\u0103 posibilit\u0103\u021bi.<\/p>\n\n\n\n<p>Ana a devenit coordonatoare.<\/p>\n\n\n\n<p>Iar pe u\u0219a buc\u0103t\u0103riei din vila lor, a r\u0103mas foaia aceea.<\/p>\n\n\n\n<p>\u201eFiecare pas mic conteaz\u0103.\u201d<\/p>\n\n\n\n<p>Pentru c\u0103 uneori, adev\u0103rata bog\u0103\u021bie nu se ascunde \u00een seif, ci \u00een lucrurile simple, f\u0103cute cu inim\u0103.<\/p>\n\n\n\n<p><em>Aceast\u0103 lucrare este inspirat\u0103 din evenimente \u0219i persoane reale, \u00eens\u0103 a fost fic\u021bionalizat\u0103 \u00een scopuri creative. Numele, personajele \u0219i detaliile au fost schimbate pentru a proteja intimitatea \u0219i pentru a \u00eembun\u0103t\u0103\u021bi nara\u021biunea. Orice asem\u0103nare cu persoane reale, \u00een via\u021b\u0103 sau decedate, sau cu evenimente reale este pur \u00eent\u00e2mpl\u0103toare \u0219i nu este inten\u021bionat\u0103 de c\u0103tre autor.<\/em><\/p>\n\n\n\n<p><em>Autorul \u0219i editorul nu \u00ee\u0219i asum\u0103 responsabilitatea pentru exactitatea evenimentelor sau pentru modul \u00een care sunt portretizate personajele \u0219i nu sunt r\u0103spunz\u0103tori pentru eventuale interpret\u0103ri gre\u0219ite. Aceast\u0103 poveste este oferit\u0103 \u201eca atare\u201d, iar orice opinii exprimate apar\u021bin personajelor \u0219i nu reflect\u0103 punctele de vedere ale autorului sau ale editorului.<\/em><\/p>\n","protected":false},"excerpt":{"rendered":"<p>U\u0219a buc\u0103t\u0103riei era \u00eentredeschis\u0103. Radu a \u00eempins-o cu putere, preg\u0103tit s\u0103 \u021bipe, s\u0103 acuze, s\u0103 distrug\u0103 tot ce vedea. Dar imaginea din fa\u021ba lui l-a<\/p>\n","protected":false},"author":1,"featured_media":46552,"comment_status":"closed","ping_status":"closed","sticky":false,"template":"","format":"standard","meta":[],"categories":[1],"tags":[],"_links":{"self":[{"href":"https:\/\/calatorinromania.com\/index.php?rest_route=\/wp\/v2\/posts\/46717"}],"collection":[{"href":"https:\/\/calatorinromania.com\/index.php?rest_route=\/wp\/v2\/posts"}],"about":[{"href":"https:\/\/calatorinromania.com\/index.php?rest_route=\/wp\/v2\/types\/post"}],"author":[{"embeddable":true,"href":"https:\/\/calatorinromania.com\/index.php?rest_route=\/wp\/v2\/users\/1"}],"replies":[{"embeddable":true,"href":"https:\/\/calatorinromania.com\/index.php?rest_route=%2Fwp%2Fv2%2Fcomments&post=46717"}],"version-history":[{"count":1,"href":"https:\/\/calatorinromania.com\/index.php?rest_route=\/wp\/v2\/posts\/46717\/revisions"}],"predecessor-version":[{"id":46718,"href":"https:\/\/calatorinromania.com\/index.php?rest_route=\/wp\/v2\/posts\/46717\/revisions\/46718"}],"wp:featuredmedia":[{"embeddable":true,"href":"https:\/\/calatorinromania.com\/index.php?rest_route=\/wp\/v2\/media\/46552"}],"wp:attachment":[{"href":"https:\/\/calatorinromania.com\/index.php?rest_route=%2Fwp%2Fv2%2Fmedia&parent=46717"}],"wp:term":[{"taxonomy":"category","embeddable":true,"href":"https:\/\/calatorinromania.com\/index.php?rest_route=%2Fwp%2Fv2%2Fcategories&post=46717"},{"taxonomy":"post_tag","embeddable":true,"href":"https:\/\/calatorinromania.com\/index.php?rest_route=%2Fwp%2Fv2%2Ftags&post=46717"}],"curies":[{"name":"wp","href":"https:\/\/api.w.org\/{rel}","templated":true}]}}