{"id":46683,"date":"2026-03-15T06:55:31","date_gmt":"2026-03-15T06:55:31","guid":{"rendered":"https:\/\/calatorinromania.com\/?p=46683"},"modified":"2026-03-15T06:55:32","modified_gmt":"2026-03-15T06:55:32","slug":"m-a-parasit-spunand-ca-sunt-un-esec-fiindca-nu-puteam-avea-copii-ani-mai-tarziu-m-a-invitat-la-baby-shower-doar-ca-sa-se-laude-iar-surpriza-l-a-lasat-fara-cuvinte","status":"publish","type":"post","link":"https:\/\/calatorinromania.com\/?p=46683","title":{"rendered":"M-a p\u0103r\u0103sit spun\u00e2nd c\u0103 sunt un \u201ee\u0219ec\u201d fiindc\u0103 nu puteam avea copii. Ani mai t\u00e2rziu m-a invitat la baby shower doar ca s\u0103 se laude\u2014iar surpriza l-a l\u0103sat f\u0103r\u0103 cuvinte"},"content":{"rendered":"\n<p><\/p>\n\n\n\n<p>\u201eO s\u0103 vin\u0103\u201d, r\u00e2dea Jason din gr\u0103din\u0103, convins c\u0103 poate prevedea fiecare pas al meu. \u00cen mintea lui, urma s\u0103 apar singur\u0103, cu privirea \u00een p\u0103m\u00e2nt \u0219i cu un aer trist, ca s\u0103 devin decorul perfect pentru victoria lui.<\/p>\n\n\n\n<p><\/p>\n\n\n\n<p>L\u00e2ng\u0103 el, Ashley\u2014noua lui so\u021bie\u2014\u00ee\u0219i \u00eembr\u0103ca vorbele \u00eentr-o bun\u0103tate fals\u0103:<\/p>\n\n\n\n<p><\/p>\n\n\n\n<p>\u201eSper doar s\u0103 nu strice totul dac\u0103 \u00eencepe s\u0103 pl\u00e2ng\u0103. S\u0103raca\u2026\u201d<\/p>\n\n\n\n<p><\/p>\n\n\n\n<p>Dou\u0103 cuvinte simple, dar \u00eenc\u0103rcate de dispre\u021b, m-au \u00een\u021bepat mai tare dec\u00e2t orice insult\u0103 spus\u0103 direct. Pentru Jason nu fusese suficient c\u0103 plecase atunci c\u00e2nd medicii mi-au spus c\u0103 mi-ar putea fi dificil s\u0103 devin mam\u0103. Acum voia s\u0103-mi transforme rana \u00een spectacol, ca s\u0103-\u0219i lustruieasc\u0103 propria fericire \u00een fa\u021ba invita\u021bilor.<\/p>\n\n\n\n<p><\/p>\n\n\n\n<blockquote class=\"wp-block-quote\">\n<p>El se a\u0219tepta s\u0103 joc rolul fostei so\u021bii \u201e\u00eenfr\u00e2nte\u201d, o amintire util\u0103 pentru aplauzele lui.<\/p>\n\n\n\n<p><\/p>\n<\/blockquote>\n\n\n\n<p>Doar c\u0103 planul lui avea o problem\u0103: nu mai eram acea femeie.<\/p>\n\n\n\n<p><\/p>\n\n\n\n<p>Dup\u0103 desp\u0103r\u021birea de un mariaj rece, mi-am ref\u0103cut via\u021ba, pas cu pas. \u0218i l-am \u00eent\u00e2lnit pe Ethan\u2014un om care nu m-a privit ca pe o list\u0103 de \u201edefecte\u201d, ci ca pe un suflet \u00eentreg. Cu el, iubirea nu venea cu condi\u021bii, compara\u021bii sau presiuni.<\/p>\n\n\n\n<p><\/p>\n\n\n\n<p>Iar via\u021ba, care p\u0103rea c\u0103 \u00eemi \u00eenchide u\u0219i, mi-a preg\u0103tit o surpriz\u0103 pe care nici eu nu \u00eendr\u0103zneam s-o cer: am r\u0103mas \u00eens\u0103rcinat\u0103 natural. Nu cu un singur copil, ci cu patru.<\/p>\n\n\n\n<p><\/p>\n\n\n\n<ul>\n<li>Am \u00eenv\u0103\u021bat s\u0103 nu-mi mai cer scuze pentru durerea mea.<\/li>\n\n\n\n<li>Am ales oameni care m\u0103 v\u0103d, nu m\u0103 folosesc.<\/li>\n\n\n\n<li>Am l\u0103sat trecutul s\u0103 fie lec\u021bie, nu lan\u021b.<\/li>\n<\/ul>\n\n\n\n<p><\/p>\n\n\n\n<p>Baby shower-ul lor se \u021binea \u00eentr-un complex de lux, cu aranjamente elegante \u0219i pahare care clincheteau \u00een aerul cald. C\u00e2nd SUV-ul nostru alb a oprit la intrare, conversa\u021biile au \u00eenceput s\u0103 se sting\u0103, ca \u0219i cum cineva ar fi dat volumul mai \u00eencet.<\/p>\n\n\n\n<p><\/p>\n\n\n\n<p>U\u0219a s-a deschis. Ethan a cobor\u00e2t primul\u2014calm, sigur pe el, cu acel tip de prezen\u021b\u0103 care nu cere aten\u021bie, dar o prime\u0219te. Apoi mi-a \u00eentins m\u00e2na \u0219i m-a ajutat s\u0103 cobor, cu o grij\u0103 simpl\u0103 \u0219i fireasc\u0103.<\/p>\n\n\n\n<p><\/p>\n\n\n\n<p>Am auzit \u0219oapte. \u00cens\u0103 adev\u0103rata surpriz\u0103 nu eram eu.<\/p>\n\n\n\n<p><\/p>\n\n\n\n<p>Jason st\u0103tea \u00een mijlocul cur\u021bii, cu paharul ridicat, preg\u0103tit s\u0103 \u021bin\u0103 un toast. Z\u00e2mbetul i s-a oprit brusc, ca \u0219i cum cineva i-ar fi \u00eentrerupt g\u00e2ndul. M\u00e2na i s-a \u00eencordat, iar paharul i-a sc\u0103pat \u0219i s-a spart, zgomotul t\u0103ind lini\u0219tea din jur.<\/p>\n\n\n\n<p><\/p>\n\n\n\n<blockquote class=\"wp-block-quote\">\n<p>Nu era furie \u00een aer, ci o uimire grea: genul de moment \u00een care un om \u00ee\u0219i vede planul pr\u0103bu\u0219indu-se.<\/p>\n<\/blockquote>\n\n\n\n<p>Ashley a r\u0103mas nemi\u0219cat\u0103. Expresia aceea de mil\u0103 pref\u0103cut\u0103 i-a disp\u0103rut de pe chip, l\u0103s\u00e2nd loc unei stupoari f\u0103r\u0103 masc\u0103, \u00een timp ce privea spre noi.<\/p>\n\n\n\n<p>Pentru c\u0103, \u021bin\u00e2ndu-ne aproape, veneau patru copii\u2014patru micu\u021bi identici, plini de energie, merg\u00e2nd cumin\u021bi, m\u00e2n\u0103 \u00een m\u00e2n\u0103. Unu\u2026 doi\u2026 trei\u2026 \u0219i patru. O \u201emic\u0103 armat\u0103\u201d de bucurie, exact \u00een locul unde Jason era convins c\u0103 voi ap\u0103rea ca un avertisment pentru ceilal\u021bi.<\/p>\n\n\n\n<ul>\n<li>Patru pa\u0219i mici, dar hot\u0103r\u00e2\u021bi, au schimbat atmosfera \u00eentregii petreceri.<\/li>\n\n\n\n<li>Patru z\u00e2mbete au f\u0103cut ca lauda s\u0103 par\u0103 brusc goal\u0103.<\/li>\n\n\n\n<li>Patru vie\u021bi au spus, f\u0103r\u0103 cuvinte, c\u0103 etichetele lui nu m-au definit.<\/li>\n<\/ul>\n\n\n\n<p>\u00cen acea clip\u0103, nu m-a interesat s\u0103-l \u201e\u00eenving\u201d. N-am venit pentru r\u0103zbunare, nici pentru scene. Am venit pentru c\u0103 eram invitat\u0103 \u0219i pentru c\u0103 nu mai aveam de ce s\u0103 m\u0103 ascund. Lini\u0219tea mea nu era provocare\u2014era vindecare.<\/p>\n\n\n\n<p>Ethan mi-a str\u00e2ns m\u00e2na, iar copiii s-au apropiat f\u0103r\u0103 team\u0103, curio\u0219i de muzic\u0103, de baloane, de forfota oamenilor. Tot ce pl\u0103nuise Jason\u2014o apari\u021bie trist\u0103, un rol convenabil\u2014s-a risipit \u00eentr-o secund\u0103.<\/p>\n\n\n\n<p>Concluzia e simpl\u0103: uneori, cei care te reduc la o singur\u0103 durere cred c\u0103 te pot controla pentru totdeauna. Dar via\u021ba se poate rescrie. C\u00e2nd alegi oameni buni, c\u00e2nd \u00ee\u021bi recape\u021bi demnitatea \u0219i c\u00e2nd \u00ee\u021bi dai voie s\u0103 speri, trecutul nu mai are putere\u2014devine doar un capitol \u00eenchis.<\/p>\n\n\n\n<p><\/p>\n\n\n\n<p>Aceast\u0103 lucrare este inspirat\u0103 din evenimente \u0219i persoane reale, \u00eens\u0103 a fost fic\u021bionalizat\u0103 \u00een scopuri creative. Numele, personajele \u0219i detaliile au fost schimbate pentru a proteja intimitatea \u0219i pentru a \u00eembun\u0103t\u0103\u021bi nara\u021biunea. Orice asem\u0103nare cu persoane reale, \u00een via\u021b\u0103 sau decedate, sau cu evenimente reale este pur \u00eent\u00e2mpl\u0103toare \u0219i nu este inten\u021bionat\u0103 de c\u0103tre autor.<\/p>\n\n\n\n<p>Autorul \u0219i editorul nu \u00ee\u0219i asum\u0103 responsabilitatea pentru exactitatea evenimentelor sau pentru modul \u00een care sunt portretizate personajele \u0219i nu sunt r\u0103spunz\u0103tori pentru eventuale interpret\u0103ri gre\u0219ite. Aceast\u0103 poveste este oferit\u0103 \u201eca atare\u201d, iar orice opinii exprimate apar\u021bin personajelor \u0219i nu reflect\u0103 punctele de vedere ale autorului sau ale editorului.<\/p>\n","protected":false},"excerpt":{"rendered":"<p>\u201eO s\u0103 vin\u0103\u201d, r\u00e2dea Jason din gr\u0103din\u0103, convins c\u0103 poate prevedea fiecare pas al meu. \u00cen mintea lui, urma s\u0103 apar singur\u0103, cu privirea \u00een<\/p>\n","protected":false},"author":1,"featured_media":46552,"comment_status":"closed","ping_status":"closed","sticky":false,"template":"","format":"standard","meta":[],"categories":[1],"tags":[],"_links":{"self":[{"href":"https:\/\/calatorinromania.com\/index.php?rest_route=\/wp\/v2\/posts\/46683"}],"collection":[{"href":"https:\/\/calatorinromania.com\/index.php?rest_route=\/wp\/v2\/posts"}],"about":[{"href":"https:\/\/calatorinromania.com\/index.php?rest_route=\/wp\/v2\/types\/post"}],"author":[{"embeddable":true,"href":"https:\/\/calatorinromania.com\/index.php?rest_route=\/wp\/v2\/users\/1"}],"replies":[{"embeddable":true,"href":"https:\/\/calatorinromania.com\/index.php?rest_route=%2Fwp%2Fv2%2Fcomments&post=46683"}],"version-history":[{"count":1,"href":"https:\/\/calatorinromania.com\/index.php?rest_route=\/wp\/v2\/posts\/46683\/revisions"}],"predecessor-version":[{"id":46684,"href":"https:\/\/calatorinromania.com\/index.php?rest_route=\/wp\/v2\/posts\/46683\/revisions\/46684"}],"wp:featuredmedia":[{"embeddable":true,"href":"https:\/\/calatorinromania.com\/index.php?rest_route=\/wp\/v2\/media\/46552"}],"wp:attachment":[{"href":"https:\/\/calatorinromania.com\/index.php?rest_route=%2Fwp%2Fv2%2Fmedia&parent=46683"}],"wp:term":[{"taxonomy":"category","embeddable":true,"href":"https:\/\/calatorinromania.com\/index.php?rest_route=%2Fwp%2Fv2%2Fcategories&post=46683"},{"taxonomy":"post_tag","embeddable":true,"href":"https:\/\/calatorinromania.com\/index.php?rest_route=%2Fwp%2Fv2%2Ftags&post=46683"}],"curies":[{"name":"wp","href":"https:\/\/api.w.org\/{rel}","templated":true}]}}