{"id":46679,"date":"2026-03-15T06:30:12","date_gmt":"2026-03-15T06:30:12","guid":{"rendered":"https:\/\/calatorinromania.com\/?p=46679"},"modified":"2026-03-15T06:30:13","modified_gmt":"2026-03-15T06:30:13","slug":"amanta-sotului-meu-a-sunat-la-usa-mi-a-pus-haina-in-brate-si-a-spus","status":"publish","type":"post","link":"https:\/\/calatorinromania.com\/?p=46679","title":{"rendered":"Amanta so\u021bului meu a sunat la u\u0219\u0103, mi-a pus haina \u00een bra\u021be \u0219i a spus:"},"content":{"rendered":"\n<p>C\u00e2nd Radu a intrat \u00een cas\u0103, Alexandra era \u00eenc\u0103 \u00eentins\u0103 pe canapea, cu telefonul \u00een m\u00e2n\u0103, f\u0103c\u00e2ndu-\u0219i selfie-uri.<\/p>\n\n\n\n<p><\/p>\n\n\n\n<p>Eu st\u0103team \u00een buc\u0103t\u0103rie, sprijinit\u0103 de blat, cu bra\u021bele \u00eencruci\u0219ate.<\/p>\n\n\n\n<p><\/p>\n\n\n\n<p>El a intrat gr\u0103bit.<\/p>\n\n\n\n<p><\/p>\n\n\n\n<p>\u2014 Ce s-a \u00eent\u00e2mplat cu biroul meu?!<\/p>\n\n\n\n<p><\/p>\n\n\n\n<p>Apoi a v\u0103zut-o pe Alexandra.<\/p>\n\n\n\n<p>\u0218i apoi pe mine.<\/p>\n\n\n\n<p>Fa\u021ba i s-a albit.<\/p>\n\n\n\n<p>\u2014 Ce\u2026 ce face ea aici? \u2014 a \u00eentrebat el.<\/p>\n\n\n\n<p>Alexandra a z\u00e2mbit larg.<\/p>\n\n\n\n<p>\u2014 Iubitule! \u00cen sf\u00e2r\u0219it. Menajera ta nu e prea prietenoas\u0103.<\/p>\n\n\n\n<p>T\u0103cerea a c\u0103zut peste camer\u0103.<\/p>\n\n\n\n<p>Radu s-a uitat la mine.<\/p>\n\n\n\n<p>Apoi la ea.<\/p>\n\n\n\n<p>Apoi iar la mine.<\/p>\n\n\n\n<p>\u00cen privirea lui am v\u0103zut clar momentul \u00een care a \u00een\u021beles c\u0103 totul s-a terminat.<\/p>\n\n\n\n<p>\u2014 Alexandra\u2026 \u2014 a \u00eenceput el.<\/p>\n\n\n\n<p>\u2014 Ce? \u2014 a r\u00e2s ea. \u2014 Nu mi-ai spus c\u0103 menajera e at\u00e2t de sensibil\u0103.<\/p>\n\n\n\n<p>Am ridicat calm o spr\u00e2ncean\u0103.<\/p>\n\n\n\n<p>\u2014 Radu, spune-i cine sunt.<\/p>\n\n\n\n<p>El a \u00eenghi\u021bit \u00een sec.<\/p>\n\n\n\n<p>\u2014 Alexandra\u2026 ea nu e menajera.<\/p>\n\n\n\n<p>Alexandra a clipit.<\/p>\n\n\n\n<p>\u2014 Atunci cine e?<\/p>\n\n\n\n<p>\u2014 Este\u2026 so\u021bia mea.<\/p>\n\n\n\n<p>Pentru c\u00e2teva secunde, fata a r\u0103mas complet nemi\u0219cat\u0103.<\/p>\n\n\n\n<p>Apoi a r\u00e2s.<\/p>\n\n\n\n<p>\u2014 Foarte amuzant.<\/p>\n\n\n\n<p>Radu nu a r\u00e2s.<\/p>\n\n\n\n<p>Eu nu am r\u00e2s.<\/p>\n\n\n\n<p>Z\u00e2mbetul ei s-a stins.<\/p>\n\n\n\n<p>\u2014 Stai\u2026 vorbe\u0219ti serios?<\/p>\n\n\n\n<p>\u2014 Foarte serios \u2014 am spus eu.<\/p>\n\n\n\n<p>Ea s-a ridicat \u00eencet.<\/p>\n\n\n\n<p>\u2014 Tu ai spus c\u0103 so\u021bia ta e\u2026 altfel.<\/p>\n\n\n\n<p>\u2014 Da \u2014 am r\u0103spuns eu calm. \u2014 A spus multe.<\/p>\n\n\n\n<p>Alexandra s-a uitat la Radu.<\/p>\n\n\n\n<p>\u2014 Tu mi-ai spus c\u0103 ea lucreaz\u0103 la recep\u021bie.<\/p>\n\n\n\n<p>Am z\u00e2mbit u\u0219or.<\/p>\n\n\n\n<p>\u2014 De fapt, conduc firma \u201eDumitrescu Logistics\u201d.<\/p>\n\n\n\n<p>Ochii ei s-au m\u0103rit.<\/p>\n\n\n\n<p>\u2014 Firma unde lucreaz\u0103 tata?<\/p>\n\n\n\n<p>\u2014 Exact.<\/p>\n\n\n\n<p>Camera a devenit complet t\u0103cut\u0103.<\/p>\n\n\n\n<p>Radu \u00ee\u0219i trecea m\u00e2na prin p\u0103r, panicat.<\/p>\n\n\n\n<p>\u2014 Iubito, pot explica\u2026<\/p>\n\n\n\n<p>\u2014 Nu e nevoie \u2014 am spus lini\u0219tit\u0103.<\/p>\n\n\n\n<p>M-am uitat direct la el.<\/p>\n\n\n\n<p>\u2014 Ai zece minute s\u0103-\u021bi faci bagajele.<\/p>\n\n\n\n<p>\u2014 Ce?!<\/p>\n\n\n\n<p>\u2014 Casa e pe numele meu. Ma\u0219ina e pe numele firmei. Clinica ta e pl\u0103tit\u0103 din conturile mele.<\/p>\n\n\n\n<p>Alexandra f\u0103cu un pas \u00eenapoi.<\/p>\n\n\n\n<p>\u2014 Radu\u2026 ce se \u00eent\u00e2mpl\u0103?<\/p>\n\n\n\n<p>El era palid.<\/p>\n\n\n\n<p>\u2014 Nu acum.<\/p>\n\n\n\n<p>\u2014 Ba chiar acum \u2014 am spus eu.<\/p>\n\n\n\n<p>M-am uitat la Alexandra.<\/p>\n\n\n\n<p>\u2014 Tat\u0103l t\u0103u lucreaz\u0103 de \u0219apte ani la noi.<\/p>\n\n\n\n<p>Ea a dat din cap \u00eencet.<\/p>\n\n\n\n<p>\u2014 Da\u2026<\/p>\n\n\n\n<p>\u2014 Luni diminea\u021b\u0103 am o \u00eent\u00e2lnire cu departamentul de management.<\/p>\n\n\n\n<p>Respira\u021bia ei s-a oprit.<\/p>\n\n\n\n<p>\u2014 Nu\u2026<\/p>\n\n\n\n<p>\u2014 Oh, da.<\/p>\n\n\n\n<p>M-am \u00eentors spre Radu.<\/p>\n\n\n\n<p>\u2014 Ai zece minute.<\/p>\n\n\n\n<p>Dou\u0103zeci de minute mai t\u00e2rziu, el \u00ee\u0219i \u00eenchidea valiza.<\/p>\n\n\n\n<p>Nu m-a privit.<\/p>\n\n\n\n<p>Nu a spus nimic.<\/p>\n\n\n\n<p>A plecat.<\/p>\n\n\n\n<p>Iar trei s\u0103pt\u0103m\u00e2ni mai t\u00e2rziu am dat un singur telefon.<\/p>\n\n\n\n<p>Tat\u0103l Alexandrei nu a mai lucrat niciodat\u0103 \u00een firma mea.<\/p>\n\n\n\n<p>Iar clinica lui Radu a dat faliment dou\u0103 luni mai t\u00e2rziu.<\/p>\n\n\n\n<p>Uneori, oamenii cred c\u0103 pot intra \u00een via\u021ba ta ca \u00eentr-o cas\u0103 goal\u0103.<\/p>\n\n\n\n<p>P\u00e2n\u0103 \u00een ziua \u00een care afl\u0103 cine este, de fapt, proprietarul.<\/p>\n\n\n\n<p><em>Aceast\u0103 lucrare este inspirat\u0103 din evenimente \u0219i persoane reale, \u00eens\u0103 a fost fic\u021bionalizat\u0103 \u00een scopuri creative. Numele, personajele \u0219i detaliile au fost schimbate pentru a proteja intimitatea \u0219i pentru a \u00eembun\u0103t\u0103\u021bi nara\u021biunea. Orice asem\u0103nare cu persoane reale, \u00een via\u021b\u0103 sau decedate, sau cu evenimente reale este pur \u00eent\u00e2mpl\u0103toare \u0219i nu este inten\u021bionat\u0103 de c\u0103tre autor.<\/em><\/p>\n\n\n\n<p><em>Autorul \u0219i editorul nu \u00ee\u0219i asum\u0103 responsabilitatea pentru exactitatea evenimentelor sau pentru modul \u00een care sunt portretizate personajele \u0219i nu sunt r\u0103spunz\u0103tori pentru eventuale interpret\u0103ri gre\u0219ite. Aceast\u0103 poveste este oferit\u0103 \u201eca atare\u201d, iar orice opinii exprimate apar\u021bin personajelor \u0219i nu reflect\u0103 punctele de vedere ale autorului sau ale editorului.<\/em><\/p>\n","protected":false},"excerpt":{"rendered":"<p>C\u00e2nd Radu a intrat \u00een cas\u0103, Alexandra era \u00eenc\u0103 \u00eentins\u0103 pe canapea, cu telefonul \u00een m\u00e2n\u0103, f\u0103c\u00e2ndu-\u0219i selfie-uri. Eu st\u0103team \u00een buc\u0103t\u0103rie, sprijinit\u0103 de blat,<\/p>\n","protected":false},"author":1,"featured_media":46552,"comment_status":"closed","ping_status":"closed","sticky":false,"template":"","format":"standard","meta":[],"categories":[1],"tags":[],"_links":{"self":[{"href":"https:\/\/calatorinromania.com\/index.php?rest_route=\/wp\/v2\/posts\/46679"}],"collection":[{"href":"https:\/\/calatorinromania.com\/index.php?rest_route=\/wp\/v2\/posts"}],"about":[{"href":"https:\/\/calatorinromania.com\/index.php?rest_route=\/wp\/v2\/types\/post"}],"author":[{"embeddable":true,"href":"https:\/\/calatorinromania.com\/index.php?rest_route=\/wp\/v2\/users\/1"}],"replies":[{"embeddable":true,"href":"https:\/\/calatorinromania.com\/index.php?rest_route=%2Fwp%2Fv2%2Fcomments&post=46679"}],"version-history":[{"count":1,"href":"https:\/\/calatorinromania.com\/index.php?rest_route=\/wp\/v2\/posts\/46679\/revisions"}],"predecessor-version":[{"id":46680,"href":"https:\/\/calatorinromania.com\/index.php?rest_route=\/wp\/v2\/posts\/46679\/revisions\/46680"}],"wp:featuredmedia":[{"embeddable":true,"href":"https:\/\/calatorinromania.com\/index.php?rest_route=\/wp\/v2\/media\/46552"}],"wp:attachment":[{"href":"https:\/\/calatorinromania.com\/index.php?rest_route=%2Fwp%2Fv2%2Fmedia&parent=46679"}],"wp:term":[{"taxonomy":"category","embeddable":true,"href":"https:\/\/calatorinromania.com\/index.php?rest_route=%2Fwp%2Fv2%2Fcategories&post=46679"},{"taxonomy":"post_tag","embeddable":true,"href":"https:\/\/calatorinromania.com\/index.php?rest_route=%2Fwp%2Fv2%2Ftags&post=46679"}],"curies":[{"name":"wp","href":"https:\/\/api.w.org\/{rel}","templated":true}]}}