{"id":46622,"date":"2026-03-12T09:52:43","date_gmt":"2026-03-12T09:52:43","guid":{"rendered":"https:\/\/calatorinromania.com\/?p=46622"},"modified":"2026-03-12T09:52:43","modified_gmt":"2026-03-12T09:52:43","slug":"un-tata-sarac-intra-intr-un-magazin-de-lux-iar-toti-incep-sa-rada-de-el-2","status":"publish","type":"post","link":"https:\/\/calatorinromania.com\/?p=46622","title":{"rendered":"Un tat\u0103 s\u0103rac intr\u0103 \u00eentr-un magazin de lux, iar to\u021bi \u00eencep s\u0103 r\u00e2d\u0103 de el"},"content":{"rendered":"\n<p>\u00cen magazin s-a f\u0103cut o lini\u0219te ciudat\u0103.<\/p>\n\n\n\n<p><\/p>\n\n\n\n<p>V\u00e2nz\u0103toarele s-au privit \u00eentre ele. Una dintre ele \u0219i-a acoperit gura, \u00eencerc\u00e2nd s\u0103-\u0219i ascund\u0103 un z\u00e2mbet ironic.<\/p>\n\n\n\n<p><\/p>\n\n\n\n<p>Un t\u00e2n\u0103r \u00eembr\u0103cat \u00eentr-un costum scump a \u0219optit c\u0103tre prietena lui:<\/p>\n\n\n\n<p><\/p>\n\n\n\n<p>\u2014 Cred c\u0103 a gre\u0219it magazinul.<\/p>\n\n\n\n<p><\/p>\n\n\n\n<p>Fata a r\u00e2s \u00eencet.<\/p>\n\n\n\n<p>Ion a sim\u021bit cum obrajii i se \u00eenro\u0219esc.<\/p>\n\n\n\n<p>Nu era obi\u0219nuit cu astfel de locuri. El era obi\u0219nuit cu pia\u021ba, cu l\u0103zile de legume, cu mirosul de cartofi \u0219i varz\u0103. Nu cu parfumuri scumpe \u0219i podele lucioase.<\/p>\n\n\n\n<p>S-a \u00eentors spre Maria.<\/p>\n\n\n\n<p>\u2014 Tat\u0103\u2026 poate c\u0103 nu e pentru mine aici, a spus el \u00eencet. Hai s\u0103 plec\u0103m.<\/p>\n\n\n\n<p>Dar Maria l-a prins u\u0219or de m\u00e2n\u0103.<\/p>\n\n\n\n<p>\u2014 Doar pu\u021bin. Te rog.<\/p>\n\n\n\n<p>\u00cen acel moment, o v\u00e2nz\u0103toare s-a apropiat de ei.<\/p>\n\n\n\n<p>\u2014 Bun\u0103 ziua\u2026 v\u0103 pot ajuta cu ceva?<\/p>\n\n\n\n<p>Tonul ei era politicos, dar privirea \u00eei tr\u0103da clar g\u00e2ndurile.<\/p>\n\n\n\n<p>Ion a sim\u021bit c\u0103 fiecare om din magazin \u00eel analizeaz\u0103.<\/p>\n\n\n\n<p>Sandalele lui vechi.<br>Geaca decolorat\u0103.<br>Palmele cr\u0103pate de munc\u0103.<\/p>\n\n\n\n<p>\u2014 Noi doar\u2026 ne uit\u0103m, a spus el timid.<\/p>\n\n\n\n<p>\u00cen spatele lor, cineva a r\u00e2s.<\/p>\n\n\n\n<p>\u2014 Da, sigur\u2026<\/p>\n\n\n\n<p>Ion a str\u00e2ns buzele.<\/p>\n\n\n\n<p>Nu voia scandal. Nu voia ru\u0219ine. Toat\u0103 via\u021ba lui fusese simpl\u0103 \u0219i lini\u0219tit\u0103.<\/p>\n\n\n\n<p>Dar Maria st\u0103tea calm\u0103.<\/p>\n\n\n\n<p>Parc\u0103 a\u0219tepta ceva.<\/p>\n\n\n\n<p>C\u00e2teva secunde mai t\u00e2rziu, din spatele magazinului a ap\u0103rut o femeie elegant\u0103, \u00een jur de cincizeci de ani.<\/p>\n\n\n\n<p>Era clar c\u0103 ea era proprietara.<\/p>\n\n\n\n<p>To\u021bi angaja\u021bii s-au \u00eendreptat imediat.<\/p>\n\n\n\n<p>\u2014 Doamn\u0103 Elena, spuse v\u00e2nz\u0103toarea.<\/p>\n\n\n\n<p>Femeia a privit scena c\u00e2teva clipe.<\/p>\n\n\n\n<p>Apoi privirea ei s-a oprit direct asupra lui Ion.<\/p>\n\n\n\n<p>Pentru o secund\u0103\u2026 fa\u021ba ei s-a schimbat.<\/p>\n\n\n\n<p>A f\u0103cut c\u00e2\u021biva pa\u0219i \u00eenainte.<\/p>\n\n\n\n<p>Magazinul era complet t\u0103cut.<\/p>\n\n\n\n<p>Femeia s-a oprit \u00een fa\u021ba lui Ion.<\/p>\n\n\n\n<p>\u0218i, spre surprinderea tuturor, i-a z\u00e2mbit cald.<\/p>\n\n\n\n<p>\u2014 Dumneavoastr\u0103 sunte\u021bi tat\u0103l Mariei, nu-i a\u0219a?<\/p>\n\n\n\n<p>Ion a clipit confuz.<\/p>\n\n\n\n<p>\u2014 Da\u2026 eu sunt.<\/p>\n\n\n\n<p>Femeia s-a \u00eentors spre angaja\u021bi.<\/p>\n\n\n\n<p>\u2014 Vreau s\u0103 v\u0103 spun ceva despre acest om.<\/p>\n\n\n\n<p>To\u021bi au r\u0103mas nemi\u0219ca\u021bi.<\/p>\n\n\n\n<p>\u2014 Acum patru ani, fata lui a venit la mine pentru un internship. Era student\u0103 \u0219i nu avea bani nici pentru transport.<\/p>\n\n\n\n<p>Maria a z\u00e2mbit timid.<\/p>\n\n\n\n<p>Femeia a continuat:<\/p>\n\n\n\n<p>\u2014 Dar avea ceva ce nu se cump\u0103r\u0103 cu bani: ambi\u021bie, respect \u0219i educa\u021bie. Iar c\u00e2nd am \u00eentrebat-o cine a crescut-o a\u0219a\u2026 mi-a spus despre tat\u0103l ei.<\/p>\n\n\n\n<p>Ion sim\u021bea c\u0103 nu mai \u00een\u021belege nimic.<\/p>\n\n\n\n<p>Femeia s-a \u00eentors din nou spre el.<\/p>\n\n\n\n<p>\u2014 \u00cen ultimii trei ani, Maria a muncit aici. A \u00eenv\u0103\u021bat tot. De la v\u00e2nz\u0103ri p\u00e2n\u0103 la administrarea magazinului.<\/p>\n\n\n\n<p>O v\u00e2nz\u0103toare a murmurat surprins\u0103.<\/p>\n\n\n\n<p>\u2014 Iar ast\u0103zi\u2026 a devenit partenerul meu de afaceri.<\/p>\n\n\n\n<p>Magazinul a r\u0103mas mut.<\/p>\n\n\n\n<p>Ion s-a uitat la Maria cu ochii mari.<\/p>\n\n\n\n<p>\u2014 Ce\u2026?<\/p>\n\n\n\n<p>Maria i-a str\u00e2ns m\u00e2na.<\/p>\n\n\n\n<p>\u2014 Tat\u0103\u2026 magazinul acesta este \u0219i al meu acum.<\/p>\n\n\n\n<p>Ion nu a spus nimic.<\/p>\n\n\n\n<p>Ochii lui s-au umplut de lacrimi.<\/p>\n\n\n\n<p>Femeia a z\u00e2mbit.<\/p>\n\n\n\n<p>\u2014 \u0218i mai este ceva.<\/p>\n\n\n\n<p>A f\u0103cut semn unei angajate.<\/p>\n\n\n\n<p>Dup\u0103 c\u00e2teva secunde, aceasta a adus o cutie elegant\u0103.<\/p>\n\n\n\n<p>Maria a deschis-o.<\/p>\n\n\n\n<p>\u00cen\u0103untru era un costum simplu, dar foarte frumos.<\/p>\n\n\n\n<p>\u2014 Pentru tine, tat\u0103.<\/p>\n\n\n\n<p>Ion a \u00eencercat s\u0103 protesteze.<\/p>\n\n\n\n<p>\u2014 Dar cost\u0103 prea mult\u2026<\/p>\n\n\n\n<p>Maria a dat din cap.<\/p>\n\n\n\n<p>\u2014 Nu. Cost\u0103 exact c\u00e2t valoreaz\u0103 munca ta.<\/p>\n\n\n\n<p>Ion nu s-a mai putut ab\u021bine.<\/p>\n\n\n\n<p>Lacrimile i-au curs pe obraji.<\/p>\n\n\n\n<p>Ani \u00eentregi de oboseal\u0103, sacrificii \u0219i griji p\u0103reau s\u0103 se topeasc\u0103 \u00eentr-un singur moment.<\/p>\n\n\n\n<p>Oamenii din magazin nu mai r\u00e2deau.<\/p>\n\n\n\n<p>Unii chiar priveau ru\u0219ina\u021bi \u00een jos.<\/p>\n\n\n\n<p>Maria l-a \u00eembr\u0103\u021bi\u0219at.<\/p>\n\n\n\n<p>\u2014 \u021ai-am spus c\u0103 \u00eentr-o zi o s\u0103-\u021bi \u00eentorc tot.<\/p>\n\n\n\n<p>Ion a str\u00e2ns-o \u00een bra\u021be, cu glasul tremurat.<\/p>\n\n\n\n<p>\u2014 Nu trebuia\u2026 eu doar mi-am f\u0103cut datoria.<\/p>\n\n\n\n<p>Maria a z\u00e2mbit.<\/p>\n\n\n\n<p>\u2014 Nu, tat\u0103. Ai f\u0103cut mai mult dec\u00e2t at\u00e2t.<\/p>\n\n\n\n<p>\u00cen acea zi, omul care intrase timid \u00eentr-un magazin de lux a ie\u0219it \u021bin\u00e2nd capul sus.<\/p>\n\n\n\n<p>Nu pentru c\u0103 purta haine scumpe.<\/p>\n\n\n\n<p>Ci pentru c\u0103 toat\u0103 lumea aflase adev\u0103rul.<\/p>\n\n\n\n<p>\u00cen spatele unui om simplu\u2026 se ascundea un tat\u0103 care a construit, prin munc\u0103 \u0219i dragoste, un viitor \u00eentreg.<\/p>\n\n\n\n<p><em>Aceast\u0103 lucrare este inspirat\u0103 din evenimente \u0219i persoane reale, \u00eens\u0103 a fost fic\u021bionalizat\u0103 \u00een scopuri creative. Numele, personajele \u0219i detaliile au fost schimbate pentru a proteja intimitatea \u0219i pentru a \u00eembun\u0103t\u0103\u021bi nara\u021biunea. Orice asem\u0103nare cu persoane reale, \u00een via\u021b\u0103 sau decedate, sau cu evenimente reale este pur \u00eent\u00e2mpl\u0103toare \u0219i nu este inten\u021bionat\u0103 de c\u0103tre autor.<\/em><\/p>\n\n\n\n<p><em>Autorul \u0219i editorul nu \u00ee\u0219i asum\u0103 responsabilitatea pentru exactitatea evenimentelor sau pentru modul \u00een care sunt portretizate personajele \u0219i nu sunt r\u0103spunz\u0103tori pentru eventuale interpret\u0103ri gre\u0219ite. Aceast\u0103 poveste este oferit\u0103 \u201eca atare\u201d, iar orice opinii exprimate apar\u021bin personajelor \u0219i nu reflect\u0103 punctele de vedere ale autorului sau ale editorului.<\/em><\/p>\n","protected":false},"excerpt":{"rendered":"<p>\u00cen magazin s-a f\u0103cut o lini\u0219te ciudat\u0103. V\u00e2nz\u0103toarele s-au privit \u00eentre ele. Una dintre ele \u0219i-a acoperit gura, \u00eencerc\u00e2nd s\u0103-\u0219i ascund\u0103 un z\u00e2mbet ironic. Un<\/p>\n","protected":false},"author":1,"featured_media":46552,"comment_status":"closed","ping_status":"closed","sticky":false,"template":"","format":"standard","meta":[],"categories":[1],"tags":[],"_links":{"self":[{"href":"https:\/\/calatorinromania.com\/index.php?rest_route=\/wp\/v2\/posts\/46622"}],"collection":[{"href":"https:\/\/calatorinromania.com\/index.php?rest_route=\/wp\/v2\/posts"}],"about":[{"href":"https:\/\/calatorinromania.com\/index.php?rest_route=\/wp\/v2\/types\/post"}],"author":[{"embeddable":true,"href":"https:\/\/calatorinromania.com\/index.php?rest_route=\/wp\/v2\/users\/1"}],"replies":[{"embeddable":true,"href":"https:\/\/calatorinromania.com\/index.php?rest_route=%2Fwp%2Fv2%2Fcomments&post=46622"}],"version-history":[{"count":1,"href":"https:\/\/calatorinromania.com\/index.php?rest_route=\/wp\/v2\/posts\/46622\/revisions"}],"predecessor-version":[{"id":46623,"href":"https:\/\/calatorinromania.com\/index.php?rest_route=\/wp\/v2\/posts\/46622\/revisions\/46623"}],"wp:featuredmedia":[{"embeddable":true,"href":"https:\/\/calatorinromania.com\/index.php?rest_route=\/wp\/v2\/media\/46552"}],"wp:attachment":[{"href":"https:\/\/calatorinromania.com\/index.php?rest_route=%2Fwp%2Fv2%2Fmedia&parent=46622"}],"wp:term":[{"taxonomy":"category","embeddable":true,"href":"https:\/\/calatorinromania.com\/index.php?rest_route=%2Fwp%2Fv2%2Fcategories&post=46622"},{"taxonomy":"post_tag","embeddable":true,"href":"https:\/\/calatorinromania.com\/index.php?rest_route=%2Fwp%2Fv2%2Ftags&post=46622"}],"curies":[{"name":"wp","href":"https:\/\/api.w.org\/{rel}","templated":true}]}}