{"id":46614,"date":"2026-03-12T09:05:46","date_gmt":"2026-03-12T09:05:46","guid":{"rendered":"https:\/\/calatorinromania.com\/?p=46614"},"modified":"2026-03-12T09:05:47","modified_gmt":"2026-03-12T09:05:47","slug":"caine-batran-cu-ochi-obositi-si-cu-o-tablita-agatata-de-gat-pe-care-scria-nu-l-adopta","status":"publish","type":"post","link":"https:\/\/calatorinromania.com\/?p=46614","title":{"rendered":"C\u00e2ine b\u0103tr\u00e2n, cu ochi obosi\u021bi \u0219i cu o t\u0103bli\u021b\u0103 ag\u0103\u021bat\u0103 de g\u00e2t pe care scria \u201eNu-l adopta\u201d"},"content":{"rendered":"\n<p>Era un sunet scurt. Slab. Aproape imperceptibil.<\/p>\n\n\n\n<p><\/p>\n\n\n\n<p>Dar pentru C\u0103pitan nu era un sunet oarecare.<\/p>\n\n\n\n<p><\/p>\n\n\n\n<p>Era un sunet de pericol.<\/p>\n\n\n\n<p><\/p>\n\n\n\n<p>C\u00e2inele s-a ridicat imediat. Mi\u0219carea lui nu mai avea nimic din lentoarea obi\u0219nuit\u0103. Ochii \u00eei deveniser\u0103 brusc aten\u021bi.<\/p>\n\n\n\n<p><\/p>\n\n\n\n<p>A mers repede spre camera Mariei.<\/p>\n\n\n\n<p><\/p>\n\n\n\n<p>U\u0219a era \u00eentredeschis\u0103.<\/p>\n\n\n\n<p><\/p>\n\n\n\n<p>Din\u0103untru se auzea respira\u021bia feti\u021bei\u2026 dar ceva era diferit. Prea grea. Prea sacadat\u0103.<\/p>\n\n\n\n<p><\/p>\n\n\n\n<p>C\u0103pitan a \u00eempins u\u0219a cu botul.<\/p>\n\n\n\n<p><\/p>\n\n\n\n<p>Maria dormea \u00een pat, cu p\u0103tura dat\u0103 \u00eentr-o parte. Fa\u021ba \u00eei era palid\u0103.<\/p>\n\n\n\n<p><\/p>\n\n\n\n<p>C\u00e2inele s-a apropiat.<\/p>\n\n\n\n<p><\/p>\n\n\n\n<p>A ascultat.<\/p>\n\n\n\n<p><\/p>\n\n\n\n<p>Respira\u021bia ei era neregulat\u0103.<\/p>\n\n\n\n<p><\/p>\n\n\n\n<p>Un fel de g\u00e2f\u00e2it mic, \u00eentrerupt.<\/p>\n\n\n\n<p><\/p>\n\n\n\n<p>Exact sunetul pe care \u00eel mai auzise c\u00e2ndva.<\/p>\n\n\n\n<p>Cu mul\u021bi ani \u00een urm\u0103.<\/p>\n\n\n\n<p>\u00cenainte s\u0103 ajung\u0103 la ad\u0103post.<\/p>\n\n\n\n<p>C\u0103pitan fusese c\u00e2ndva c\u00e2ine de salvare, antrenat pentru situa\u021bii medicale. Fusese al unui paramedic din Bucure\u0219ti, un om care \u00eel \u00eenv\u0103\u021base s\u0103 recunoasc\u0103 problemele de respira\u021bie \u0219i crizele periculoase.<\/p>\n\n\n\n<p>Dup\u0103 ce st\u0103p\u00e2nul murise \u00eentr-un accident, c\u00e2inele ajunsese abandonat.<\/p>\n\n\n\n<p>Anii trecuser\u0103.<\/p>\n\n\n\n<p>Dar instinctul nu disp\u0103ruse.<\/p>\n\n\n\n<p>C\u0103pitan a \u00eenceput s\u0103 latre.<\/p>\n\n\n\n<p>Puternic.<\/p>\n\n\n\n<p>O dat\u0103.<\/p>\n\n\n\n<p>Apoi din nou.<\/p>\n\n\n\n<p>Mama Mariei s-a trezit speriat\u0103.<\/p>\n\n\n\n<p>\u2014 C\u0103pitan! Ce s-a \u00eent\u00e2mplat?!<\/p>\n\n\n\n<p>C\u00e2inele nu se oprea.<\/p>\n\n\n\n<p>L\u0103tra \u0219i zg\u00e2ria u\u0219a dormitorului.<\/p>\n\n\n\n<p>Femeia s-a ridicat iritat\u0103, dar c\u00e2nd a intrat \u00een camera feti\u021bei, s-a oprit brusc.<\/p>\n\n\n\n<p>Maria nu respira normal.<\/p>\n\n\n\n<p>\u2014 Maria! \u2014 a strigat ea, apropiindu-se.<\/p>\n\n\n\n<p>Feti\u021ba nu r\u0103spundea.<\/p>\n\n\n\n<p>Panicat\u0103, femeia a pus m\u00e2na pe telefon \u0219i a sunat la ambulan\u021b\u0103.<\/p>\n\n\n\n<p>C\u0103pitan st\u0103tea l\u00e2ng\u0103 pat, nemi\u0219cat, cu ochii fixa\u021bi pe copil.<\/p>\n\n\n\n<p>Dup\u0103 zece minute care au p\u0103rut o eternitate, sirena ambulan\u021bei s-a auzit pe strad\u0103.<\/p>\n\n\n\n<p>Paramedicii au intrat \u00een grab\u0103.<\/p>\n\n\n\n<p>Dup\u0103 c\u00e2teva minute de interven\u021bie, unul dintre ei a spus:<\/p>\n\n\n\n<p>\u2014 A fost o criz\u0103 respiratorie serioas\u0103. Dac\u0103 nu era observat\u0103 la timp, putea fi mult mai grav.<\/p>\n\n\n\n<p>Mama Mariei a sim\u021bit cum i se taie picioarele.<\/p>\n\n\n\n<p>\u2014 Eu\u2026 eu dormeam\u2026 n-am auzit nimic\u2026<\/p>\n\n\n\n<p>Paramedicul s-a uitat spre c\u00e2ine.<\/p>\n\n\n\n<p>\u2014 El v-a trezit?<\/p>\n\n\n\n<p>Femeia a dat din cap.<\/p>\n\n\n\n<p>Omul a z\u00e2mbit u\u0219or.<\/p>\n\n\n\n<p>\u2014 Atunci el a salvat-o.<\/p>\n\n\n\n<p>C\u0103pitan st\u0103tea lini\u0219tit l\u00e2ng\u0103 u\u0219\u0103, de parc\u0103 nimic nu se \u00eent\u00e2mplase.<\/p>\n\n\n\n<p>C\u00e2nd Maria \u0219i-a revenit c\u00e2teva ore mai t\u00e2rziu, primul lucru pe care l-a v\u0103zut a fost c\u00e2inele culcat l\u00e2ng\u0103 pat.<\/p>\n\n\n\n<p>Feti\u021ba a \u00eentins m\u00e2na \u0219i i-a m\u00e2ng\u00e2iat capul.<\/p>\n\n\n\n<p>\u2014 \u0218tiam eu\u2026 \u2014 a murmurat ea somnoroas\u0103 \u2014 c\u0103 e special.<\/p>\n\n\n\n<p>Mama ei avea lacrimi \u00een ochi.<\/p>\n\n\n\n<p>\u00cen zilele urm\u0103toare, povestea s-a r\u0103sp\u00e2ndit printre voluntarii ad\u0103postului.<\/p>\n\n\n\n<p>To\u021bi au \u00een\u021beles \u00een sf\u00e2r\u0219it de ce C\u0103pitan se ridica doar c\u00e2nd vedea copii.<\/p>\n\n\n\n<p>Nu pentru c\u0103 voia joac\u0103.<\/p>\n\n\n\n<p>Ci pentru c\u0103 \u00eei proteja.<\/p>\n\n\n\n<p>Dup\u0103 opt ani de a\u0219teptare, c\u00e2inele b\u0103tr\u00e2n \u00ee\u0219i g\u0103sise, \u00een sf\u00e2r\u0219it, locul.<\/p>\n\n\n\n<p>Iar \u00een fiecare sear\u0103, c\u00e2nd Maria adormea, C\u0103pitan st\u0103tea la u\u0219\u0103.<\/p>\n\n\n\n<p>Lini\u0219tit.<\/p>\n\n\n\n<p>Cu ochii \u00eenchi\u0219i.<\/p>\n\n\n\n<p>Dar mereu atent.<\/p>\n\n\n\n<p>Pentru c\u0103 uneori, eroii adev\u0103ra\u021bi nu latr\u0103 tare \u0219i nu alearg\u0103 repede.<\/p>\n\n\n\n<p>Uneori\u2026 doar a\u0219teapt\u0103 persoana pe care trebuie s\u0103 o salveze.&nbsp;<img decoding=\"async\" alt=\"\ud83d\udc3e\" src=\"https:\/\/s.w.org\/images\/core\/emoji\/17.0.2\/svg\/1f43e.svg\"><\/p>\n\n\n\n<p><em>Aceast\u0103 lucrare este inspirat\u0103 din evenimente \u0219i persoane reale, \u00eens\u0103 a fost fic\u021bionalizat\u0103 \u00een scopuri creative. Numele, personajele \u0219i detaliile au fost schimbate pentru a proteja intimitatea \u0219i pentru a \u00eembun\u0103t\u0103\u021bi nara\u021biunea. Orice asem\u0103nare cu persoane reale, \u00een via\u021b\u0103 sau decedate, sau cu evenimente reale este pur \u00eent\u00e2mpl\u0103toare \u0219i nu este inten\u021bionat\u0103 de c\u0103tre autor.<\/em><\/p>\n\n\n\n<p><em>Autorul \u0219i editorul nu \u00ee\u0219i asum\u0103 responsabilitatea pentru exactitatea evenimentelor sau pentru modul \u00een care sunt portretizate personajele \u0219i nu sunt r\u0103spunz\u0103tori pentru eventuale interpret\u0103ri gre\u0219ite. Aceast\u0103 poveste este oferit\u0103 \u201eca atare\u201d, iar orice opinii exprimate apar\u021bin personajelor \u0219i nu reflect\u0103 punctele de vedere ale autorului sau ale editorului.<\/em><\/p>\n","protected":false},"excerpt":{"rendered":"<p>Era un sunet scurt. Slab. Aproape imperceptibil. Dar pentru C\u0103pitan nu era un sunet oarecare. Era un sunet de pericol. C\u00e2inele s-a ridicat imediat. Mi\u0219carea<\/p>\n","protected":false},"author":1,"featured_media":46552,"comment_status":"closed","ping_status":"closed","sticky":false,"template":"","format":"standard","meta":[],"categories":[1],"tags":[],"_links":{"self":[{"href":"https:\/\/calatorinromania.com\/index.php?rest_route=\/wp\/v2\/posts\/46614"}],"collection":[{"href":"https:\/\/calatorinromania.com\/index.php?rest_route=\/wp\/v2\/posts"}],"about":[{"href":"https:\/\/calatorinromania.com\/index.php?rest_route=\/wp\/v2\/types\/post"}],"author":[{"embeddable":true,"href":"https:\/\/calatorinromania.com\/index.php?rest_route=\/wp\/v2\/users\/1"}],"replies":[{"embeddable":true,"href":"https:\/\/calatorinromania.com\/index.php?rest_route=%2Fwp%2Fv2%2Fcomments&post=46614"}],"version-history":[{"count":1,"href":"https:\/\/calatorinromania.com\/index.php?rest_route=\/wp\/v2\/posts\/46614\/revisions"}],"predecessor-version":[{"id":46615,"href":"https:\/\/calatorinromania.com\/index.php?rest_route=\/wp\/v2\/posts\/46614\/revisions\/46615"}],"wp:featuredmedia":[{"embeddable":true,"href":"https:\/\/calatorinromania.com\/index.php?rest_route=\/wp\/v2\/media\/46552"}],"wp:attachment":[{"href":"https:\/\/calatorinromania.com\/index.php?rest_route=%2Fwp%2Fv2%2Fmedia&parent=46614"}],"wp:term":[{"taxonomy":"category","embeddable":true,"href":"https:\/\/calatorinromania.com\/index.php?rest_route=%2Fwp%2Fv2%2Fcategories&post=46614"},{"taxonomy":"post_tag","embeddable":true,"href":"https:\/\/calatorinromania.com\/index.php?rest_route=%2Fwp%2Fv2%2Ftags&post=46614"}],"curies":[{"name":"wp","href":"https:\/\/api.w.org\/{rel}","templated":true}]}}