{"id":46612,"date":"2026-03-12T08:56:14","date_gmt":"2026-03-12T08:56:14","guid":{"rendered":"https:\/\/calatorinromania.com\/?p=46612"},"modified":"2026-03-12T08:56:15","modified_gmt":"2026-03-12T08:56:15","slug":"a-muncit-35-de-ani-dar-a-inlemnit-cand-a-vazut-pensia-recalculata-suma-primita-e-o-umilinta-totala","status":"publish","type":"post","link":"https:\/\/calatorinromania.com\/?p=46612","title":{"rendered":"A muncit 35 de ani, dar a \u00eenlemnit c\u00e2nd a v\u0103zut pensia recalculat\u0103! Suma primit\u0103 e o umilin\u021b\u0103 total\u0103"},"content":{"rendered":"\n<h1><\/h1>\n\n\n\n<p><\/p>\n\n\n\n<p><\/p>\n\n\n\n<p>Un rom\u00e2n care a contribuit activ la sistemul public de pensii timp de peste 35 de ani a constatat, dup\u0103 recalculare, c\u0103 suma primit\u0103 lunar este insuficient\u0103 pentru acoperirea cheltuielilor de baz\u0103. \u00cen acest context, preciz\u0103rile venite din partea autorit\u0103\u021bilor nu sunt \u00eencurajatoare pentru persoanele care au ie\u0219it deja la pensie.<\/p>\n\n\n\n<p><\/p>\n\n\n\n<p>Situa\u021bia unui pensionar din municipiul Tulcea ilustreaz\u0103 dificult\u0103\u021bile cu care se confrunt\u0103 mii de cet\u0103\u021beni. De\u0219i a muncit mai bine de trei decenii, veniturile stabilite de stat r\u0103m\u00e2n la un nivel nea\u0219teptat de sc\u0103zut.<\/p>\n\n\n\n<p><\/p>\n\n\n\n<p><strong>Dosarul de pensionare al acestuia a fost \u00eenregistrat pe 14 decembrie 2023, \u00eens\u0103 plata drepturilor b\u0103ne\u0219ti a fost demarat\u0103 efectiv la 1 septembrie 2024, dup\u0103 ce institu\u021biile responsabile au \u00eencheiat analiza punctajului \u0219i a stagiului de cotizare.<\/strong><\/p>\n\n\n\n<p><\/p>\n\n\n\n<p>Potrivit datelor oficiale, b\u0103rbatul a realizat un stagiu total de cotizare de 35 de ani, 10 luni \u0219i 22 de zile. Din aceast\u0103 perioad\u0103, contribu\u021biile directe au fost virate timp de 31 de ani, 6 luni \u0219i 18 zile, restul intervalului fiind compus din stagii asimilate \u0219i perioade necontributive.<\/p>\n\n\n\n<p><\/p>\n\n\n\n<p>\u201eDe\u0219i am muncit mai bine de trei decenii, pensia stabilit\u0103 nu reflect\u0103 \u00een totalitate efortul depus\u201d, a declarat o surs\u0103 apropiat\u0103 cazului, subliniind nemul\u021bumirea fa\u021b\u0103 de modul \u00een care este recompensat\u0103 munca de o via\u021b\u0103.<\/p>\n\n\n\n<p><strong>\u00cen cazul pensionarului din Turda, calculul s-a bazat pe un punctaj anual de 25,58136 puncte, la care s-au ad\u0103ugat 3,66244 puncte de stabilitate pentru anii lucra\u021bi peste pragul de 25 de ani. Rezultatul final a fost de 29,2438 puncte, care, \u00eenmul\u021bite cu valoarea punctului de referin\u021b\u0103 de 81 de lei valabil\u0103 de la 1 septembrie 2024, au generat o pensie de 2.369 de lei.<\/strong><\/p>\n\n\n\n<p>Astfel, o persoan\u0103 cu peste 31 de ani de cotizare efectiv\u0103 ajunge s\u0103 \u00eencaseze o sum\u0103 care dep\u0103\u0219e\u0219te cu foarte pu\u021bin pragul minim, \u00een ciuda faptului c\u0103 a contribuit constant la bugetul asigur\u0103rilor sociale.<\/p>\n\n\n\n<p>O \u00eentrebare recurent\u0103 \u00een r\u00e2ndul celor afla\u021bi \u00een situa\u021bii similare este dac\u0103 pot opta pentru cump\u0103rarea de vechime pentru a-\u0219i m\u0103ri veniturile. Autorit\u0103\u021bile au clarificat \u00eens\u0103 c\u0103 legisla\u021bia nu permite achizi\u021bionarea de ani de vechime dup\u0103 ce persoana a devenit deja pensionar \u00een plat\u0103.<\/p>\n\n\n\n<p><strong>Pentru context, costul pentru un singur an de vechime \u00een sistemul public era de 12.150 de lei \u00een cursul anului 2024. Chiar dac\u0103 beneficiarul ar fi dispus s\u0103 achite aceast\u0103 sum\u0103 pentru a ajunge la un stagiu de 35 de ani de contribu\u021bie efectiv\u0103, cadrul legal actual interzice acest demers dup\u0103 \u00eenceperea \u00eencas\u0103rii pensiei.<\/strong><\/p>\n\n\n\n<p>Problema semnalat\u0103 la Turda reflect\u0103 o realitate extins\u0103 la nivel na\u021bional. Statisticile arat\u0103 c\u0103, \u00een a doua parte a anului 2025, peste 1,7 milioane de pensionari rom\u00e2ni primeau sume mai mici de 2.000 de lei, dintr-un total de aproximativ 4,7 milioane de beneficiari.<\/p>\n\n\n\n<p>Conform unor date centralizate anterior, \u00een 2024, aproape 38% din totalul pensionarilor se \u00eencadrau \u00een categoria celor cu venituri de p\u00e2n\u0103 la 2.000 de lei, ceea ce indic\u0103 faptul c\u0103 aceste cuantumuri reduse reprezint\u0103 o problem\u0103 sistemic\u0103 a mecanismului de pensii din Rom\u00e2nia.<\/p>\n","protected":false},"excerpt":{"rendered":"<p>Un rom\u00e2n care a contribuit activ la sistemul public de pensii timp de peste 35 de ani a constatat, dup\u0103 recalculare, c\u0103 suma primit\u0103 lunar<\/p>\n","protected":false},"author":1,"featured_media":46552,"comment_status":"closed","ping_status":"closed","sticky":false,"template":"","format":"standard","meta":[],"categories":[1],"tags":[],"_links":{"self":[{"href":"https:\/\/calatorinromania.com\/index.php?rest_route=\/wp\/v2\/posts\/46612"}],"collection":[{"href":"https:\/\/calatorinromania.com\/index.php?rest_route=\/wp\/v2\/posts"}],"about":[{"href":"https:\/\/calatorinromania.com\/index.php?rest_route=\/wp\/v2\/types\/post"}],"author":[{"embeddable":true,"href":"https:\/\/calatorinromania.com\/index.php?rest_route=\/wp\/v2\/users\/1"}],"replies":[{"embeddable":true,"href":"https:\/\/calatorinromania.com\/index.php?rest_route=%2Fwp%2Fv2%2Fcomments&post=46612"}],"version-history":[{"count":1,"href":"https:\/\/calatorinromania.com\/index.php?rest_route=\/wp\/v2\/posts\/46612\/revisions"}],"predecessor-version":[{"id":46613,"href":"https:\/\/calatorinromania.com\/index.php?rest_route=\/wp\/v2\/posts\/46612\/revisions\/46613"}],"wp:featuredmedia":[{"embeddable":true,"href":"https:\/\/calatorinromania.com\/index.php?rest_route=\/wp\/v2\/media\/46552"}],"wp:attachment":[{"href":"https:\/\/calatorinromania.com\/index.php?rest_route=%2Fwp%2Fv2%2Fmedia&parent=46612"}],"wp:term":[{"taxonomy":"category","embeddable":true,"href":"https:\/\/calatorinromania.com\/index.php?rest_route=%2Fwp%2Fv2%2Fcategories&post=46612"},{"taxonomy":"post_tag","embeddable":true,"href":"https:\/\/calatorinromania.com\/index.php?rest_route=%2Fwp%2Fv2%2Ftags&post=46612"}],"curies":[{"name":"wp","href":"https:\/\/api.w.org\/{rel}","templated":true}]}}