{"id":46607,"date":"2026-03-12T08:25:16","date_gmt":"2026-03-12T08:25:16","guid":{"rendered":"https:\/\/calatorinromania.com\/?p=46607"},"modified":"2026-03-12T08:25:16","modified_gmt":"2026-03-12T08:25:16","slug":"iesi-din-casa-mea","status":"publish","type":"post","link":"https:\/\/calatorinromania.com\/?p=46607","title":{"rendered":"\u201eIe\u0219i din casa mea!\u201d"},"content":{"rendered":"\n<p>Am \u00eenchis telefonul \u0219i am r\u0103mas c\u00e2teva secunde privind peretele. Nu tremuram. Nu pl\u00e2ngeam. Era lini\u0219tea aceea periculoas\u0103 care vine c\u00e2nd \u021bi se adun\u0103 toate adev\u0103rurile \u00een piept.<\/p>\n\n\n\n<p><\/p>\n\n\n\n<p>Am scos din sertar mapa cu acte. O \u0219tiam pe dinafar\u0103. Contractul de v\u00e2nzare-cump\u0103rare, semnat de p\u0103rin\u021bii mei. Extrasul de carte funciar\u0103. Totul clar, negru pe alb. Numele meu. Doar al meu.<\/p>\n\n\n\n<p><\/p>\n\n\n\n<p>Din sufragerie se auzea Marta bomb\u0103nind. Deschidea sertare, tr\u00e2ntea u\u0219i. Vorbea la telefon cu cineva, probabil cu vreo vecin\u0103, juc\u00e2nd rolul victimei.<\/p>\n\n\n\n<p><\/p>\n\n\n\n<p>\u201eDa, draga mea, nora mea vrea s\u0103-mi fure casa\u2026 Noroc c\u0103 vine Andrei.\u201d<\/p>\n\n\n\n<p><\/p>\n\n\n\n<p>Am z\u00e2mbit amar.<\/p>\n\n\n\n<p><\/p>\n\n\n\n<p>Dup\u0103 exact patruzeci \u0219i \u0219apte de minute, cheia s-a \u00eenv\u00e2rtit \u00een u\u0219\u0103. Andrei a intrat gr\u0103bit, cu haina pe el, transpirat, cu privirea evit\u00e2nd-o pe a mea.<\/p>\n\n\n\n<p><\/p>\n\n\n\n<p>\u201eCe se \u00eent\u00e2mpl\u0103 aici?\u201d a \u00eentrebat, pref\u0103c\u00e2ndu-se mirat.<\/p>\n\n\n\n<p><\/p>\n\n\n\n<p>\u201e\u00centreab-o pe ea!\u201d a s\u0103rit Marta. \u201eVrea s\u0103 ne dea afar\u0103 din casa ta!\u201d<\/p>\n\n\n\n<p><\/p>\n\n\n\n<p>M-am apropiat calm, cu mapa \u00een m\u00e2n\u0103.<\/p>\n\n\n\n<p><\/p>\n\n\n\n<p>\u201eAndrei,\u201d am spus rar. \u201eAi o ultim\u0103 \u0219ans\u0103 s\u0103 spui adev\u0103rul.\u201d<\/p>\n\n\n\n<p><\/p>\n\n\n\n<p>A \u00eenghi\u021bit \u00een sec.<\/p>\n\n\n\n<p>\u201eIoana, hai s\u0103 nu facem circ\u2026\u201d<\/p>\n\n\n\n<p>Am deschis mapa \u0219i am scos actele. Le-am \u00eentins mamei lui.<\/p>\n\n\n\n<p>\u201eCite\u0219te,\u201d i-am spus.<\/p>\n\n\n\n<p>Marta a luat foile cu m\u00e2inile tremur\u00e2nde. La \u00eenceput a pufnit dispre\u021buitor. Apoi a t\u0103cut. Ochii \u00eei alergau pe r\u00e2nduri. Fa\u021ba i s-a albit.<\/p>\n\n\n\n<p>\u201eCe\u2026 ce-i asta?\u201d a \u0219optit.<\/p>\n\n\n\n<p>\u201eAdev\u0103rul,\u201d i-am r\u0103spuns. \u201eApartamentul e cump\u0103rat de p\u0103rin\u021bii mei, \u00eenainte de nunt\u0103. Pe numele meu.\u201d<\/p>\n\n\n\n<p>S-a \u00eentors spre fiul ei.<\/p>\n\n\n\n<p>\u201eAndrei?\u201d<\/p>\n\n\n\n<p>El n-a spus nimic.<\/p>\n\n\n\n<p>Atunci a \u00een\u021beles. \u0218i ceva s-a rupt definitiv \u00een privirea ei.<\/p>\n\n\n\n<p>\u201eDeci\u2026 ne-ai min\u021bit?\u201d<\/p>\n\n\n\n<p>A \u00eencercat s\u0103 spun\u0103 ceva, dar cuvintele nu i-au ie\u0219it. Pentru prima dat\u0103, Andrei p\u0103rea mic.<\/p>\n\n\n\n<p>\u201eIe\u0219i\u021bi,\u201d am spus calm.<\/p>\n\n\n\n<p>\u201eCum adic\u0103?\u201d a s\u0103rit el.<\/p>\n\n\n\n<p>\u201eIe\u0219i\u021bi din casa mea. Am tolerat destule. Minciuni, umilin\u021be, jigniri. De azi, nu mai e loc pentru voi aici.\u201d<\/p>\n\n\n\n<p>\u201eNu po\u021bi face asta!\u201d a \u021bipat Marta.<\/p>\n\n\n\n<p>\u201eBa pot. \u0218i o fac.\u201d<\/p>\n\n\n\n<p>Am deschis u\u0219a larg.<\/p>\n\n\n\n<p>Au plecat f\u0103r\u0103 s\u0103 mai spun\u0103 nimic. Cu fe\u021bele \u00eencruntate, cu pa\u0219i gr\u0103bi\u021bi. F\u0103r\u0103 s\u0103 se uite \u00eenapoi.<\/p>\n\n\n\n<p>\u00cen seara aceea am sunat un avocat. A doua zi am depus actele de divor\u021b.<\/p>\n\n\n\n<p>Nu a fost u\u0219or. Au urmat telefoane, rug\u0103min\u021bi, amenin\u021b\u0103ri. Dar pentru prima dat\u0103, nu m-am mai cl\u0103tinat.<\/p>\n\n\n\n<p>Dup\u0103 c\u00e2teva luni, st\u0103team din nou \u00een buc\u0103t\u0103ria mea. Cu o can\u0103 de cafea cald\u0103. O vaz\u0103 nou\u0103 pe mas\u0103. \u0218i lini\u0219te.<\/p>\n\n\n\n<p>Lini\u0219tea aceea bun\u0103. A unui om care, \u00een sf\u00e2r\u0219it, \u0219i-a luat via\u021ba \u00eenapoi.<\/p>\n\n\n\n<p><em>Aceast\u0103 lucrare este inspirat\u0103 din evenimente \u0219i persoane reale, \u00eens\u0103 a fost fic\u021bionalizat\u0103 \u00een scopuri creative. Numele, personajele \u0219i detaliile au fost schimbate pentru a proteja intimitatea \u0219i pentru a \u00eembun\u0103t\u0103\u021bi nara\u021biunea. Orice asem\u0103nare cu persoane reale, \u00een via\u021b\u0103 sau decedate, sau cu evenimente reale este pur \u00eent\u00e2mpl\u0103toare \u0219i nu este inten\u021bionat\u0103 de c\u0103tre autor.<\/em><\/p>\n\n\n\n<p><em>Autorul \u0219i editorul nu \u00ee\u0219i asum\u0103 responsabilitatea pentru exactitatea evenimentelor sau pentru modul \u00een care sunt portretizate personajele \u0219i nu sunt r\u0103spunz\u0103tori pentru eventuale interpret\u0103ri gre\u0219ite. Aceast\u0103 poveste este oferit\u0103 \u201eca atare\u201d, iar orice opinii exprimate apar\u021bin personajelor \u0219i nu reflect\u0103 punctele de vedere ale autorului sau ale editorului.<\/em><\/p>\n","protected":false},"excerpt":{"rendered":"<p>Am \u00eenchis telefonul \u0219i am r\u0103mas c\u00e2teva secunde privind peretele. Nu tremuram. Nu pl\u00e2ngeam. Era lini\u0219tea aceea periculoas\u0103 care vine c\u00e2nd \u021bi se adun\u0103 toate<\/p>\n","protected":false},"author":1,"featured_media":46552,"comment_status":"closed","ping_status":"closed","sticky":false,"template":"","format":"standard","meta":[],"categories":[1],"tags":[],"_links":{"self":[{"href":"https:\/\/calatorinromania.com\/index.php?rest_route=\/wp\/v2\/posts\/46607"}],"collection":[{"href":"https:\/\/calatorinromania.com\/index.php?rest_route=\/wp\/v2\/posts"}],"about":[{"href":"https:\/\/calatorinromania.com\/index.php?rest_route=\/wp\/v2\/types\/post"}],"author":[{"embeddable":true,"href":"https:\/\/calatorinromania.com\/index.php?rest_route=\/wp\/v2\/users\/1"}],"replies":[{"embeddable":true,"href":"https:\/\/calatorinromania.com\/index.php?rest_route=%2Fwp%2Fv2%2Fcomments&post=46607"}],"version-history":[{"count":1,"href":"https:\/\/calatorinromania.com\/index.php?rest_route=\/wp\/v2\/posts\/46607\/revisions"}],"predecessor-version":[{"id":46608,"href":"https:\/\/calatorinromania.com\/index.php?rest_route=\/wp\/v2\/posts\/46607\/revisions\/46608"}],"wp:featuredmedia":[{"embeddable":true,"href":"https:\/\/calatorinromania.com\/index.php?rest_route=\/wp\/v2\/media\/46552"}],"wp:attachment":[{"href":"https:\/\/calatorinromania.com\/index.php?rest_route=%2Fwp%2Fv2%2Fmedia&parent=46607"}],"wp:term":[{"taxonomy":"category","embeddable":true,"href":"https:\/\/calatorinromania.com\/index.php?rest_route=%2Fwp%2Fv2%2Fcategories&post=46607"},{"taxonomy":"post_tag","embeddable":true,"href":"https:\/\/calatorinromania.com\/index.php?rest_route=%2Fwp%2Fv2%2Ftags&post=46607"}],"curies":[{"name":"wp","href":"https:\/\/api.w.org\/{rel}","templated":true}]}}