{"id":46604,"date":"2026-03-12T08:20:02","date_gmt":"2026-03-12T08:20:02","guid":{"rendered":"https:\/\/calatorinromania.com\/?p=46604"},"modified":"2026-03-12T08:20:02","modified_gmt":"2026-03-12T08:20:02","slug":"o-femeie-insarcinata-respinsa-de-familia-ei-a-avut-grija-de-soacra-ei-pana-la-sfarsitul-vietii-ei-si-a-inteles-de-ce-nimeni-nu-o-iubea","status":"publish","type":"post","link":"https:\/\/calatorinromania.com\/?p=46604","title":{"rendered":"<br>O femeie \u00eens\u0103rcinat\u0103, respins\u0103 de familia ei, a avut grij\u0103 de soacra ei p\u00e2n\u0103 la sf\u00e2r\u0219itul vie\u021bii ei\u2026 \u0219i a \u00een\u021beles de ce nimeni nu o iubea"},"content":{"rendered":"\n<p><\/p>\n\n\n\n<p><\/p>\n\n\n\n<p>O femeie \u00eens\u0103rcinat\u0103, respins\u0103 de familia ei, a avut grij\u0103 de soacra ei p\u00e2n\u0103 la sf\u00e2r\u0219itul vie\u021bii\u2026 \u0219i a \u00een\u021beles de ce nimeni nu o iubea<\/p>\n\n\n\n<p><\/p>\n\n\n\n<p>Sof\u00eda \u00ee\u0219i \u021binea burta \u00een a opta lun\u0103 de sarcin\u0103. Razele soarelui p\u0103trundeau prin perdelele camerei modeste, dar \u00een inima ei era frig. Vocea mamei \u00eenc\u0103 r\u0103suna \u00een memorie:<\/p>\n\n\n\n<p><\/p>\n\n\n\n<p>\u2014 Pleac\u0103 din cas\u0103 \u2014 a spus mama cu m\u00e2na tremur\u00e2nd\u0103. \u2014 \u0218i s\u0103 nu te \u00eentorci p\u00e2n\u0103 nu te vei m\u0103rita\u2026<\/p>\n\n\n\n<p><\/p>\n\n\n\n<p>Sof\u00eda \u0219i-a str\u00e2ns pumnii. Inima \u00eei b\u0103tea ca \u0219i cum ar fi vrut s\u0103 sar\u0103 din piept. Lumea pe care o cuno\u0219tea se pr\u0103bu\u0219ise.<\/p>\n\n\n\n<p><\/p>\n\n\n\n<p>Tat\u0103l copilului, Daniel Moreno, a disp\u0103rut imediat ce a aflat despre sarcin\u0103. La \u00eenceput a spus c\u0103 are nevoie de timp, apoi a \u00eencetat s\u0103 mai r\u0103spund\u0103 la telefon. Doar sora lui, Marisol, rece \u0219i gr\u0103bit\u0103, a ap\u0103rut la poart\u0103:<\/p>\n\n\n\n<p><\/p>\n\n\n\n<p>\u2014 Nu am venit pentru tine \u2014 a spus ea cu o u\u0219oar\u0103 arogan\u021b\u0103. \u2014 Po\u021bi locui \u00een cas\u0103 dac\u0103 ai grij\u0103 de mama. Dar ascult\u0103 bine: nu o l\u0103sa singur\u0103 \u0219i nu crede tot ce spune despre trecut. Nu mai este pe deplin \u00een toate min\u021bile.<\/p>\n\n\n\n<p>Sof\u00eda s-a speriat, dar foamea \u0219i frica nu i-au permis s\u0103 refuze. A acceptat.<\/p>\n\n\n\n<p>\u00cen aceea\u0219i zi, cu o mic\u0103 valiz\u0103 \u0219i cu inima tremur\u00e2nd\u0103, a pornit pe drumul vechi care ducea spre casa de la marginea ora\u0219ului. Casa p\u0103rea uitat\u0103: \u021bigle cr\u0103pate, c\u0103r\u0103mizi care se desprindeau, iarb\u0103 \u00eenalt\u0103. Dar pe verand\u0103 a \u00eent\u00e2mpinat-o privirea luminoas\u0103 a unei femei \u00een v\u00e2rst\u0103, \u00eengrijit\u0103 \u0219i curat\u0103.<\/p>\n\n\n\n<p>\u2014 Tu trebuie s\u0103 fii Sof\u00eda \u2014 a spus femeia cu o voce bl\u00e2nd\u0103. \u2014 Ce frumos este s\u0103 aud pa\u0219i tineri pe aceste coridoare.<\/p>\n\n\n\n<p>Sof\u00eda a r\u0103mas nemi\u0219cat\u0103. Nu era b\u0103tr\u00e2na amenin\u021b\u0103toare despre care i se vorbise. Femeia era fragil\u0103, dar avea o demnitate extraordinar\u0103.<\/p>\n\n\n\n<p>\u2014 Am venit s\u0103 am grij\u0103 de dumneavoastr\u0103, m\u0103tu\u0219\u0103 Amelia \u2014 a spus Sof\u00eda.<\/p>\n\n\n\n<p>Femeia a z\u00e2mbit trist:<\/p>\n\n\n\n<p>\u2014 Cine \u0219tie care dintre noi va avea grij\u0103 de cealalt\u0103.<\/p>\n\n\n\n<p>Interiorul casei era surprinz\u0103tor de curat \u0219i primitor, mirosea a p\u00e2ine proasp\u0103t\u0103 \u0219i scor\u021bi\u0219oar\u0103. Mobilierul, de\u0219i vechi, era bine \u00eengrijit. \u00cen camera Sof\u00edei era a\u0219ternut\u0103 lenjerie curat\u0103.<\/p>\n\n\n\n<p>Seara au cinat \u00eempreun\u0103: sup\u0103 cu t\u0103i\u021bei \u0219i cl\u0103tite proaspete. Amelia vorbea clar \u0219i \u00ee\u0219i amintea nume, date \u0219i evenimente.<\/p>\n\n\n\n<p>\u2014 De ce nu te viziteaz\u0103 familia ta? \u2014 a \u00eentrebat Sof\u00eda.<\/p>\n\n\n\n<p>\u2014 Pentru c\u0103 oamenilor le este mai u\u0219or s\u0103 dea vina pe o singur\u0103 persoan\u0103 dec\u00e2t s\u0103 \u00ee\u0219i recunoasc\u0103 propriile gre\u0219eli \u2014 a r\u0103spuns Amelia.<\/p>\n\n\n\n<p>A doua zi, Sof\u00eda a auzit de la vecini zvonuri teribile: c\u0103 Amelia \u201ear fi pus copiii \u00een pericol\u201d.<\/p>\n\n\n\n<p>Mai t\u00e2rziu Sof\u00eda a aflat adev\u0103rul: cu c\u00e2\u021biva ani \u00een urm\u0103, \u00eentr-un orfelinat condus de Amelia a izbucnit un mic incendiu din cauza unei instala\u021bii electrice defecte. Nimeni nu a fost r\u0103nit, copiii au fost evacua\u021bi rapid. Totu\u0219i, deoarece administra\u021bia a \u00eencercat s\u0103 ascund\u0103 incidentul, zvonurile s-au r\u0103sp\u00e2ndit.<\/p>\n\n\n\n<p>Sof\u00eda a decis s\u0103 afle adev\u0103rul. A mers la bibliotec\u0103 \u0219i la arhivele ora\u0219ului, a studiat documente vechi \u0219i rapoarte ale pompierilor. Totul ar\u0103ta c\u0103 Amelia a ac\u021bionat corect \u0219i cu eroism.<\/p>\n\n\n\n<p>A g\u0103sit c\u00e2\u021biva adul\u021bi care fuseser\u0103 copii \u00een acel orfelinat \u0219i au confirmat: Amelia i-a salvat pe to\u021bi.<\/p>\n\n\n\n<p>Sof\u00eda a apelat la avoca\u021bi, iar reputa\u021bia Ameliei a fost restabilit\u0103 oficial. Locuitorii satului au \u00eenceput s\u0103 \u00ee\u0219i cear\u0103 iertare.<\/p>\n\n\n\n<p>Sof\u00eda a n\u0103scut un b\u0103iat s\u0103n\u0103tos \u0219i l-a numit Mateo. Amelia a putut \u021bine din nou un copil \u00een bra\u021be f\u0103r\u0103 vin\u0103.<\/p>\n\n\n\n<p>Sof\u00eda a fondat \u201eCasa Ameliei\u201d, un ad\u0103post pentru femei \u00eens\u0103rcinate, v\u00e2rstnici \u0219i oameni afla\u021bi \u00een nevoie.<\/p>\n\n\n\n<p>\u2014 Mam\u0103, de ce sunt aici at\u00e2t de mul\u021bi oameni care nu sunt familia noastr\u0103? \u2014 a \u00eentrebat Mateo.<\/p>\n\n\n\n<p>\u2014 Pentru c\u0103 adev\u0103rata familie sunt cei care te ridic\u0103 atunci c\u00e2nd to\u021bi ceilal\u021bi pleac\u0103 \u2014 a r\u0103spuns Sof\u00eda.<\/p>\n\n\n\n<p>Casa Ameliei a devenit un loc al speran\u021bei, unde fiecare putea g\u0103si protec\u021bie \u0219i iubire.<\/p>\n\n\n\n<p><\/p>\n\n\n\n<p><\/p>\n\n\n\n<p>Aceast\u0103 lucrare este inspirat\u0103 din evenimente \u0219i persoane reale, \u00eens\u0103 a fost fic\u021bionalizat\u0103 \u00een scopuri creative. Numele, personajele \u0219i detaliile au fost schimbate pentru a proteja intimitatea \u0219i pentru a \u00eembun\u0103t\u0103\u021bi nara\u021biunea. Orice asem\u0103nare cu persoane reale, \u00een via\u021b\u0103 sau decedate, sau cu evenimente reale este pur \u00eent\u00e2mpl\u0103toare \u0219i nu este inten\u021bionat\u0103 de c\u0103tre autor.<\/p>\n\n\n\n<p>Autorul \u0219i editorul nu \u00ee\u0219i asum\u0103 responsabilitatea pentru exactitatea evenimentelor sau pentru modul \u00een care sunt portretizate personajele \u0219i nu sunt r\u0103spunz\u0103tori pentru eventuale interpret\u0103ri gre\u0219ite. Aceast\u0103 poveste este oferit\u0103 \u201eca atare\u201d, iar orice opinii exprimate apar\u021bin personajelor \u0219i nu reflect\u0103 punctele de vedere ale autorului sau ale editorului.<\/p>\n\n\n\n<p><\/p>\n","protected":false},"excerpt":{"rendered":"<p>O femeie \u00eens\u0103rcinat\u0103, respins\u0103 de familia ei, a avut grij\u0103 de soacra ei p\u00e2n\u0103 la sf\u00e2r\u0219itul vie\u021bii\u2026 \u0219i a \u00een\u021beles de ce nimeni nu o<\/p>\n","protected":false},"author":1,"featured_media":46552,"comment_status":"closed","ping_status":"closed","sticky":false,"template":"","format":"standard","meta":[],"categories":[1],"tags":[],"_links":{"self":[{"href":"https:\/\/calatorinromania.com\/index.php?rest_route=\/wp\/v2\/posts\/46604"}],"collection":[{"href":"https:\/\/calatorinromania.com\/index.php?rest_route=\/wp\/v2\/posts"}],"about":[{"href":"https:\/\/calatorinromania.com\/index.php?rest_route=\/wp\/v2\/types\/post"}],"author":[{"embeddable":true,"href":"https:\/\/calatorinromania.com\/index.php?rest_route=\/wp\/v2\/users\/1"}],"replies":[{"embeddable":true,"href":"https:\/\/calatorinromania.com\/index.php?rest_route=%2Fwp%2Fv2%2Fcomments&post=46604"}],"version-history":[{"count":1,"href":"https:\/\/calatorinromania.com\/index.php?rest_route=\/wp\/v2\/posts\/46604\/revisions"}],"predecessor-version":[{"id":46605,"href":"https:\/\/calatorinromania.com\/index.php?rest_route=\/wp\/v2\/posts\/46604\/revisions\/46605"}],"wp:featuredmedia":[{"embeddable":true,"href":"https:\/\/calatorinromania.com\/index.php?rest_route=\/wp\/v2\/media\/46552"}],"wp:attachment":[{"href":"https:\/\/calatorinromania.com\/index.php?rest_route=%2Fwp%2Fv2%2Fmedia&parent=46604"}],"wp:term":[{"taxonomy":"category","embeddable":true,"href":"https:\/\/calatorinromania.com\/index.php?rest_route=%2Fwp%2Fv2%2Fcategories&post=46604"},{"taxonomy":"post_tag","embeddable":true,"href":"https:\/\/calatorinromania.com\/index.php?rest_route=%2Fwp%2Fv2%2Ftags&post=46604"}],"curies":[{"name":"wp","href":"https:\/\/api.w.org\/{rel}","templated":true}]}}