{"id":46595,"date":"2026-03-11T12:39:16","date_gmt":"2026-03-11T12:39:16","guid":{"rendered":"https:\/\/calatorinromania.com\/?p=46595"},"modified":"2026-03-11T12:39:17","modified_gmt":"2026-03-11T12:39:17","slug":"sotul-meu-mi-a-luat-totul-in-timpul-divortului-dar-fratele-meu-a-venit-cu-un-convoi-si-a-schimbat-finalul","status":"publish","type":"post","link":"https:\/\/calatorinromania.com\/?p=46595","title":{"rendered":"So\u021bul meu mi-a luat totul \u00een timpul divor\u021bului dar fratele meu a venit cu un convoi \u0219i a schimbat finalul."},"content":{"rendered":"\n<p><\/p>\n\n\n\n<p>Daniel m-a privit direct \u00een ochi.<\/p>\n\n\n\n<p><\/p>\n\n\n\n<p>Nu era sup\u0103rat.<\/p>\n\n\n\n<p><\/p>\n\n\n\n<p>Era calm. Prea calm.<\/p>\n\n\n\n<p><\/p>\n\n\n\n<p>Am cobor\u00e2t sc\u0103rile, cu inima b\u0103t\u00e2ndu-mi puternic. Recep\u021bionerul se uita pe fereastr\u0103 ca \u0219i cum ar fi sosit o delega\u021bie oficial\u0103. Oamenii de pe trotuar \u00ee\u0219i scoteau telefoanele.<\/p>\n\n\n\n<p><\/p>\n\n\n\n<p>Am urcat \u00een prima ma\u0219in\u0103. Miros de piele nou\u0103 \u0219i cafea tare.<\/p>\n\n\n\n<p>\u201eSpune-mi totul\u201d, a spus Daniel.<\/p>\n\n\n\n<p>I-am povestit. Despre companie. Despre documente. Despre cum m-a convins Radu s\u0103 transfer totul pe numele lui \u201etemporar\u201d. Despre cum devenise rece \u0219i calculat \u00een ultimii doi ani.<\/p>\n\n\n\n<p>Daniel a ascultat f\u0103r\u0103 s\u0103 m\u0103 \u00eentrerup\u0103.<\/p>\n\n\n\n<p>C\u00e2nd am terminat, a dat din cap.<\/p>\n\n\n\n<p>\u201eB\u0103nuiam.\u201d<\/p>\n\n\n\n<p>\u201eCe b\u0103nuiam?\u201d<\/p>\n\n\n\n<p>\u201eC\u0103 nu era doar divor\u021bul.\u201d<\/p>\n\n\n\n<p>Ma\u0219inile au pornit. Coloana. Ca o escort\u0103 oficial\u0103.<\/p>\n\n\n\n<p>\u201eUnde mergem?\u201d am \u00eentrebat.<\/p>\n\n\n\n<p>\u201eC\u0103tre companie.\u201d<\/p>\n\n\n\n<p>Am \u00eenghi\u021bit \u00een sec.<\/p>\n\n\n\n<p>\u201eNu mai este a mea.\u201d<\/p>\n\n\n\n<p>Daniel a z\u00e2mbit.<\/p>\n\n\n\n<p>\u201eDa. Pur \u0219i simplu nu \u0219tii \u00eenc\u0103.\u201d<\/p>\n\n\n\n<p>C\u00e2nd am ajuns la cl\u0103dire, Radu era deja acolo. Cineva trebuie s\u0103-l fi sunat. St\u0103tea drept, cu m\u00e2inile \u00een buzunare, \u00eencerc\u00e2nd s\u0103 se prefac\u0103 c\u0103 de\u021bine controlul.<\/p>\n\n\n\n<p>C\u00e2nd a v\u0103zut \u0219irul de ma\u0219ini, z\u00e2mbetul i-a disp\u0103rut.<\/p>\n\n\n\n<p>Daniel a cobor\u00e2t \u00eencet.<\/p>\n\n\n\n<p>\u201eDomnule Radu Ionescu?\u201d, a \u00eentrebat el politicos.<\/p>\n\n\n\n<p>\u201eCine \u00eentreab\u0103?\u201d<\/p>\n\n\n\n<p>\u201eCineva care tocmai a cump\u0103rat 60% din compania dumneavoastr\u0103.\u201d<\/p>\n\n\n\n<p>S-a l\u0103sat t\u0103cerea.<\/p>\n\n\n\n<p>Am sim\u021bit c\u0103 mi se opre\u0219te respira\u021bia.<\/p>\n\n\n\n<p>\u201eCe prostii sunt acestea?\u201d, a izbucnit Radu.<\/p>\n\n\n\n<p>Daniel \u0219i-a scos servieta.<\/p>\n\n\n\n<p>\u201e\u00cen ultimii trei ani, a\u021bi v\u00e2ndut p\u0103r\u021bi din companie pentru a acoperi ni\u0219te investi\u021bii proaste.\u201d Prin intermediari. Prin companii-fantom\u0103. Ai crezut c\u0103 nu se va observa.<\/p>\n\n\n\n<p>Fa\u021ba lui Radu a p\u0103lit.<\/p>\n\n\n\n<p>\u201eAm cump\u0103rat acele ac\u021biuni. Legal. Cu contracte \u00eenregistrate. De azi diminea\u021b\u0103, sora mea este din nou manager.\u201d<\/p>\n\n\n\n<p>Am sim\u021bit cum \u00eemi tremur\u0103 m\u00e2inile.<\/p>\n\n\n\n<p>\u201eNu\u2026 asta e imposibil\u2026\u201d<\/p>\n\n\n\n<p>Daniel s-a apropiat.<\/p>\n\n\n\n<p>\u201eDa. \u0218i \u00eenc\u0103 ceva. Fiscul va fi foarte interesat de anumite \u201eoptimiz\u0103ri\u201d fiscale implementate f\u0103r\u0103 \u0219tirea ei.\u201d<\/p>\n\n\n\n<p>Radu s-a uitat la mine.<\/p>\n\n\n\n<p>Pentru prima dat\u0103, z\u00e2mbetul s\u0103u victorios disp\u0103ruse.<\/p>\n\n\n\n<p>\u00cei era fric\u0103.<\/p>\n\n\n\n<p>\u201eAi spus c\u0103 nu exist\u0103 nimic f\u0103r\u0103 tine\u201d, i-am spus, sim\u021bindu-mi vocea revenind. Se pare c\u0103 te-ai \u00een\u0219elat.<\/p>\n\n\n\n<p>\u00cen s\u0103pt\u0103m\u00e2nile urm\u0103toare, lucrurile s-au mi\u0219cat rapid.<\/p>\n\n\n\n<p>Conturile au fost blocate pentru verificare. Contractele au fost analizate. M-am \u00eentors la birou. Acela\u0219i birou \u00een care st\u0103tusem ani de zile, doar c\u0103 acum f\u0103r\u0103 fric\u0103.<\/p>\n\n\n\n<p>Nu a fost o r\u0103zbunare murdar\u0103.<\/p>\n\n\n\n<p>A fost dreptate.<\/p>\n\n\n\n<p>Radu a pierdut nu doar controlul asupra companiei, ci \u0219i imaginea acesteia. Adev\u0103rul a ie\u0219it la iveal\u0103. Nu eram instabil. Eram fondatorul.<\/p>\n\n\n\n<p>\u00centr-o sear\u0103, eram singur\u0103 \u00een birou. M-am uitat la ora\u0219ul luminat.<\/p>\n\n\n\n<p>\u201eDe ce m-ai ajutat?\u201d, \u00eel \u00eentrebasem pe Daniel mai devreme.<\/p>\n\n\n\n<p>El a ridicat din umeri.<\/p>\n\n\n\n<p>\u201ePentru c\u0103 e\u0219ti sora mea. \u0218i pentru c\u0103 nimeni nu are dreptul s\u0103 te \u0219tearg\u0103 din propria istorie.\u201d<\/p>\n\n\n\n<p>Am pierdut procesul.<\/p>\n\n\n\n<p>Dar mi-am rec\u0103p\u0103tat via\u021ba.<\/p>\n\n\n\n<p>\u0218i \u00een ziua \u00een care am schimbat semnul de pe u\u0219\u0103 \u0219i mi-am scris numele pe el, am \u0219tiut un lucru sigur:<\/p>\n\n\n\n<p>Nu mai eram o femeie care semna orbe\u0219te.<\/p>\n\n\n\n<p>Eram o femeie care a \u00eenv\u0103\u021bat, a c\u0103zut, s-a ridicat \u0219i nu a l\u0103sat pe nimeni s\u0103-mi spun\u0103 c\u0103 sunt nimic f\u0103r\u0103 ei.<\/p>\n\n\n\n<p>Pentru c\u0103 eram. \u0218i eram mai puternic\u0103 dec\u00e2t am crezut vreodat\u0103.<\/p>\n\n\n\n<p><\/p>\n\n\n\n<p><\/p>\n\n\n\n<p>Aceast\u0103 lucrare este inspirat\u0103 din evenimente \u0219i persoane reale, \u00eens\u0103 a fost fic\u021bionalizat\u0103 \u00een scopuri creative. Numele, personajele \u0219i detaliile au fost schimbate pentru a proteja intimitatea \u0219i pentru a \u00eembun\u0103t\u0103\u021bi nara\u021biunea. Orice asem\u0103nare cu persoane reale, \u00een via\u021b\u0103 sau decedate, sau cu evenimente reale este pur \u00eent\u00e2mpl\u0103toare \u0219i nu este inten\u021bionat\u0103 de c\u0103tre autor.<\/p>\n\n\n\n<p>Autorul \u0219i editorul nu \u00ee\u0219i asum\u0103 responsabilitatea pentru exactitatea evenimentelor sau pentru modul \u00een care sunt portretizate personajele \u0219i nu sunt r\u0103spunz\u0103tori pentru eventuale interpret\u0103ri gre\u0219ite. Aceast\u0103 poveste este oferit\u0103 \u201eca atare\u201d, iar orice opinii exprimate apar\u021bin personajelor \u0219i nu reflect\u0103 punctele de vedere ale autorului sau ale editorului.<\/p>\n\n\n\n<p><\/p>\n","protected":false},"excerpt":{"rendered":"<p>Daniel m-a privit direct \u00een ochi. Nu era sup\u0103rat. Era calm. Prea calm. Am cobor\u00e2t sc\u0103rile, cu inima b\u0103t\u00e2ndu-mi puternic. Recep\u021bionerul se uita pe fereastr\u0103<\/p>\n","protected":false},"author":1,"featured_media":46552,"comment_status":"closed","ping_status":"closed","sticky":false,"template":"","format":"standard","meta":[],"categories":[1],"tags":[],"_links":{"self":[{"href":"https:\/\/calatorinromania.com\/index.php?rest_route=\/wp\/v2\/posts\/46595"}],"collection":[{"href":"https:\/\/calatorinromania.com\/index.php?rest_route=\/wp\/v2\/posts"}],"about":[{"href":"https:\/\/calatorinromania.com\/index.php?rest_route=\/wp\/v2\/types\/post"}],"author":[{"embeddable":true,"href":"https:\/\/calatorinromania.com\/index.php?rest_route=\/wp\/v2\/users\/1"}],"replies":[{"embeddable":true,"href":"https:\/\/calatorinromania.com\/index.php?rest_route=%2Fwp%2Fv2%2Fcomments&post=46595"}],"version-history":[{"count":1,"href":"https:\/\/calatorinromania.com\/index.php?rest_route=\/wp\/v2\/posts\/46595\/revisions"}],"predecessor-version":[{"id":46596,"href":"https:\/\/calatorinromania.com\/index.php?rest_route=\/wp\/v2\/posts\/46595\/revisions\/46596"}],"wp:featuredmedia":[{"embeddable":true,"href":"https:\/\/calatorinromania.com\/index.php?rest_route=\/wp\/v2\/media\/46552"}],"wp:attachment":[{"href":"https:\/\/calatorinromania.com\/index.php?rest_route=%2Fwp%2Fv2%2Fmedia&parent=46595"}],"wp:term":[{"taxonomy":"category","embeddable":true,"href":"https:\/\/calatorinromania.com\/index.php?rest_route=%2Fwp%2Fv2%2Fcategories&post=46595"},{"taxonomy":"post_tag","embeddable":true,"href":"https:\/\/calatorinromania.com\/index.php?rest_route=%2Fwp%2Fv2%2Ftags&post=46595"}],"curies":[{"name":"wp","href":"https:\/\/api.w.org\/{rel}","templated":true}]}}