{"id":46587,"date":"2026-03-11T10:27:00","date_gmt":"2026-03-11T10:27:00","guid":{"rendered":"https:\/\/calatorinromania.com\/?p=46587"},"modified":"2026-03-11T10:27:01","modified_gmt":"2026-03-11T10:27:01","slug":"daca-o-mai-atingi-o-data-iti-jur-ca-asta-va-fi-ultima-cina-eleganta","status":"publish","type":"post","link":"https:\/\/calatorinromania.com\/?p=46587","title":{"rendered":"Dac\u0103 o mai atingi o dat\u0103, \u00ee\u021bi jur c\u0103 asta va fi ultima cin\u0103 elegant\u0103"},"content":{"rendered":"\n<p>\u2014<strong>Adrian Ionescu<\/strong>, am spus calm, \u021bin\u00e2nd telefonul \u00een m\u00e2n\u0103, ai exact cinci secunde s\u0103-\u021bi iei m\u00e2na de pe fiica mea.<\/p>\n\n\n\n<p><\/p>\n\n\n\n<p>Pentru o clip\u0103, nimeni nu a respirat.<\/p>\n\n\n\n<p><\/p>\n\n\n\n<p>Adrian m-a privit ca \u0219i cum nu ar fi \u00een\u021beles ce se \u00eent\u00e2mpl\u0103. Ca \u0219i cum, \u00een mintea lui, eu trebuia s\u0103 r\u0103m\u00e2n acea b\u0103tr\u00e2n\u0103 lini\u0219tit\u0103 care t\u0103cea \u0219i z\u00e2mbea politicos.<\/p>\n\n\n\n<p><\/p>\n\n\n\n<p>Dar nu m-am mi\u0219cat.<\/p>\n\n\n\n<p><\/p>\n\n\n\n<p>Telefonul era deja deschis.<\/p>\n\n\n\n<p><\/p>\n\n\n\n<p>Pe ecran se vedea clar un nume:\u00a0<strong>Inspector Principal Dumitrescu<\/strong>.<\/p>\n\n\n\n<p><\/p>\n\n\n\n<p>Adrian a citit.<\/p>\n\n\n\n<p><\/p>\n\n\n\n<p>\u0218i atunci i-am v\u0103zut frica.<\/p>\n\n\n\n<p><\/p>\n\n\n\n<p>M\u00e2na lui s-a desprins \u00eencet din p\u0103rul Anei.<\/p>\n\n\n\n<p><\/p>\n\n\n\n<p>Ana \u0219i-a tras scaunul \u00eenapoi, respir\u00e2nd greu.<\/p>\n\n\n\n<p>\u2014Ce teatru e \u0103sta? a morm\u0103it Ion Ionescu, \u00eencerc\u00e2nd s\u0103 par\u0103 relaxat.<\/p>\n\n\n\n<p>M-am \u00eentors spre el.<\/p>\n\n\n\n<p>\u2014Domnule Ionescu, dumneavoastr\u0103 m\u0103 cunoa\u0219te\u021bi foarte bine.<\/p>\n\n\n\n<p>Z\u00e2mbetul i-a disp\u0103rut instant.<\/p>\n\n\n\n<p>Nu pentru c\u0103 \u00ee\u0219i amintea cine sunt.<\/p>\n\n\n\n<p>Ci pentru c\u0103 \u00ee\u0219i amintea&nbsp;<strong>de unde<\/strong>.<\/p>\n\n\n\n<p>Am ap\u0103sat pe ecran \u0219i am pornit \u00eenregistrarea.<\/p>\n\n\n\n<p>Vocea lui Adrian a umplut restaurantul:<\/p>\n\n\n\n<p>\u201e\u2014Dac\u0103 mai vorbe\u0219ti o dat\u0103 f\u0103r\u0103 s\u0103 te \u00eentreb eu, \u00ee\u021bi rup m\u00e2inile.\u201d<\/p>\n\n\n\n<p>Era o \u00eenregistrare clar\u0103.<\/p>\n\n\n\n<p>F\u0103cut\u0103 cu c\u00e2teva zile \u00eenainte.<\/p>\n\n\n\n<p>Ana \u0219i-a ridicat ochii spre mine, surprins\u0103.<\/p>\n\n\n\n<p>Nu \u0219tia.<\/p>\n\n\n\n<p>Nu \u0219tia c\u0103 \u00een ultimele luni observasem totul.<\/p>\n\n\n\n<p>V\u00e2n\u0103t\u0103ile.<\/p>\n\n\n\n<p>T\u0103cerile.<\/p>\n\n\n\n<p>Privirea ei pierdut\u0103.<\/p>\n\n\n\n<p>\u0218i mai ales frica.<\/p>\n\n\n\n<p>Am ridicat telefonul pu\u021bin mai sus.<\/p>\n\n\n\n<p>\u2014Aceasta este doar una dintre&nbsp;<strong>dou\u0103zeci \u0219i trei de \u00eenregistr\u0103ri<\/strong>.<\/p>\n\n\n\n<p>\u00cen restaurant se f\u0103cuse lini\u0219te total\u0103.<\/p>\n\n\n\n<p>Chelnerii st\u0103teau nemi\u0219ca\u021bi.<\/p>\n\n\n\n<p>O femeie de la masa vecin\u0103 \u00ee\u0219i \u021binea m\u00e2na la gur\u0103.<\/p>\n\n\n\n<p>Adrian era alb la fa\u021b\u0103.<\/p>\n\n\n\n<p>\u2014Nu\u2026 nu ai cum\u2026 a b\u00e2iguit el.<\/p>\n\n\n\n<p>\u2014Ba da, am, am spus lini\u0219tit. Pentru c\u0103 \u00eenainte s\u0103 fiu o mam\u0103 b\u0103tr\u00e2n\u0103 cu pulover bej\u2026<\/p>\n\n\n\n<p>M-am oprit o clip\u0103.<\/p>\n\n\n\n<p>Apoi am spus:<\/p>\n\n\n\n<p>\u2014\u2026am fost&nbsp;<strong>procuror criminalist<\/strong>&nbsp;timp de patruzeci de ani.<\/p>\n\n\n\n<p>Cineva a sc\u0103pat un pahar.<\/p>\n\n\n\n<p>Ion Ionescu s-a ridicat brusc.<\/p>\n\n\n\n<p>\u2014Asta e o absurditate!<\/p>\n\n\n\n<p>\u2014Nu chiar, am spus.<\/p>\n\n\n\n<p>Am \u00eentors telefonul.<\/p>\n\n\n\n<p>Pe ecran se vedeau fotografii.<\/p>\n\n\n\n<p>V\u00e2n\u0103t\u0103ile Anei.<\/p>\n\n\n\n<p>Mesaje.<\/p>\n\n\n\n<p>Amenin\u021b\u0103ri.<\/p>\n\n\n\n<p>\u0218i apoi ultima fotografie.<\/p>\n\n\n\n<p>Un document.<\/p>\n\n\n\n<p><strong>Pl\u00e2ngere penal\u0103.<\/strong><\/p>\n\n\n\n<p>\u00cenregistrat\u0103 cu trei ore \u00eenainte.<\/p>\n\n\n\n<p>Numele inculpatului:&nbsp;<strong>Adrian Ionescu<\/strong>.<\/p>\n\n\n\n<p>Ana a \u00eenceput s\u0103 pl\u00e2ng\u0103.<\/p>\n\n\n\n<p>\u2014Mam\u0103\u2026 de c\u00e2nd\u2026?<\/p>\n\n\n\n<p>Am privit-o bl\u00e2nd.<\/p>\n\n\n\n<p>\u2014De c\u00e2nd ai \u00eenceput s\u0103 min\u021bi c\u0103 te-ai lovit de u\u0219\u0103.<\/p>\n\n\n\n<p>Adrian a f\u0103cut un pas \u00eenapoi.<\/p>\n\n\n\n<p>\u2014Nu po\u021bi face asta\u2026 tata\u2026<\/p>\n\n\n\n<p>Dar Ion Ionescu nu mai z\u00e2mbea.<\/p>\n\n\n\n<p>Deloc.<\/p>\n\n\n\n<p>Pentru c\u0103 \u0219i el v\u0103zuse ultimul document.<\/p>\n\n\n\n<p>Un alt dosar.<\/p>\n\n\n\n<p>Mai vechi.<\/p>\n\n\n\n<p>Mult mai vechi.<\/p>\n\n\n\n<p>\u2014\u00ce\u021bi aminte\u0219ti de mine acum, domnule Ionescu? am spus.<\/p>\n\n\n\n<p>Vocea lui a devenit stins\u0103.<\/p>\n\n\n\n<p>\u2014Tu\u2026 tu ai fost procurorul\u2026<\/p>\n\n\n\n<p>Am dat din cap.<\/p>\n\n\n\n<p>\u2014Cel care \u021bi-a b\u0103gat fratele la pu\u0219c\u0103rie pentru fraude.<\/p>\n\n\n\n<p>T\u0103cere.<\/p>\n\n\n\n<p>Apoi, exact \u00een acel moment, u\u0219a restaurantului s-a deschis.<\/p>\n\n\n\n<p>Dou\u0103 uniforme de poli\u021bie au intrat.<\/p>\n\n\n\n<p>Inspectorul Dumitrescu m-a v\u0103zut \u0219i a dat scurt din cap.<\/p>\n\n\n\n<p>\u2014Domnul Adrian Ionescu?<\/p>\n\n\n\n<p>Adrian nu s-a mi\u0219cat.<\/p>\n\n\n\n<p>Poli\u021bi\u0219tii s-au apropiat.<\/p>\n\n\n\n<p>\u2014Sunte\u021bi re\u021binut pentru violen\u021b\u0103 domestic\u0103, amenin\u021bare \u0219i agresiune.<\/p>\n\n\n\n<p>C\u0103tu\u0219ele au f\u0103cut un sunet sec.<\/p>\n\n\n\n<p>Ana a \u00eenceput s\u0103 pl\u00e2ng\u0103 din nou.<\/p>\n\n\n\n<p>Dar de data aceasta nu mai era fric\u0103.<\/p>\n\n\n\n<p>Era eliberare.<\/p>\n\n\n\n<p>Adrian a fost scos din restaurant sub privirile tuturor.<\/p>\n\n\n\n<p>Ion Ionescu a r\u0103mas nemi\u0219cat la mas\u0103.<\/p>\n\n\n\n<p>Pentru prima oar\u0103 \u00een via\u021ba lui, p\u0103rea mic.<\/p>\n\n\n\n<p>M-am a\u0219ezat l\u00e2ng\u0103 Ana \u0219i i-am luat m\u00e2na.<\/p>\n\n\n\n<p>\u2014Gata, am spus \u00eencet. Nu te mai atinge nimeni.<\/p>\n\n\n\n<p>Ea s-a sprijinit de um\u0103rul meu.<\/p>\n\n\n\n<p>Dup\u0103 c\u00e2teva secunde a \u0219optit:<\/p>\n\n\n\n<p>\u2014Mam\u0103\u2026 \u00eemi pare r\u0103u c\u0103 nu \u021bi-am spus.<\/p>\n\n\n\n<p>I-am m\u00e2ng\u00e2iat p\u0103rul.<\/p>\n\n\n\n<p>\u2014Nu trebuie. Uneori mamele afl\u0103 oricum.<\/p>\n\n\n\n<p>\u00cen restaurant, lumea \u00eencepea din nou s\u0103 vorbeasc\u0103.<\/p>\n\n\n\n<p>Dar pentru noi totul era lini\u0219te.<\/p>\n\n\n\n<p>Pentru c\u0103 \u00een acea sear\u0103 nu se terminase doar o cin\u0103.<\/p>\n\n\n\n<p>Se terminase&nbsp;<strong>frica<\/strong>.<\/p>\n\n\n\n<p><em>Aceast\u0103 lucrare este inspirat\u0103 din evenimente \u0219i persoane reale, \u00eens\u0103 a fost fic\u021bionalizat\u0103 \u00een scopuri creative. Numele, personajele \u0219i detaliile au fost schimbate pentru a proteja intimitatea \u0219i pentru a \u00eembun\u0103t\u0103\u021bi nara\u021biunea. Orice asem\u0103nare cu persoane reale, \u00een via\u021b\u0103 sau decedate, sau cu evenimente reale este pur \u00eent\u00e2mpl\u0103toare \u0219i nu este inten\u021bionat\u0103 de c\u0103tre autor.<\/em><\/p>\n\n\n\n<p><em>Autorul \u0219i editorul nu \u00ee\u0219i asum\u0103 responsabilitatea pentru exactitatea evenimentelor sau pentru modul \u00een care sunt portretizate personajele \u0219i nu sunt r\u0103spunz\u0103tori pentru eventuale interpret\u0103ri gre\u0219ite. Aceast\u0103 poveste este oferit\u0103 \u201eca atare\u201d, iar orice opinii exprimate apar\u021bin personajelor \u0219i nu reflect\u0103 punctele de vedere ale autorului sau ale editorului.<\/em><\/p>\n","protected":false},"excerpt":{"rendered":"<p>\u2014Adrian Ionescu, am spus calm, \u021bin\u00e2nd telefonul \u00een m\u00e2n\u0103, ai exact cinci secunde s\u0103-\u021bi iei m\u00e2na de pe fiica mea. Pentru o clip\u0103, nimeni nu<\/p>\n","protected":false},"author":1,"featured_media":46552,"comment_status":"closed","ping_status":"closed","sticky":false,"template":"","format":"standard","meta":[],"categories":[1],"tags":[],"_links":{"self":[{"href":"https:\/\/calatorinromania.com\/index.php?rest_route=\/wp\/v2\/posts\/46587"}],"collection":[{"href":"https:\/\/calatorinromania.com\/index.php?rest_route=\/wp\/v2\/posts"}],"about":[{"href":"https:\/\/calatorinromania.com\/index.php?rest_route=\/wp\/v2\/types\/post"}],"author":[{"embeddable":true,"href":"https:\/\/calatorinromania.com\/index.php?rest_route=\/wp\/v2\/users\/1"}],"replies":[{"embeddable":true,"href":"https:\/\/calatorinromania.com\/index.php?rest_route=%2Fwp%2Fv2%2Fcomments&post=46587"}],"version-history":[{"count":1,"href":"https:\/\/calatorinromania.com\/index.php?rest_route=\/wp\/v2\/posts\/46587\/revisions"}],"predecessor-version":[{"id":46588,"href":"https:\/\/calatorinromania.com\/index.php?rest_route=\/wp\/v2\/posts\/46587\/revisions\/46588"}],"wp:featuredmedia":[{"embeddable":true,"href":"https:\/\/calatorinromania.com\/index.php?rest_route=\/wp\/v2\/media\/46552"}],"wp:attachment":[{"href":"https:\/\/calatorinromania.com\/index.php?rest_route=%2Fwp%2Fv2%2Fmedia&parent=46587"}],"wp:term":[{"taxonomy":"category","embeddable":true,"href":"https:\/\/calatorinromania.com\/index.php?rest_route=%2Fwp%2Fv2%2Fcategories&post=46587"},{"taxonomy":"post_tag","embeddable":true,"href":"https:\/\/calatorinromania.com\/index.php?rest_route=%2Fwp%2Fv2%2Ftags&post=46587"}],"curies":[{"name":"wp","href":"https:\/\/api.w.org\/{rel}","templated":true}]}}