{"id":46585,"date":"2026-03-11T10:21:50","date_gmt":"2026-03-11T10:21:50","guid":{"rendered":"https:\/\/calatorinromania.com\/?p=46585"},"modified":"2026-03-11T10:21:50","modified_gmt":"2026-03-11T10:21:50","slug":"la-ora-3-dimineata-fiul-meu-mi-a-trimis-un-mesaj","status":"publish","type":"post","link":"https:\/\/calatorinromania.com\/?p=46585","title":{"rendered":"\u201dLa ora 3 diminea\u021ba, fiul meu mi-a trimis un mesaj\u201d"},"content":{"rendered":"\n<p><\/p>\n\n\n\n<p><\/p>\n\n\n\n<p>Diminea\u021ba m-a g\u0103sit la masa din buc\u0103t\u0103rie, cu o cafea rece \u0219i o hot\u0103r\u00e2re clar\u0103. Nu pl\u00e2nsesem. Nu \u021bipasem. Doar calculasem. A\u0219a cum f\u0103cusem toat\u0103 via\u021ba.<\/p>\n\n\n\n<p>Casa aceea nu era \u201ea lor\u201d. Era pe numele meu. Fiecare act, fiecare semn\u0103tur\u0103, fiecare leu investit purta numele meu complet.<\/p>\n\n\n\n<p><\/p>\n\n\n\n<p>Le l\u0103sasem s\u0103 stea acolo din dragoste. Din dorin\u021ba de a-i vedea bine. Din sl\u0103biciunea unei mame.<\/p>\n\n\n\n<p><\/p>\n\n\n\n<p>Am deschis laptopul \u0219i am sunat avocatul. Un om calm, cu voce joas\u0103, care \u0219tia deja povestea. Nu era prima oar\u0103 c\u00e2nd \u00eel consultam \u201epreventiv\u201d.<\/p>\n\n\n\n<p><\/p>\n\n\n\n<p>\u2014 Vreau s\u0103 se respecte contractul exact cum e scris, am spus simplu.<\/p>\n\n\n\n<p><\/p>\n\n\n\n<p>La pr\u00e2nz, toate notific\u0103rile plecaser\u0103. Oficial. Legal. F\u0103r\u0103 scandal.<\/p>\n\n\n\n<p><\/p>\n\n\n\n<p>Seara, Trofim m-a sunat. Nu mai scria. Vocea \u00eei tremura.<\/p>\n\n\n\n<p><\/p>\n\n\n\n<p>\u2014 Mam\u0103\u2026 ce ai f\u0103cut?<\/p>\n\n\n\n<p><\/p>\n\n\n\n<p>\u2014 Nimic \u00een plus. Doar ce trebuia, i-am r\u0103spuns lini\u0219tit\u0103.<\/p>\n\n\n\n<p><\/p>\n\n\n\n<p>\u00cen aceea\u0219i sear\u0103, soacra lui, doamna Rodica, cea care \u201enu voia s\u0103 m\u0103 vad\u0103\u201d, a aflat c\u0103 vila \u00een care locuiau nu le mai apar\u021bine. C\u0103 aveau treizeci de zile s\u0103 elibereze casa. Treizeci. Nu o zi mai mult.<\/p>\n\n\n\n<p><\/p>\n\n\n\n<p>Au venit la mine a doua zi. Am\u00e2ndoi. F\u0103r\u0103 copil. Cu fe\u021bele trase.<\/p>\n\n\n\n<p><\/p>\n\n\n\n<p><\/p>\n\n\n\n<p>\u2014 Mam\u0103, a fost o ne\u00een\u021belegere\u2026 a \u00eenceput Trofim.<\/p>\n\n\n\n<p><\/p>\n\n\n\n<p>\u2014 Nu, i-am spus. A fost o alegere.<\/p>\n\n\n\n<p><\/p>\n\n\n\n<p>Rodica m-a privit cu dispre\u021b, dar nu mai avea putere. F\u0103r\u0103 cas\u0103, f\u0103r\u0103 siguran\u021b\u0103, f\u0103r\u0103 control.<\/p>\n\n\n\n<p><\/p>\n\n\n\n<p>\u2014 Ziua copilului\u2026 a murmurat ea.<\/p>\n\n\n\n<p>\u2014 Copilul meu nu trebuie s\u0103 \u00eenve\u021be c\u0103 bunica se arunc\u0103 la gunoi c\u00e2nd deranjeaz\u0103, am spus calm. Dac\u0103 nu sunt bun\u0103 s\u0103 fiu v\u0103zut\u0103, nu sunt bun\u0103 nici s\u0103 pl\u0103tesc.<\/p>\n\n\n\n<p>A fost lini\u0219te. Greu de respirat.<\/p>\n\n\n\n<p>La c\u00e2teva zile dup\u0103, am f\u0103cut adev\u0103ratul \u201esurpriz\u0103\u201d.<\/p>\n\n\n\n<p>Am cump\u0103rat un apartament modest, dar luminos, aproape de parc. L-am trecut direct pe numele nepotului meu. Cu clauz\u0103 clar\u0103: administrat de mine p\u00e2n\u0103 la majorat. F\u0103r\u0103 soacr\u0103. F\u0103r\u0103 interven\u021bii. F\u0103r\u0103 \u0219antaj emo\u021bional.<\/p>\n\n\n\n<p>Ziua de na\u0219tere a copilului a fost mutat\u0103. Nu \u00een vila de lux. Ci \u00eentr-o sal\u0103 simpl\u0103, cu baloane, tort \u0219i r\u00e2sete adev\u0103rate. Am fost acolo. Eu \u0219i nepotul meu. At\u00e2t conta.<\/p>\n\n\n\n<p>Trofim m-a \u00eembr\u0103\u021bi\u0219at pentru prima dat\u0103 dup\u0103 mult timp.<\/p>\n\n\n\n<p>\u2014 Mam\u0103\u2026 iart\u0103-m\u0103.<\/p>\n\n\n\n<p>\u2014 Te iert, i-am spus. Dar nu m\u0103 mai calc\u0103 nimeni \u00een picioare.<\/p>\n\n\n\n<p>Am plecat acas\u0103 lini\u0219tit\u0103. Pentru prima dat\u0103 dup\u0103 ani. Uneori, ca s\u0103 salvezi o construc\u021bie, trebuie s\u0103 d\u0103r\u00e2mi ce e str\u00e2mb.<\/p>\n\n\n\n<p>Iar eu, arhitect\u0103 toat\u0103 via\u021ba, \u0219tiam exact unde s\u0103 lovesc. \u0218i nimeni n-a mai \u00eendr\u0103znit vreodat\u0103 s\u0103 m\u0103 scoat\u0103 din via\u021ba propriului meu s\u00e2nge.<\/p>\n\n\n\n<p><em>Aceast\u0103 lucrare este inspirat\u0103 din evenimente \u0219i persoane reale, \u00eens\u0103 a fost fic\u021bionalizat\u0103 \u00een scopuri creative. Numele, personajele \u0219i detaliile au fost schimbate pentru a proteja intimitatea \u0219i pentru a \u00eembun\u0103t\u0103\u021bi nara\u021biunea. Orice asem\u0103nare cu persoane reale, \u00een via\u021b\u0103 sau decedate, sau cu evenimente reale este pur \u00eent\u00e2mpl\u0103toare \u0219i nu este inten\u021bionat\u0103 de c\u0103tre autor.<\/em><\/p>\n\n\n\n<p><em>Autorul \u0219i editorul nu \u00ee\u0219i asum\u0103 responsabilitatea pentru exactitatea evenimentelor sau pentru modul \u00een care sunt portretizate personajele \u0219i nu sunt r\u0103spunz\u0103tori pentru eventuale interpret\u0103ri gre\u0219ite. Aceast\u0103 poveste este oferit\u0103 \u201eca atare\u201d, iar orice opinii exprimate apar\u021bin personajelor \u0219i nu reflect\u0103 punctele de vedere ale autorului sau ale editorului.<\/em><\/p>\n\n\n\n<h1><\/h1>\n","protected":false},"excerpt":{"rendered":"<p>Diminea\u021ba m-a g\u0103sit la masa din buc\u0103t\u0103rie, cu o cafea rece \u0219i o hot\u0103r\u00e2re clar\u0103. Nu pl\u00e2nsesem. Nu \u021bipasem. Doar calculasem. A\u0219a cum f\u0103cusem toat\u0103<\/p>\n","protected":false},"author":1,"featured_media":46552,"comment_status":"closed","ping_status":"closed","sticky":false,"template":"","format":"standard","meta":[],"categories":[1],"tags":[],"_links":{"self":[{"href":"https:\/\/calatorinromania.com\/index.php?rest_route=\/wp\/v2\/posts\/46585"}],"collection":[{"href":"https:\/\/calatorinromania.com\/index.php?rest_route=\/wp\/v2\/posts"}],"about":[{"href":"https:\/\/calatorinromania.com\/index.php?rest_route=\/wp\/v2\/types\/post"}],"author":[{"embeddable":true,"href":"https:\/\/calatorinromania.com\/index.php?rest_route=\/wp\/v2\/users\/1"}],"replies":[{"embeddable":true,"href":"https:\/\/calatorinromania.com\/index.php?rest_route=%2Fwp%2Fv2%2Fcomments&post=46585"}],"version-history":[{"count":1,"href":"https:\/\/calatorinromania.com\/index.php?rest_route=\/wp\/v2\/posts\/46585\/revisions"}],"predecessor-version":[{"id":46586,"href":"https:\/\/calatorinromania.com\/index.php?rest_route=\/wp\/v2\/posts\/46585\/revisions\/46586"}],"wp:featuredmedia":[{"embeddable":true,"href":"https:\/\/calatorinromania.com\/index.php?rest_route=\/wp\/v2\/media\/46552"}],"wp:attachment":[{"href":"https:\/\/calatorinromania.com\/index.php?rest_route=%2Fwp%2Fv2%2Fmedia&parent=46585"}],"wp:term":[{"taxonomy":"category","embeddable":true,"href":"https:\/\/calatorinromania.com\/index.php?rest_route=%2Fwp%2Fv2%2Fcategories&post=46585"},{"taxonomy":"post_tag","embeddable":true,"href":"https:\/\/calatorinromania.com\/index.php?rest_route=%2Fwp%2Fv2%2Ftags&post=46585"}],"curies":[{"name":"wp","href":"https:\/\/api.w.org\/{rel}","templated":true}]}}