{"id":46576,"date":"2026-03-11T09:56:11","date_gmt":"2026-03-11T09:56:11","guid":{"rendered":"https:\/\/calatorinromania.com\/?p=46576"},"modified":"2026-03-11T09:56:12","modified_gmt":"2026-03-11T09:56:12","slug":"ma-bucuram-de-o-dimineata-linistita-de-sambata-cand-trei-lovituri-puternice-au-rasunat-in-usa-am-stiut-imediat-cine-este","status":"publish","type":"post","link":"https:\/\/calatorinromania.com\/?p=46576","title":{"rendered":"<strong>M\u0103 bucuram de o diminea\u021b\u0103 lini\u0219tit\u0103 de s\u00e2mb\u0103t\u0103 c\u00e2nd trei lovituri puternice au r\u0103sunat \u00een u\u0219\u0103.<\/strong><br>Am \u0219tiut imediat cine este."},"content":{"rendered":"\n<p>Era <strong>Linda<\/strong>, fosta mea soacr\u0103.<\/p>\n\n\n\n<p><\/p>\n\n\n\n<p>Am deschis u\u0219a, iar ea a intrat f\u0103r\u0103 s\u0103 a\u0219tepte invita\u021bia, \u00eembr\u0103\u021bi\u0219\u00e2nd copiii ca \u0219i cum nimic nu s-ar fi schimbat.<\/p>\n\n\n\n<p><\/p>\n\n\n\n<p>\u2014 <strong>Eram prin zon\u0103<\/strong>, a spus ea calm.<\/p>\n\n\n\n<p><\/p>\n\n\n\n<p>\u201ePrin zon\u0103\u201d \u00eensemna, de fapt, <strong>nou\u0103 ore de condus<\/strong>.<\/p>\n\n\n\n<p><\/p>\n\n\n\n<p>A \u00eenceput imediat cu criticile:<\/p>\n\n\n\n<p><br>p\u0103rul meu era prea scurt, casa prea modest\u0103, educa\u021bia mea \u00eendoielnic\u0103, iar laptele din frigider \u201eprea ieftin\u201d.<\/p>\n\n\n\n<p>A analizat fiecare col\u021b al casei.<\/p>\n\n\n\n<p><\/p>\n\n\n\n<p>Juc\u0103riile copiilor.<\/p>\n\n\n\n<p><br>Hainele.<\/p>\n\n\n\n<p><br>Chiar \u0219i draperiile.<\/p>\n\n\n\n<p><\/p>\n\n\n\n<p>Am z\u00e2mbit for\u021bat, doar ca s\u0103 evit o ceart\u0103.<\/p>\n\n\n\n<p><\/p>\n\n\n\n<p>C\u00e2nd a plecat, i-am spus clar:<\/p>\n\n\n\n<p>\u2014 <strong>Vizitele sunt binevenite, dar doar dac\u0103 sunt anun\u021bate \u00eenainte.<\/strong><\/p>\n\n\n\n<p>C\u00e2teva zile mai t\u00e2rziu, a ap\u0103rut din nou.<\/p>\n\n\n\n<p>De data aceasta, b\u0103t\u0103ile \u00een u\u0219\u0103 erau mai puternice. Telefonul meu vibra continuu cu mesaje \u0219i apeluri pline de repro\u0219uri.<\/p>\n\n\n\n<p>Am r\u0103mas \u00een cas\u0103 cu copiii \u0219i am ignorat-o.<\/p>\n\n\n\n<p>Dar ea nu s-a oprit.<\/p>\n\n\n\n<p>Loviturile au devenit at\u00e2t de puternice \u00eenc\u00e2t <strong>pere\u021bii au \u00eenceput s\u0103 tremure<\/strong>.<\/p>\n\n\n\n<p>Apoi s-a auzit un alt sunet.<\/p>\n\n\n\n<p>Trei b\u0103t\u0103i grele.<\/p>\n\n\n\n<p>\u0218i o voce ferm\u0103 din spatele u\u0219ii:<\/p>\n\n\n\n<p>\u2014 <strong>Poli\u021bia. Deschide\u021bi.<\/strong><\/p>\n\n\n\n<p>\ud83d\udc47 <strong>Continuarea pove\u0219tii \u00een primul comentariu<\/strong> \ud83d\udc47<\/p>\n","protected":false},"excerpt":{"rendered":"<p>Era Linda, fosta mea soacr\u0103. Am deschis u\u0219a, iar ea a intrat f\u0103r\u0103 s\u0103 a\u0219tepte invita\u021bia, \u00eembr\u0103\u021bi\u0219\u00e2nd copiii ca \u0219i cum nimic nu s-ar fi<\/p>\n","protected":false},"author":1,"featured_media":46552,"comment_status":"closed","ping_status":"closed","sticky":false,"template":"","format":"standard","meta":[],"categories":[1],"tags":[],"_links":{"self":[{"href":"https:\/\/calatorinromania.com\/index.php?rest_route=\/wp\/v2\/posts\/46576"}],"collection":[{"href":"https:\/\/calatorinromania.com\/index.php?rest_route=\/wp\/v2\/posts"}],"about":[{"href":"https:\/\/calatorinromania.com\/index.php?rest_route=\/wp\/v2\/types\/post"}],"author":[{"embeddable":true,"href":"https:\/\/calatorinromania.com\/index.php?rest_route=\/wp\/v2\/users\/1"}],"replies":[{"embeddable":true,"href":"https:\/\/calatorinromania.com\/index.php?rest_route=%2Fwp%2Fv2%2Fcomments&post=46576"}],"version-history":[{"count":1,"href":"https:\/\/calatorinromania.com\/index.php?rest_route=\/wp\/v2\/posts\/46576\/revisions"}],"predecessor-version":[{"id":46577,"href":"https:\/\/calatorinromania.com\/index.php?rest_route=\/wp\/v2\/posts\/46576\/revisions\/46577"}],"wp:featuredmedia":[{"embeddable":true,"href":"https:\/\/calatorinromania.com\/index.php?rest_route=\/wp\/v2\/media\/46552"}],"wp:attachment":[{"href":"https:\/\/calatorinromania.com\/index.php?rest_route=%2Fwp%2Fv2%2Fmedia&parent=46576"}],"wp:term":[{"taxonomy":"category","embeddable":true,"href":"https:\/\/calatorinromania.com\/index.php?rest_route=%2Fwp%2Fv2%2Fcategories&post=46576"},{"taxonomy":"post_tag","embeddable":true,"href":"https:\/\/calatorinromania.com\/index.php?rest_route=%2Fwp%2Fv2%2Ftags&post=46576"}],"curies":[{"name":"wp","href":"https:\/\/api.w.org\/{rel}","templated":true}]}}