{"id":46570,"date":"2026-03-10T09:34:59","date_gmt":"2026-03-10T09:34:59","guid":{"rendered":"https:\/\/calatorinromania.com\/?p=46570"},"modified":"2026-03-10T09:34:59","modified_gmt":"2026-03-10T09:34:59","slug":"o-chelnerita-modesta-serveste-cu-rabdare-o-femeie-surda","status":"publish","type":"post","link":"https:\/\/calatorinromania.com\/?p=46570","title":{"rendered":"O chelneri\u021b\u0103 modest\u0103 serve\u0219te cu r\u0103bdare o femeie surd\u0103"},"content":{"rendered":"\n<p>Elena a privit mai atent.<\/p>\n\n\n\n<p><\/p>\n\n\n\n<p>Felul \u00een care doamna Carmen nu reac\u021biona.<\/p>\n\n\n\n<p><\/p>\n\n\n\n<p>Felul \u00een care buzele ei nu se mi\u0219cau.<\/p>\n\n\n\n<p><\/p>\n\n\n\n<p>Felul \u00een care ochii urm\u0103reau doar gesturile.<\/p>\n\n\n\n<p>\u00cen acel moment, Elena a \u00een\u021beles.<\/p>\n\n\n\n<p>Femeia era surd\u0103.<\/p>\n\n\n\n<p>Instinctiv, Elena a f\u0103cut ceva ce nimeni din restaurant nu se a\u0219tepta.<\/p>\n\n\n\n<p>A ridicat u\u0219or m\u00e2na \u0219i a \u00eenceput s\u0103 vorbeasc\u0103\u2026 \u00een limbajul semnelor.<\/p>\n\n\n\n<p>\u2014&nbsp;<strong>Bun\u0103 seara. M\u0103 numesc Elena. Cu ce v\u0103 pot ajuta?<\/strong><\/p>\n\n\n\n<p>Doamna Carmen a clipit surprins\u0103.<\/p>\n\n\n\n<p>Pentru o clip\u0103 a r\u0103mas nemi\u0219cat\u0103.<\/p>\n\n\n\n<p>Apoi fa\u021ba i s-a luminat ca a unui copil.<\/p>\n\n\n\n<p>A ridicat \u0219i ea m\u00e2inile.<\/p>\n\n\n\n<p>\u2014&nbsp;<strong>Tu vorbe\u0219ti limbajul semnelor?<\/strong><\/p>\n\n\n\n<p>Elena a z\u00e2mbit.<\/p>\n\n\n\n<p>\u2014&nbsp;<strong>Da. Sora mea este surd\u0103.<\/strong><\/p>\n\n\n\n<p>Ochii femeii s-au umplut de lacrimi.<\/p>\n\n\n\n<p>Adrian privea scena f\u0103r\u0103 s\u0103 \u00een\u021beleag\u0103.<\/p>\n\n\n\n<p>\u2014 Ce se \u00eent\u00e2mpl\u0103?<\/p>\n\n\n\n<p>Elena s-a \u00eentors spre el.<\/p>\n\n\n\n<p>\u2014 Mama dumneavoastr\u0103 este surd\u0103.<\/p>\n\n\n\n<p>Restaurantul a amu\u021bit.<\/p>\n\n\n\n<p>Adrian a r\u0103mas f\u0103r\u0103 cuvinte.<\/p>\n\n\n\n<p>\u2014 Ce\u2026?<\/p>\n\n\n\n<p>Doamna Carmen a \u00eenceput s\u0103 semneze rapid, iar Elena traducea.<\/p>\n\n\n\n<p>\u2014 Spune c\u0103 de ani de zile oamenii vorbesc peste ea\u2026 f\u0103r\u0103 s\u0103 \u00eencerce s\u0103 o \u00een\u021beleag\u0103.<\/p>\n\n\n\n<p>Adrian a devenit palid.<\/p>\n\n\n\n<p>\u2014 Eu\u2026 nu \u0219tiam c\u0103 se simte a\u0219a.<\/p>\n\n\n\n<p>Carmen a continuat.<\/p>\n\n\n\n<p>\u2014&nbsp;<strong>\u00cen sf\u00e2r\u0219it cineva m\u0103 vede.<\/strong><\/p>\n\n\n\n<p>\u00cen acel moment, chiar \u0219i mesele vecine se opriser\u0103 din vorbit.<\/p>\n\n\n\n<p>Toat\u0103 lumea privea.<\/p>\n\n\n\n<p>Elena a r\u0103mas l\u00e2ng\u0103 ea c\u00e2teva minute, traduc\u00e2nd fiecare cuv\u00e2nt.<\/p>\n\n\n\n<p>Pentru prima dat\u0103 \u00een acea sear\u0103, doamna Carmen r\u00e2dea.<\/p>\n\n\n\n<p>C\u00e2nd Elena a terminat comanda, Adrian a r\u0103mas t\u0103cut.<\/p>\n\n\n\n<p>Apoi a spus \u00eencet:<\/p>\n\n\n\n<p>\u2014 Elena\u2026 po\u021bi s\u0103 stai un moment?<\/p>\n\n\n\n<p>Elena s-a temut c\u0103 a f\u0103cut ceva gre\u0219it.<\/p>\n\n\n\n<p>\u2014 Sigur.<\/p>\n\n\n\n<p>Adrian s-a uitat la mama lui.<\/p>\n\n\n\n<p>\u2014 Mama spune c\u0103 nu s-a sim\u021bit niciodat\u0103 at\u00e2t de respectat\u0103 \u00eentr-un restaurant.<\/p>\n\n\n\n<p>Elena a z\u00e2mbit timid.<\/p>\n\n\n\n<p>\u2014 Am f\u0103cut doar ce era normal.<\/p>\n\n\n\n<p>Adrian a scos un card din portofel \u0219i l-a pus pe mas\u0103.<\/p>\n\n\n\n<p>\u2014 Nu, ai f\u0103cut mai mult.<\/p>\n\n\n\n<p>S-a uitat direct \u00een ochii ei.<\/p>\n\n\n\n<p>\u2014 Conduc o funda\u021bie care sprijin\u0103 persoanele cu dizabilit\u0103\u021bi. \u0218i tocmai mi-am dat seama c\u0103 avem nevoie de oameni ca tine.<\/p>\n\n\n\n<p>Elena a r\u0103mas nemi\u0219cat\u0103.<\/p>\n\n\n\n<p>\u2014 Ce vre\u021bi s\u0103 spune\u021bi?<\/p>\n\n\n\n<p>\u2014 Vreau s\u0103-\u021bi ofer un loc de munc\u0103 la funda\u021bia mea. Salariu de trei ori mai mare dec\u00e2t aici. \u0218i program flexibil.<\/p>\n\n\n\n<p>Doamna Herghelegiu, care asculta de la distan\u021b\u0103, aproape c\u0103 a sc\u0103pat tava din m\u00e2n\u0103.<\/p>\n\n\n\n<p>Elena nu \u0219tia ce s\u0103 spun\u0103.<\/p>\n\n\n\n<p>\u2014 Dar eu\u2026 sunt doar o chelneri\u021b\u0103.<\/p>\n\n\n\n<p>Adrian a z\u00e2mbit.<\/p>\n\n\n\n<p>\u2014 Nu.<\/p>\n\n\n\n<p>S-a uitat spre mama lui.<\/p>\n\n\n\n<p>\u2014 E\u0219ti un om care vede oameni pe care restul lumii \u00eei ignor\u0103.<\/p>\n\n\n\n<p>Carmen a semnat \u00eencet.<\/p>\n\n\n\n<p>Elena a tradus cu voce tremurat\u0103.<\/p>\n\n\n\n<p>\u2014&nbsp;<strong>Spune c\u0103 sora ta ar fi m\u00e2ndr\u0103 de tine.<\/strong><\/p>\n\n\n\n<p>\u00cen acel moment, Elena a sim\u021bit cum ochii i se umplu de lacrimi.<\/p>\n\n\n\n<p>Dup\u0103 14 ore de munc\u0103, durere \u0219i oboseal\u0103\u2026<\/p>\n\n\n\n<p>Via\u021ba ei se schimba complet.<\/p>\n\n\n\n<p>Totul pentru c\u0103, \u00eentr-o lume plin\u0103 de zgomot, ea alesese s\u0103 asculte\u2026 chiar \u0219i \u00een t\u0103cere.<\/p>\n\n\n\n<p><em>Aceast\u0103 lucrare este inspirat\u0103 din evenimente \u0219i persoane reale, \u00eens\u0103 a fost fic\u021bionalizat\u0103 \u00een scopuri creative. Numele, personajele \u0219i detaliile au fost schimbate pentru a proteja intimitatea \u0219i pentru a \u00eembun\u0103t\u0103\u021bi nara\u021biunea. Orice asem\u0103nare cu persoane reale, \u00een via\u021b\u0103 sau decedate, sau cu evenimente reale este pur \u00eent\u00e2mpl\u0103toare \u0219i nu este inten\u021bionat\u0103 de c\u0103tre autor.<\/em><\/p>\n\n\n\n<p><em>Autorul \u0219i editorul nu \u00ee\u0219i asum\u0103 responsabilitatea pentru exactitatea evenimentelor sau pentru modul \u00een care sunt portretizate personajele \u0219i nu sunt r\u0103spunz\u0103tori pentru eventuale interpret\u0103ri gre\u0219ite. Aceast\u0103 poveste este oferit\u0103 \u201eca atare\u201d, iar orice opinii exprimate apar\u021bin personajelor \u0219i nu reflect\u0103 punctele de vedere ale autorului sau ale editorului.<\/em><\/p>\n","protected":false},"excerpt":{"rendered":"<p>Elena a privit mai atent. Felul \u00een care doamna Carmen nu reac\u021biona. Felul \u00een care buzele ei nu se mi\u0219cau. Felul \u00een care ochii urm\u0103reau<\/p>\n","protected":false},"author":1,"featured_media":46552,"comment_status":"closed","ping_status":"closed","sticky":false,"template":"","format":"standard","meta":[],"categories":[1],"tags":[],"_links":{"self":[{"href":"https:\/\/calatorinromania.com\/index.php?rest_route=\/wp\/v2\/posts\/46570"}],"collection":[{"href":"https:\/\/calatorinromania.com\/index.php?rest_route=\/wp\/v2\/posts"}],"about":[{"href":"https:\/\/calatorinromania.com\/index.php?rest_route=\/wp\/v2\/types\/post"}],"author":[{"embeddable":true,"href":"https:\/\/calatorinromania.com\/index.php?rest_route=\/wp\/v2\/users\/1"}],"replies":[{"embeddable":true,"href":"https:\/\/calatorinromania.com\/index.php?rest_route=%2Fwp%2Fv2%2Fcomments&post=46570"}],"version-history":[{"count":1,"href":"https:\/\/calatorinromania.com\/index.php?rest_route=\/wp\/v2\/posts\/46570\/revisions"}],"predecessor-version":[{"id":46571,"href":"https:\/\/calatorinromania.com\/index.php?rest_route=\/wp\/v2\/posts\/46570\/revisions\/46571"}],"wp:featuredmedia":[{"embeddable":true,"href":"https:\/\/calatorinromania.com\/index.php?rest_route=\/wp\/v2\/media\/46552"}],"wp:attachment":[{"href":"https:\/\/calatorinromania.com\/index.php?rest_route=%2Fwp%2Fv2%2Fmedia&parent=46570"}],"wp:term":[{"taxonomy":"category","embeddable":true,"href":"https:\/\/calatorinromania.com\/index.php?rest_route=%2Fwp%2Fv2%2Fcategories&post=46570"},{"taxonomy":"post_tag","embeddable":true,"href":"https:\/\/calatorinromania.com\/index.php?rest_route=%2Fwp%2Fv2%2Ftags&post=46570"}],"curies":[{"name":"wp","href":"https:\/\/api.w.org\/{rel}","templated":true}]}}