{"id":46568,"date":"2026-03-10T09:32:05","date_gmt":"2026-03-10T09:32:05","guid":{"rendered":"https:\/\/calatorinromania.com\/?p=46568"},"modified":"2026-03-10T09:32:06","modified_gmt":"2026-03-10T09:32:06","slug":"ascunzandu-se-de-ploaie-intr-un-sopron-vechi-din-curtea-casei-de-la-tara","status":"publish","type":"post","link":"https:\/\/calatorinromania.com\/?p=46568","title":{"rendered":"Ascunz\u00e2ndu-se de ploaie \u00eentr-un \u0219opron vechi din curtea casei de la \u021bar\u0103"},"content":{"rendered":"\n<p>Ploaia b\u0103tea tare \u00een acoperi\u0219ul de tabl\u0103 al \u0219opronului.<\/p>\n\n\n\n<p><\/p>\n\n\n\n<p>Nadia st\u0103tea nemi\u0219cat\u0103 \u00eentre o roab\u0103 ruginit\u0103 \u0219i o grebl\u0103 sprijinit\u0103 de perete.<\/p>\n\n\n\n<p><\/p>\n\n\n\n<p>Respira \u00eencet, ca s\u0103 nu fie auzit\u0103.<\/p>\n\n\n\n<p><\/p>\n\n\n\n<p>Vocile se apropiau.<\/p>\n\n\n\n<p><\/p>\n\n\n\n<p>\u2014 \u00ce\u021bi spun c\u0103 e momentul perfect, \u2014 a continuat Grigore. \u2014 Dac\u0103 semneaz\u0103 h\u00e2rtia, apartamentul \u0219i terenul sunt ale noastre. Dup\u0103 aia\u2026 ne ocup\u0103m \u0219i de restul.<\/p>\n\n\n\n<p><\/p>\n\n\n\n<p>\u2014 \u0218i dac\u0103 nu semneaz\u0103? \u2014 a \u00eentrebat Simona.<\/p>\n\n\n\n<p><\/p>\n\n\n\n<p>\u2014 O convingem noi. E singur\u0103. Nu are pe nimeni.<\/p>\n\n\n\n<p><\/p>\n\n\n\n<p>Nadia a sim\u021bit cum i se r\u0103ce\u0219te s\u00e2ngele.<\/p>\n\n\n\n<p><\/p>\n\n\n\n<p>\u2014 Trebuie doar s\u0103 o speriem pu\u021bin. Spunem c\u0103 are datorii, c\u0103 trebuie s\u0103 v\u00e2nd\u0103. Sau c\u0103 actele sunt pe numele mamei. O s\u0103 cedeze.<\/p>\n\n\n\n<p><\/p>\n\n\n\n<p>\u2014 Mama e de partea noastr\u0103, \u2014 a spus Simona. \u2014 Ea crede c\u0103 Nadia nu merit\u0103 nimic dup\u0103 fratele meu.<\/p>\n\n\n\n<p>Au \u00eenceput s\u0103 r\u00e2d\u0103 \u00eencet.<\/p>\n\n\n\n<p>R\u00e2sul lor a t\u0103iat aerul mai r\u0103u dec\u00e2t ploaia.<\/p>\n\n\n\n<p>Nadia a str\u00e2ns punga cu castrave\u021bi p\u00e2n\u0103 c\u00e2nd plasticul a trosnit.<\/p>\n\n\n\n<p>Atunci a \u00een\u021beles.<\/p>\n\n\n\n<p>Nu era doar o b\u0103nuial\u0103.<\/p>\n\n\n\n<p><strong>Era un plan.<\/strong><\/p>\n\n\n\n<p>Voiau s\u0103 o lase f\u0103r\u0103 cas\u0103.<\/p>\n\n\n\n<p>F\u0103r\u0103 nimic.<\/p>\n\n\n\n<p>C\u00e2nd pa\u0219ii lor s-au \u00eendep\u0103rtat, Nadia a r\u0103mas c\u00e2teva minute nemi\u0219cat\u0103.<\/p>\n\n\n\n<p>Apoi a ie\u0219it \u00eencet din \u0219opron.<\/p>\n\n\n\n<p>Ploaia se mai domolise.<\/p>\n\n\n\n<p>Dar \u00een mintea ei se n\u0103\u0219tea deja altceva.<\/p>\n\n\n\n<p><strong>Un plan.<\/strong><\/p>\n\n\n\n<p>\u00cen acea sear\u0103, Nadia s-a purtat ca de obicei.<\/p>\n\n\n\n<p>A sp\u0103lat castrave\u021bii.<\/p>\n\n\n\n<p>A f\u0103cut ceai.<\/p>\n\n\n\n<p>A ascultat comentariile soacrei f\u0103r\u0103 s\u0103 r\u0103spund\u0103.<\/p>\n\n\n\n<p>Simona \u0219i Grigore au m\u00e2ncat lini\u0219ti\u021bi, convin\u0219i c\u0103 nimeni nu \u0219tie nimic.<\/p>\n\n\n\n<p>Dar dup\u0103 ce to\u021bi s-au culcat, Nadia a deschis laptopul.<\/p>\n\n\n\n<p>A c\u0103utat num\u0103rul unui notar.<\/p>\n\n\n\n<p>Apoi al unui avocat.<\/p>\n\n\n\n<p>A doua zi diminea\u021b\u0103, \u00eenainte ca ceilal\u021bi s\u0103 se trezeasc\u0103, ea era deja \u00een ora\u0219.<\/p>\n\n\n\n<p>Trei zile mai t\u00e2rziu, totul era preg\u0103tit.<\/p>\n\n\n\n<p>\u00cen weekend, Nadia i-a invitat pe to\u021bi la un gr\u0103tar.<\/p>\n\n\n\n<p>Simona \u0219i Grigore au venit z\u00e2mbitori.<\/p>\n\n\n\n<p>Soacra era convins\u0103 c\u0103 urmeaz\u0103 o discu\u021bie despre \u201eviitorul propriet\u0103\u021bilor\u201d.<\/p>\n\n\n\n<p>Dup\u0103 mas\u0103, Nadia a scos o map\u0103 de pe mas\u0103.<\/p>\n\n\n\n<p>\u2014 Am ni\u0219te acte importante de discutat.<\/p>\n\n\n\n<p>Simona \u0219i Grigore s-au privit satisf\u0103cu\u021bi.<\/p>\n\n\n\n<p>\u2014 \u00cen sf\u00e2r\u0219it, \u2014 a spus Grigore.<\/p>\n\n\n\n<p>Dar c\u00e2nd au deschis mapa, z\u00e2mbetele li s-au \u0219ters.<\/p>\n\n\n\n<p>\u00cen\u0103untru erau documente oficiale.<\/p>\n\n\n\n<p>Contracte.<\/p>\n\n\n\n<p>Semn\u0103turi.<\/p>\n\n\n\n<p>\u0218tampile.<\/p>\n\n\n\n<p>\u2014 Ce e asta? \u2014 a \u00eentrebat Simona.<\/p>\n\n\n\n<p>Nadia a r\u0103spuns calm:<\/p>\n\n\n\n<p>\u2014 Am donat apartamentul din ora\u0219 unei funda\u021bii care ajut\u0103 copiii r\u0103ma\u0219i f\u0103r\u0103 p\u0103rin\u021bi.<\/p>\n\n\n\n<p>To\u021bi au r\u0103mas f\u0103r\u0103 cuvinte.<\/p>\n\n\n\n<p>\u2014 Iar terenul \u0219i casa de aici sunt trecute pe numele meu definitiv. Am f\u0103cut separarea complet\u0103 a propriet\u0103\u021bii.<\/p>\n\n\n\n<p>Grigore a lovit masa.<\/p>\n\n\n\n<p>\u2014 Nu ai dreptul!<\/p>\n\n\n\n<p>Nadia a scos alt document.<\/p>\n\n\n\n<p>\u2014 \u0218i \u00eenc\u0103 ceva.<\/p>\n\n\n\n<p>Era o&nbsp;<strong>\u00eenregistrare audio<\/strong>.<\/p>\n\n\n\n<p>Vocile lor din \u0219opron.<\/p>\n\n\n\n<p>Planul.<\/p>\n\n\n\n<p>Fiecare cuv\u00e2nt.<\/p>\n\n\n\n<p>Fa\u021ba Simonei s-a f\u0103cut alb\u0103.<\/p>\n\n\n\n<p>\u2014 Dac\u0103 mai \u00eencerca\u021bi s\u0103 m\u0103 amenin\u021ba\u021bi sau s\u0103 m\u0103 p\u0103c\u0103li\u021bi, \u2014 a spus Nadia lini\u0219tit, \u2014 poli\u021bia va primi aceast\u0103 \u00eenregistrare.<\/p>\n\n\n\n<p>Soacra a r\u0103mas cu gura \u00eentredeschis\u0103.<\/p>\n\n\n\n<p>Simona \u0219i Grigore nu mai spuneau nimic.<\/p>\n\n\n\n<p>Pentru prima dat\u0103 \u00een doi ani\u2026<\/p>\n\n\n\n<p><strong>Nadia nu mai era victima.<\/strong><\/p>\n\n\n\n<p>S-a ridicat de la mas\u0103.<\/p>\n\n\n\n<p>\u2014 Acum pute\u021bi pleca.<\/p>\n\n\n\n<p>Au plecat f\u0103r\u0103 s\u0103 spun\u0103 un cuv\u00e2nt.<\/p>\n\n\n\n<p>Iar pentru prima dat\u0103 dup\u0103 moartea so\u021bului ei\u2026<\/p>\n\n\n\n<p>curtea aceea lini\u0219tit\u0103 de la \u021bar\u0103 a devenit din nou&nbsp;<strong>cu adev\u0103rat casa ei.<\/strong><\/p>\n\n\n\n<p><em>Aceast\u0103 lucrare este inspirat\u0103 din evenimente \u0219i persoane reale, \u00eens\u0103 a fost fic\u021bionalizat\u0103 \u00een scopuri creative. Numele, personajele \u0219i detaliile au fost schimbate pentru a proteja intimitatea \u0219i pentru a \u00eembun\u0103t\u0103\u021bi nara\u021biunea. Orice asem\u0103nare cu persoane reale, \u00een via\u021b\u0103 sau decedate, sau cu evenimente reale este pur \u00eent\u00e2mpl\u0103toare \u0219i nu este inten\u021bionat\u0103 de c\u0103tre autor.<\/em><\/p>\n\n\n\n<p><em>Autorul \u0219i editorul nu \u00ee\u0219i asum\u0103 responsabilitatea pentru exactitatea evenimentelor sau pentru modul \u00een care sunt portretizate personajele \u0219i nu sunt r\u0103spunz\u0103tori pentru eventuale interpret\u0103ri gre\u0219ite. Aceast\u0103 poveste este oferit\u0103 \u201eca atare\u201d, iar orice opinii exprimate apar\u021bin personajelor \u0219i nu reflect\u0103 punctele de vedere ale autorului sau ale editorului.<\/em><\/p>\n","protected":false},"excerpt":{"rendered":"<p>Ploaia b\u0103tea tare \u00een acoperi\u0219ul de tabl\u0103 al \u0219opronului. Nadia st\u0103tea nemi\u0219cat\u0103 \u00eentre o roab\u0103 ruginit\u0103 \u0219i o grebl\u0103 sprijinit\u0103 de perete. Respira \u00eencet, ca<\/p>\n","protected":false},"author":1,"featured_media":46552,"comment_status":"closed","ping_status":"closed","sticky":false,"template":"","format":"standard","meta":[],"categories":[1],"tags":[],"_links":{"self":[{"href":"https:\/\/calatorinromania.com\/index.php?rest_route=\/wp\/v2\/posts\/46568"}],"collection":[{"href":"https:\/\/calatorinromania.com\/index.php?rest_route=\/wp\/v2\/posts"}],"about":[{"href":"https:\/\/calatorinromania.com\/index.php?rest_route=\/wp\/v2\/types\/post"}],"author":[{"embeddable":true,"href":"https:\/\/calatorinromania.com\/index.php?rest_route=\/wp\/v2\/users\/1"}],"replies":[{"embeddable":true,"href":"https:\/\/calatorinromania.com\/index.php?rest_route=%2Fwp%2Fv2%2Fcomments&post=46568"}],"version-history":[{"count":1,"href":"https:\/\/calatorinromania.com\/index.php?rest_route=\/wp\/v2\/posts\/46568\/revisions"}],"predecessor-version":[{"id":46569,"href":"https:\/\/calatorinromania.com\/index.php?rest_route=\/wp\/v2\/posts\/46568\/revisions\/46569"}],"wp:featuredmedia":[{"embeddable":true,"href":"https:\/\/calatorinromania.com\/index.php?rest_route=\/wp\/v2\/media\/46552"}],"wp:attachment":[{"href":"https:\/\/calatorinromania.com\/index.php?rest_route=%2Fwp%2Fv2%2Fmedia&parent=46568"}],"wp:term":[{"taxonomy":"category","embeddable":true,"href":"https:\/\/calatorinromania.com\/index.php?rest_route=%2Fwp%2Fv2%2Fcategories&post=46568"},{"taxonomy":"post_tag","embeddable":true,"href":"https:\/\/calatorinromania.com\/index.php?rest_route=%2Fwp%2Fv2%2Ftags&post=46568"}],"curies":[{"name":"wp","href":"https:\/\/api.w.org\/{rel}","templated":true}]}}