{"id":46566,"date":"2026-03-10T09:27:20","date_gmt":"2026-03-10T09:27:20","guid":{"rendered":"https:\/\/calatorinromania.com\/?p=46566"},"modified":"2026-03-10T09:27:21","modified_gmt":"2026-03-10T09:27:21","slug":"fiul-a-castigat-la-loterie-si-s-a-intors-acasa","status":"publish","type":"post","link":"https:\/\/calatorinromania.com\/?p=46566","title":{"rendered":"Fiul a c\u00e2\u0219tigat la loterie \u0219i s-a \u00eentors acas\u0103"},"content":{"rendered":"\n<p>Nea Dumitru a oftat ad\u00e2nc, ca \u0219i cum ar fi purtat \u00een piept o povar\u0103 grea.<\/p>\n\n\n\n<p><\/p>\n\n\n\n<p>\u2014 Nu e locul meu s\u0103 spun\u2026 dar ar fi bine s\u0103 te duci la vechiul grajd de l\u00e2ng\u0103 izlaz.<\/p>\n\n\n\n<p><\/p>\n\n\n\n<p>Matei a sim\u021bit cum stomacul i se str\u00e2nge.<\/p>\n\n\n\n<p><\/p>\n\n\n\n<p>\u2014 Grajd?<\/p>\n\n\n\n<p><\/p>\n\n\n\n<p>B\u0103tr\u00e2nul a dat din cap \u00eencet.<\/p>\n\n\n\n<p><\/p>\n\n\n\n<p>\u2014 Acolo stau acum.<\/p>\n\n\n\n<p><\/p>\n\n\n\n<p>Matei n-a mai spus nimic. A urcat \u00een dubi\u021b\u0103 \u0219i a pornit imediat.<\/p>\n\n\n\n<p><\/p>\n\n\n\n<p>Drumul spre izlaz era scurt, dar \u00een acele minute i s-a p\u0103rut nesf\u00e2r\u0219it.<\/p>\n\n\n\n<p><\/p>\n\n\n\n<p>\u00cen mintea lui se \u00eenv\u00e2rteau g\u00e2nduri care nu aveau sens.<\/p>\n\n\n\n<p><\/p>\n\n\n\n<p>Cum adic\u0103 p\u0103rin\u021bii lui nu mai locuiau \u00een cas\u0103?<\/p>\n\n\n\n<p><\/p>\n\n\n\n<p>Casa aceea fusese ridicat\u0103 de bunicul lui. Fiecare c\u0103r\u0103mid\u0103 avea o poveste.<\/p>\n\n\n\n<p>C\u00e2nd a ajuns l\u00e2ng\u0103 grajd, a oprit brusc.<\/p>\n\n\n\n<p>Cl\u0103direa era veche, din sc\u00e2nduri negre de vreme.<\/p>\n\n\n\n<p>U\u0219a era \u00eentredeschis\u0103.<\/p>\n\n\n\n<p>Matei a cobor\u00e2t \u00eencet.<\/p>\n\n\n\n<p>Pa\u0219ii \u00eei sunau ap\u0103sat pe p\u0103m\u00e2ntul b\u0103t\u0103torit.<\/p>\n\n\n\n<p>C\u00e2nd a \u00eempins u\u0219a, inima i s-a str\u00e2ns.<\/p>\n\n\n\n<p>\u00cen\u0103untru, pe jos, pe ni\u0219te saci vechi, st\u0103teau doi oameni.<\/p>\n\n\n\n<p>Mama \u0219i tat\u0103l lui.<\/p>\n\n\n\n<p>\u00cen fa\u021ba lor era o g\u0103leat\u0103 metalic\u0103.<\/p>\n\n\n\n<p>Iar \u00een ea\u2026 boabe de porumb amestecate cu t\u0103r\u00e2\u021be.<\/p>\n\n\n\n<p>Mo\u0219 Ion lua c\u00e2te o m\u00e2n\u0103 \u0219i m\u00e2nca \u00eencet.<\/p>\n\n\n\n<p>Mama lui f\u0103cea la fel.<\/p>\n\n\n\n<p>Matei a r\u0103mas \u00eempietrit.<\/p>\n\n\n\n<p>\u2014 Tat\u0103\u2026<\/p>\n\n\n\n<p>Cei doi au ridicat capul.<\/p>\n\n\n\n<p>Pentru o clip\u0103, b\u0103tr\u00e2nul nu l-a recunoscut.<\/p>\n\n\n\n<p>Apoi ochii i s-au luminat.<\/p>\n\n\n\n<p>\u2014 Matei?!<\/p>\n\n\n\n<p>Mama lui a \u00eenceput s\u0103 pl\u00e2ng\u0103.<\/p>\n\n\n\n<p>Matei a c\u0103zut \u00een genunchi l\u00e2ng\u0103 ei.<\/p>\n\n\n\n<p>\u2014 Ce face\u021bi aici? Ce s-a \u00eent\u00e2mplat?!<\/p>\n\n\n\n<p>Mo\u0219 Ion a \u00eencercat s\u0103 z\u00e2mbeasc\u0103.<\/p>\n\n\n\n<p>\u2014 E bine, b\u0103iete\u2026 ne descurc\u0103m noi.<\/p>\n\n\n\n<p>Dar Matei vedea adev\u0103rul.<\/p>\n\n\n\n<p>Hainele rupte.<\/p>\n\n\n\n<p>Oboseala.<\/p>\n\n\n\n<p>Ru\u0219inea din priviri.<\/p>\n\n\n\n<p>\u2014 Cine v-a f\u0103cut asta?<\/p>\n\n\n\n<p>Tat\u0103l lui a t\u0103cut.<\/p>\n\n\n\n<p>Dar mama lui a spus \u00eencet:<\/p>\n\n\n\n<p>\u2014 Fratele t\u0103u\u2026<\/p>\n\n\n\n<p>Matei a sim\u021bit cum \u00eei fierbe s\u00e2ngele.<\/p>\n\n\n\n<p>Fratele lui mai mic, Vasile.<\/p>\n\n\n\n<p>Cel care r\u0103m\u0103sese \u00een sat.<\/p>\n\n\n\n<p>\u2014 A zis c\u0103 p\u0103m\u00e2ntul e al lui acum\u2026 c\u0103 voi sunte\u021bi prea b\u0103tr\u00e2ni s\u0103 mai decide\u021bi ceva\u2026<\/p>\n\n\n\n<p>Casa fusese trecut\u0103 pe numele lui cu ni\u0219te h\u00e2rtii.<\/p>\n\n\n\n<p>H\u00e2rtii pe care mo\u0219 Ion le semnase f\u0103r\u0103 s\u0103 \u00een\u021beleag\u0103.<\/p>\n\n\n\n<p>Matei a str\u00e2ns pumnii.<\/p>\n\n\n\n<p>Dar apoi a respirat ad\u00e2nc.<\/p>\n\n\n\n<p>A scos \u00eencet din buzunar h\u00e2rtia \u00eemp\u0103turit\u0103.<\/p>\n\n\n\n<p>\u2014 Tat\u0103\u2026 eu nu am venit cu m\u00e2na goal\u0103.<\/p>\n\n\n\n<p>A \u00eentins biletul de loterie \u0219i documentul de confirmare.<\/p>\n\n\n\n<p>\u2014 Am c\u00e2\u0219tigat.<\/p>\n\n\n\n<p>P\u0103rin\u021bii au r\u0103mas f\u0103r\u0103 cuvinte.<\/p>\n\n\n\n<p>\u2014 Avem destui bani\u2026 peste 2 milioane de lei.<\/p>\n\n\n\n<p>Mo\u0219 Ion a cl\u0103tinat din cap.<\/p>\n\n\n\n<p>\u2014 Nu ne trebuie bani, b\u0103iete\u2026 noi doar\u2026<\/p>\n\n\n\n<p>\u2014 Ba da, tat\u0103.<\/p>\n\n\n\n<p>Matei s-a ridicat.<\/p>\n\n\n\n<p>\u2014 Ne trebuie dreptate.<\/p>\n\n\n\n<p>A doua zi diminea\u021b\u0103, tot satul vorbea.<\/p>\n\n\n\n<p>Matei adusese un avocat din ora\u0219.<\/p>\n\n\n\n<p>H\u00e2rtiile semnate de mo\u0219 Ion fuseser\u0103 f\u0103cute prin \u00een\u0219el\u0103ciune.<\/p>\n\n\n\n<p>Iar legea era clar\u0103.<\/p>\n\n\n\n<p>Dup\u0103 c\u00e2teva s\u0103pt\u0103m\u00e2ni, casa \u0219i p\u0103m\u00e2ntul s-au \u00eentors \u00eenapoi la p\u0103rin\u021bi.<\/p>\n\n\n\n<p>Vasile a plecat din sat.<\/p>\n\n\n\n<p>Dar Matei nu s-a oprit acolo.<\/p>\n\n\n\n<p>A renovat casa b\u0103tr\u00e2neasc\u0103.<\/p>\n\n\n\n<p>A pus acoperi\u0219 nou.<\/p>\n\n\n\n<p>Ferestre noi.<\/p>\n\n\n\n<p>A cump\u0103rat animale.<\/p>\n\n\n\n<p>\u0218i a pus bani deoparte pentru ca p\u0103rin\u021bii lui s\u0103 tr\u0103iasc\u0103 lini\u0219ti\u021bi.<\/p>\n\n\n\n<p>\u00centr-o sear\u0103, st\u0103teau to\u021bi trei pe banc\u0103, \u00een curte.<\/p>\n\n\n\n<p>Soarele apunea peste c\u00e2mp.<\/p>\n\n\n\n<p>Mo\u0219 Ion a spus \u00eencet:<\/p>\n\n\n\n<p>\u2014 \u021ai-am zis c\u00e2nd erai mic\u2026 un om valoreaz\u0103 c\u00e2t are grij\u0103 de ai lui.<\/p>\n\n\n\n<p>Matei a z\u00e2mbit.<\/p>\n\n\n\n<p>\u2014 Am \u00eenv\u0103\u021bat de la cel mai bun.<\/p>\n\n\n\n<p>\u0218i \u00een lini\u0219tea acelei seri, pentru prima dat\u0103 dup\u0103 mul\u021bi ani, familia Radu era din nou acas\u0103.<\/p>\n\n\n\n<p><em>Aceast\u0103 lucrare este inspirat\u0103 din evenimente \u0219i persoane reale, \u00eens\u0103 a fost fic\u021bionalizat\u0103 \u00een scopuri creative. Numele, personajele \u0219i detaliile au fost schimbate pentru a proteja intimitatea \u0219i pentru a \u00eembun\u0103t\u0103\u021bi nara\u021biunea. Orice asem\u0103nare cu persoane reale, \u00een via\u021b\u0103 sau decedate, sau cu evenimente reale este pur \u00eent\u00e2mpl\u0103toare \u0219i nu este inten\u021bionat\u0103 de c\u0103tre autor.<\/em><\/p>\n\n\n\n<p><em>Autorul \u0219i editorul nu \u00ee\u0219i asum\u0103 responsabilitatea pentru exactitatea evenimentelor sau pentru modul \u00een care sunt portretizate personajele \u0219i nu sunt r\u0103spunz\u0103tori pentru eventuale interpret\u0103ri gre\u0219ite. Aceast\u0103 poveste este oferit\u0103 \u201eca atare\u201d, iar orice opinii exprimate apar\u021bin personajelor \u0219i nu reflect\u0103 punctele de vedere ale autorului sau ale editorului.<\/em><\/p>\n","protected":false},"excerpt":{"rendered":"<p>Nea Dumitru a oftat ad\u00e2nc, ca \u0219i cum ar fi purtat \u00een piept o povar\u0103 grea. \u2014 Nu e locul meu s\u0103 spun\u2026 dar ar<\/p>\n","protected":false},"author":1,"featured_media":46552,"comment_status":"closed","ping_status":"closed","sticky":false,"template":"","format":"standard","meta":[],"categories":[1],"tags":[],"_links":{"self":[{"href":"https:\/\/calatorinromania.com\/index.php?rest_route=\/wp\/v2\/posts\/46566"}],"collection":[{"href":"https:\/\/calatorinromania.com\/index.php?rest_route=\/wp\/v2\/posts"}],"about":[{"href":"https:\/\/calatorinromania.com\/index.php?rest_route=\/wp\/v2\/types\/post"}],"author":[{"embeddable":true,"href":"https:\/\/calatorinromania.com\/index.php?rest_route=\/wp\/v2\/users\/1"}],"replies":[{"embeddable":true,"href":"https:\/\/calatorinromania.com\/index.php?rest_route=%2Fwp%2Fv2%2Fcomments&post=46566"}],"version-history":[{"count":1,"href":"https:\/\/calatorinromania.com\/index.php?rest_route=\/wp\/v2\/posts\/46566\/revisions"}],"predecessor-version":[{"id":46567,"href":"https:\/\/calatorinromania.com\/index.php?rest_route=\/wp\/v2\/posts\/46566\/revisions\/46567"}],"wp:featuredmedia":[{"embeddable":true,"href":"https:\/\/calatorinromania.com\/index.php?rest_route=\/wp\/v2\/media\/46552"}],"wp:attachment":[{"href":"https:\/\/calatorinromania.com\/index.php?rest_route=%2Fwp%2Fv2%2Fmedia&parent=46566"}],"wp:term":[{"taxonomy":"category","embeddable":true,"href":"https:\/\/calatorinromania.com\/index.php?rest_route=%2Fwp%2Fv2%2Fcategories&post=46566"},{"taxonomy":"post_tag","embeddable":true,"href":"https:\/\/calatorinromania.com\/index.php?rest_route=%2Fwp%2Fv2%2Ftags&post=46566"}],"curies":[{"name":"wp","href":"https:\/\/api.w.org\/{rel}","templated":true}]}}