{"id":46558,"date":"2026-03-10T09:09:52","date_gmt":"2026-03-10T09:09:52","guid":{"rendered":"https:\/\/calatorinromania.com\/?p=46558"},"modified":"2026-03-10T09:09:52","modified_gmt":"2026-03-10T09:09:52","slug":"familia-mea-jura-ca-am-fost-o-cadeta-ratata-2","status":"publish","type":"post","link":"https:\/\/calatorinromania.com\/?p=46558","title":{"rendered":"\u201dFamilia mea jur\u0103 c\u0103 am fost o cadet\u0103 ratat\u0103\u201d"},"content":{"rendered":"\n<p>N-am avut timp s\u0103 respir. Contraamiralul r\u0103m\u00e2nea acolo, a\u0219tept\u00e2nd, iar \u00een ochii lui vedeam ceva ce nu mai primisem niciodat\u0103 de la familia mea: respect f\u0103r\u0103 rezerve.<\/p>\n\n\n\n<p><\/p>\n\n\n\n<p>M-am ridicat \u00eencet, ca \u0219i cum fiecare mi\u0219care putea declan\u0219a o explozie. Oamenii f\u0103ceau loc, murmur\u00e2nd \u00eentre ei, iar tat\u0103l meu se ridica \u0219i el, parc\u0103 mecanic, incapabil s\u0103 \u00een\u021beleag\u0103 ce urma.<\/p>\n\n\n\n<p><\/p>\n\n\n\n<p>Contraamiralul s-a apropiat de mine \u0219i mi-a \u00eentins m\u00e2na. Era o mi\u0219care simpl\u0103, dar \u00een acel moment a rupt \u00een dou\u0103 povestea pe care familia mea o repetase ani la r\u00e2nd.<\/p>\n\n\n\n<p><\/p>\n\n\n\n<p>\u201eColonel Ionescu, v\u0103 mul\u021bumim pentru opera\u021biunea de la grani\u021b\u0103. Datorit\u0103 dumneavoastr\u0103, am adus acas\u0103 dou\u0103 echipe \u00eentregi.\u201d<\/p>\n\n\n\n<p><\/p>\n\n\n\n<p>Un val de lini\u0219te s-a rostogolit peste curte. Lini\u0219tea aceea ap\u0103s\u0103toare, c\u00e2nd to\u021bi oamenii respir\u0103 \u00eentr-un singur ritm.<\/p>\n\n\n\n<p><\/p>\n\n\n\n<p>Am str\u00e2ns m\u00e2na contraamiralului. Ferm. At\u00e2t de ferm \u00eenc\u00e2t am sim\u021bit palma tat\u0103lui meu tremur\u00e2nd la c\u00e2\u021biva metri distan\u021b\u0103.<\/p>\n\n\n\n<p>Apoi el s-a retras, l\u0103s\u00e2nd \u00een urma lui doar priviri ridicate \u0219i \u00eentreb\u0103ri nerostite. Iar eu am r\u0103mas acolo, sub soarele dogoritor, prins\u0103 \u00eentre cine fusesem \u0219i cine devenisem.<\/p>\n\n\n\n<p>Tata a fost primul care a rupt t\u0103cerea.<\/p>\n\n\n\n<p>\u201eSimona\u2026 ce \u00eenseamn\u0103 asta?\u201d<\/p>\n\n\n\n<p>Nu era furie. Nu era dezam\u0103gire. Era ceva mai greu: ru\u0219ine. Ru\u0219inea c\u0103 ani \u00eentregi \u00ee\u0219i construise m\u00e2ndria pe o poveste fals\u0103.<\/p>\n\n\n\n<p>M-am \u00eentors spre el \u00eencet. Mama pl\u00e2ngea f\u0103r\u0103 sunet, cu batista str\u00e2ns\u0103 \u00eentre degete. Ionu\u021b \u00ee\u0219i \u021binea tridentul \u00een m\u00e2n\u0103, dar p\u0103rea c\u0103 nici nu-l mai simte.<\/p>\n\n\n\n<p>\u201e\u00censeamn\u0103,\u201d am spus, \u201ec\u0103 n-am fugit nic\u0103ieri. C\u0103 n-am renun\u021bat. Doar c\u0103 mi s-a cerut s\u0103 tac.\u201d<\/p>\n\n\n\n<p>Tata a \u00eenghi\u021bit \u00een sec \u0219i, pentru prima dat\u0103 de c\u00e2nd eram copil, nu a avut un r\u0103spuns preg\u0103tit. Nu a avut un discurs, o moral\u0103, o poveste pe care s\u0103 o r\u0103stoarne \u00een favoarea lui. Lumea pe care o construise \u00een jurul lui tocmai se cr\u0103pa sub propriile picioare.<\/p>\n\n\n\n<p>\u201eDe ce\u2026 de ce nu ai spus nimic?\u201d a \u00eentrebat el, cu vocea r\u0103gu\u0219it\u0103.<\/p>\n\n\n\n<p>\u201ePentru c\u0103 a\u0219a era regula. Pentru c\u0103, dac\u0103 deschideam gura, oameni puteau s\u0103 moar\u0103. Pentru c\u0103 nu toate luptele se v\u0103d, tat\u0103.\u201d<\/p>\n\n\n\n<p>Am sim\u021bit cum tot aerul dintre noi se schimb\u0103. Mama a f\u0103cut un pas \u00eenainte, nesigur\u0103, \u0219i m-a atins cu v\u00e2rfurile degetelor pe bra\u021b, ca \u0219i cum voia s\u0103 se asigure c\u0103 nu sunt o iluzie.<\/p>\n\n\n\n<p>\u201eFata mea\u2026 colonel?\u201d a \u0219optit ea.<\/p>\n\n\n\n<p>Am dat din cap. \u0218i, \u00een mod ironic, \u00een clipa aceea nu m-am sim\u021bit deloc colonel. M-am sim\u021bit fiica lor, \u00een sf\u00e2r\u0219it v\u0103zut\u0103.<\/p>\n\n\n\n<p>Oamenii \u00eenc\u0103 se uitau la noi, dar nu mai conta. Ce conta era c\u0103 tata \u00ee\u0219i plecase privirea \u2014 un gest mic, dar uria\u0219 pentru un om care \u00ee\u0219i tr\u0103ise via\u021ba \u00eentre ordine, reguli \u0219i m\u00e2ndrie rigid\u0103.<\/p>\n\n\n\n<p>Ionu\u021b a fost urm\u0103torul care a vorbit.<\/p>\n\n\n\n<p>\u201eDe ce nu mi-ai spus, sor\u0103?\u201d vocea lui era plin\u0103 de nedumerire, nu de repro\u0219.<\/p>\n\n\n\n<p>\u201ePentru c\u0103 nici tu n-ai fi avut voie s\u0103 \u0219tii.\u201d L-am privit drept \u00een ochi. \u201eDar acum\u2026 acum pot s\u0103 spun at\u00e2t: sunt m\u00e2ndr\u0103 de tine.\u201d<\/p>\n\n\n\n<p>Ionu\u021b a clipit, iar tridentul i s-a mi\u0219cat u\u0219or \u00een m\u00e2n\u0103, ca \u0219i cum abia acum sim\u021bea greutatea lui adev\u0103rat\u0103.<\/p>\n\n\n\n<p>Apoi, deodat\u0103, tata s-a apropiat. A inspirat ad\u00e2nc. \u0218i-a \u00eendreptat umerii \u2014 reflexul lui natural, \u00eenv\u0103\u021bat \u00een zeci de ani de marin\u0103 \u2014 dar vocea nu-i mai avea autoritatea de alt\u0103dat\u0103.<\/p>\n\n\n\n<p>\u201eSimona\u2026 \u00eemi pare r\u0103u.\u201d<\/p>\n\n\n\n<p>Dou\u0103 cuvinte. At\u00e2t. Dou\u0103 cuvinte pe care le a\u0219teptasem o via\u021b\u0103 \u00eentreag\u0103.<\/p>\n\n\n\n<p>Nu i-am r\u0103spuns imediat. Am privit spre marea care sclipea la c\u00e2\u021biva metri de noi, spre steagurile care \u00eenc\u0103 fluturau, spre familiile care se ridicau de pe scaune, nepreg\u0103tite s\u0103 uite scena pe care tocmai o v\u0103zuser\u0103.<\/p>\n\n\n\n<p>\u201e\u0218i mie,\u201d i-am spus \u00een cele din urm\u0103. \u201eDar azi\u2026 azi n-o s\u0103 ne mai ascundem unii de al\u021bii.\u201d<\/p>\n\n\n\n<p>\u00cen secunda aceea, mama m-a str\u00e2ns \u00een bra\u021be. Ionu\u021b s-a apropiat \u0219i el. \u0218i, dup\u0103 c\u00e2teva momente care au p\u0103rut rupte dintr-un alt timp, tata m-a cuprins cu ambele bra\u021be, ca \u0219i cum ar fi \u00eencercat s\u0103-\u0219i recupereze to\u021bi anii \u00een care nu-mbr\u0103\u021bi\u0219ase nimic \u00een afar\u0103 de uniforma lui.<\/p>\n\n\n\n<p>Ceremonia continua \u00een jurul nostru, dar lumea mea, pentru prima dat\u0103 dup\u0103 mul\u021bi ani, se rea\u0219eza la locul ei.<\/p>\n\n\n\n<p>Nu mai eram cadeta care \u201ea renun\u021bat\u201d.<\/p>\n\n\n\n<p>Nu mai eram ru\u0219inea familiei. Eram Simona Ionescu, colonel, fiic\u0103 \u0219i, \u00een sf\u00e2r\u0219it, parte dintr-o familie care \u00ee\u0219i \u00eenv\u0103\u021ba lec\u021bia cea mai grea: uneori, adev\u0103rata onoare nu se vede pe uniform\u0103, ci \u00een inim\u0103.<\/p>\n\n\n\n<p>Iar pentru mine, asta valora mai mult dec\u00e2t orice grad, orice medalie \u0219i orice poveste spus\u0103 la vreo mas\u0103 de duminic\u0103.<\/p>\n\n\n\n<p><em>Aceast\u0103 lucrare este inspirat\u0103 din evenimente \u0219i persoane reale, \u00eens\u0103 a fost fic\u021bionalizat\u0103 \u00een scopuri creative. Numele, personajele \u0219i detaliile au fost schimbate pentru a proteja intimitatea \u0219i pentru a \u00eembun\u0103t\u0103\u021bi nara\u021biunea. Orice asem\u0103nare cu persoane reale, \u00een via\u021b\u0103 sau decedate, sau cu evenimente reale este pur \u00eent\u00e2mpl\u0103toare \u0219i nu este inten\u021bionat\u0103 de c\u0103tre autor.<\/em><\/p>\n\n\n\n<p><em>Autorul \u0219i editorul nu \u00ee\u0219i asum\u0103 responsabilitatea pentru exactitatea evenimentelor sau pentru modul \u00een care sunt portretizate personajele \u0219i nu sunt r\u0103spunz\u0103tori pentru eventuale interpret\u0103ri gre\u0219ite. Aceast\u0103 poveste este oferit\u0103 \u201eca atare\u201d, iar orice opinii exprimate apar\u021bin personajelor \u0219i nu reflect\u0103 punctele de vedere ale autorului sau ale editorului.<\/em><\/p>\n","protected":false},"excerpt":{"rendered":"<p>N-am avut timp s\u0103 respir. Contraamiralul r\u0103m\u00e2nea acolo, a\u0219tept\u00e2nd, iar \u00een ochii lui vedeam ceva ce nu mai primisem niciodat\u0103 de la familia mea: respect<\/p>\n","protected":false},"author":1,"featured_media":46552,"comment_status":"closed","ping_status":"closed","sticky":false,"template":"","format":"standard","meta":[],"categories":[1],"tags":[],"_links":{"self":[{"href":"https:\/\/calatorinromania.com\/index.php?rest_route=\/wp\/v2\/posts\/46558"}],"collection":[{"href":"https:\/\/calatorinromania.com\/index.php?rest_route=\/wp\/v2\/posts"}],"about":[{"href":"https:\/\/calatorinromania.com\/index.php?rest_route=\/wp\/v2\/types\/post"}],"author":[{"embeddable":true,"href":"https:\/\/calatorinromania.com\/index.php?rest_route=\/wp\/v2\/users\/1"}],"replies":[{"embeddable":true,"href":"https:\/\/calatorinromania.com\/index.php?rest_route=%2Fwp%2Fv2%2Fcomments&post=46558"}],"version-history":[{"count":1,"href":"https:\/\/calatorinromania.com\/index.php?rest_route=\/wp\/v2\/posts\/46558\/revisions"}],"predecessor-version":[{"id":46559,"href":"https:\/\/calatorinromania.com\/index.php?rest_route=\/wp\/v2\/posts\/46558\/revisions\/46559"}],"wp:featuredmedia":[{"embeddable":true,"href":"https:\/\/calatorinromania.com\/index.php?rest_route=\/wp\/v2\/media\/46552"}],"wp:attachment":[{"href":"https:\/\/calatorinromania.com\/index.php?rest_route=%2Fwp%2Fv2%2Fmedia&parent=46558"}],"wp:term":[{"taxonomy":"category","embeddable":true,"href":"https:\/\/calatorinromania.com\/index.php?rest_route=%2Fwp%2Fv2%2Fcategories&post=46558"},{"taxonomy":"post_tag","embeddable":true,"href":"https:\/\/calatorinromania.com\/index.php?rest_route=%2Fwp%2Fv2%2Ftags&post=46558"}],"curies":[{"name":"wp","href":"https:\/\/api.w.org\/{rel}","templated":true}]}}