{"id":46529,"date":"2026-03-09T08:44:44","date_gmt":"2026-03-09T08:44:44","guid":{"rendered":"https:\/\/calatorinromania.com\/?p=46529"},"modified":"2026-03-09T08:44:45","modified_gmt":"2026-03-09T08:44:45","slug":"gemenii-milionarului-vaduv-nu-dormeau-deloc-pana-cand-menajera-a-schimbat-totul","status":"publish","type":"post","link":"https:\/\/calatorinromania.com\/?p=46529","title":{"rendered":"Gemenii milionarului v\u0103duv nu dormeau deloc \u2014 p\u00e2n\u0103 c\u00e2nd menajera a schimbat totul"},"content":{"rendered":"\n<p><\/p>\n\n\n\n<p>Diego st\u0103tea \u00eencremenit, cu privirea lipit\u0103 de tablet\u0103. Ochii \u00eei r\u0103m\u0103seser\u0103 larg deschi\u0219i, iar degetele \u00eei tremurau at\u00e2t de tare \u00eenc\u00e2t aproape i-ar fi sc\u0103pat dispozitivul din palmele transpirate. Respira greu, ca dup\u0103 o curs\u0103 lung\u0103, de\u0219i nu se ridicase de ore \u00eentregi din fotoliul lui de piele.<\/p>\n\n\n\n<p><\/p>\n\n\n\n<p>Pe ecran rula o \u00eenregistrare neclar\u0103, dar suficient de limpede c\u00e2t s\u0103-i sf\u00e2\u0219ie orice iluzie. Adev\u0103rul fusese acolo tot timpul, la un pas de el, iar acum \u00eel privea direct. Vocea Carlei \u2014 aceea pe care o considerase cald\u0103, rafinat\u0103, lini\u0219titoare \u2014 suna str\u0103in\u0103, aspr\u0103, \u00eenc\u0103rcat\u0103 de o r\u0103utate pe care Diego nu \u0219i-o putuse imagina.<\/p>\n\n\n\n<p><\/p>\n\n\n\n<blockquote class=\"wp-block-quote\">\n<p>\u201eSper s\u0103 nu mai termine cu pl\u00e2nsul\u2026 Dac\u0103 tat\u0103l lor n-ar fi at\u00e2t de bogat, nici nu m-a\u0219 fi uitat la ei.\u201d<\/p>\n\n\n\n<p><\/p>\n<\/blockquote>\n\n\n\n<p>Diego sim\u021bi cum i se str\u00e2nge stomacul. Pentru o clip\u0103, camera p\u0103ru c\u0103 se \u00eenv\u00e2rte \u00eencet, iar g\u00e2ndurile i se lovir\u0103 unele de altele: cum ajunsese s\u0103 cread\u0103 c\u0103 femeia cu care urma s\u0103 se c\u0103s\u0103toreasc\u0103 era salvarea lui dup\u0103 v\u0103duvie? Cum \u00eei sc\u0103pase tonul, micile gesturi, iritarea pe care o punea mereu pe seama oboselii?<\/p>\n\n\n\n<p><\/p>\n\n\n\n<p>Genunchii i se \u00eenmuiar\u0103. Nu se a\u0219teptase ca o simpl\u0103 filmare ascuns\u0103 s\u0103-l loveasc\u0103 mai tare dec\u00e2t orice conversa\u021bie. Se pr\u0103bu\u0219i pe covor, cu un nod \u00een g\u00e2t, prins \u00eentre furie \u0219i vinov\u0103\u021bie \u2014 furie pentru ceea ce auzise \u0219i vinov\u0103\u021bie pentru c\u0103 nu v\u0103zuse mai devreme.<\/p>\n\n\n\n<p><\/p>\n\n\n\n<ul>\n<li>\u00cencrederea pe care o construise cu Carla se sp\u0103rgea \u00eentr-o singur\u0103 clip\u0103.<\/li>\n\n\n\n<li>Imaginea unei familii \u201evindecate\u201d dup\u0103 pierdere se transforma \u00eentr-o team\u0103 surd\u0103.<\/li>\n\n\n\n<li>\u00cen mintea lui ap\u0103rea aceea\u0219i \u00eentrebare: cine \u00eei proteja, de fapt, pe copii?<\/li>\n<\/ul>\n\n\n\n<p><\/p>\n\n\n\n<p>Cu doar dou\u0103 s\u0103pt\u0103m\u00e2ni \u00eenainte, casa fusese plin\u0103 de zgomot. Nu zgomotul acela vesel al jocurilor, ci o agita\u021bie continu\u0103, obositoare: pl\u00e2nsete \u00een toiul nop\u021bii, u\u0219i tr\u00e2ntite, pa\u0219i gr\u0103bi\u021bi pe coridor. Gemenii nu reu\u0219eau s\u0103 doarm\u0103, iar Diego se sim\u021bea neputincios, ca \u0219i cum orice solu\u021bie \u00eencercat\u0103 se risipea imediat.<\/p>\n\n\n\n<p><\/p>\n\n\n\n<p>Atunci ap\u0103ruse menajera \u2014 calm\u0103, discret\u0103, atent\u0103 la detalii. Nu f\u0103cea promisiuni mari \u0219i nu se l\u0103uda. Pur \u0219i simplu observa. \u00cei vedea pe copii, ritmul casei, starea lui Diego. \u0218i, spre deosebire de ceilal\u021bi, nu cerea s\u0103 fie crezut\u0103 pe cuv\u00e2nt; prefera s\u0103 adune fapte.<\/p>\n\n\n\n<p><\/p>\n\n\n\n<p>\u00cen t\u0103cere, ea a schimbat totul: a pus ordine \u00een program, a f\u0103cut ca atmosfera s\u0103 fie mai bl\u00e2nd\u0103, iar serile s\u0103 nu mai par\u0103 o lupt\u0103. \u00cens\u0103 cea mai mare schimbare n-a fost \u00een lini\u0219te, ci \u00een claritate. Pentru c\u0103, atunci c\u00e2nd ceva nu se leag\u0103, uneori un adult responsabil trebuie s\u0103 priveasc\u0103 mai atent \u0219i s\u0103 ridice un semn de \u00eentrebare.<\/p>\n\n\n\n<p><\/p>\n\n\n\n<blockquote class=\"wp-block-quote\">\n<p>Uneori nu ai nevoie de o explica\u021bie frumoas\u0103, ci de adev\u0103rul spus simplu, \u00eenainte ca r\u0103ul s\u0103 prind\u0103 r\u0103d\u0103cini.<\/p>\n\n\n\n<p><\/p>\n<\/blockquote>\n\n\n\n<p>\u00cen acea zi, Diego \u00een\u021belese c\u0103 nu era vorba doar despre oboseala unor copii mici. Era vorba despre siguran\u021b\u0103, despre grij\u0103 autentic\u0103 \u0219i despre cine merit\u0103 s\u0103 r\u0103m\u00e2n\u0103 \u00een casa lor. Oric\u00e2t de dureros era, \u00eenregistrarea \u00eel obliga s\u0103 ia decizii pe care le am\u00e2nase prea mult.<\/p>\n\n\n\n<p><\/p>\n\n\n\n<p>Concluzie: C\u00e2nd o familie trece prin pierdere, vulnerabilitatea poate face loc oamenilor nepotrivi\u021bi. Dar uneori, un gest mic \u2014 o observa\u021bie, o m\u0103sur\u0103 de protec\u021bie, o dovad\u0103 \u2014 poate schimba direc\u021bia unei vie\u021bi. Pentru Diego, adev\u0103rul a venit greu, \u00eens\u0103 i-a oferit \u0219i \u0219ansa de a repara, de a alege mai bine \u0219i de a pune, \u00een sf\u00e2r\u0219it, copiii pe primul loc.<\/p>\n\n\n\n<p>Aceast\u0103 lucrare este inspirat\u0103 din evenimente \u0219i persoane reale, \u00eens\u0103 a fost fic\u021bionalizat\u0103 \u00een scopuri creative. Numele, personajele \u0219i detaliile au fost schimbate pentru a proteja intimitatea \u0219i pentru a \u00eembun\u0103t\u0103\u021bi nara\u021biunea. Orice asem\u0103nare cu persoane reale, \u00een via\u021b\u0103 sau decedate, sau cu evenimente reale este pur \u00eent\u00e2mpl\u0103toare \u0219i nu este inten\u021bionat\u0103 de c\u0103tre autor.<\/p>\n\n\n\n<p>Autorul \u0219i editorul nu \u00ee\u0219i asum\u0103 responsabilitatea pentru exactitatea evenimentelor sau pentru modul \u00een care sunt portretizate personajele \u0219i nu sunt r\u0103spunz\u0103tori pentru eventuale interpret\u0103ri gre\u0219ite. Aceast\u0103 poveste este oferit\u0103 \u201eca atare\u201d, iar orice opinii exprimate apar\u021bin personajelor \u0219i nu reflect\u0103 punctele de vedere ale autorului sau ale editorului.<\/p>\n\n\n\n<p><\/p>\n","protected":false},"excerpt":{"rendered":"<p>Diego st\u0103tea \u00eencremenit, cu privirea lipit\u0103 de tablet\u0103. Ochii \u00eei r\u0103m\u0103seser\u0103 larg deschi\u0219i, iar degetele \u00eei tremurau at\u00e2t de tare \u00eenc\u00e2t aproape i-ar fi sc\u0103pat<\/p>\n","protected":false},"author":1,"featured_media":45981,"comment_status":"closed","ping_status":"closed","sticky":false,"template":"","format":"standard","meta":[],"categories":[1],"tags":[],"_links":{"self":[{"href":"https:\/\/calatorinromania.com\/index.php?rest_route=\/wp\/v2\/posts\/46529"}],"collection":[{"href":"https:\/\/calatorinromania.com\/index.php?rest_route=\/wp\/v2\/posts"}],"about":[{"href":"https:\/\/calatorinromania.com\/index.php?rest_route=\/wp\/v2\/types\/post"}],"author":[{"embeddable":true,"href":"https:\/\/calatorinromania.com\/index.php?rest_route=\/wp\/v2\/users\/1"}],"replies":[{"embeddable":true,"href":"https:\/\/calatorinromania.com\/index.php?rest_route=%2Fwp%2Fv2%2Fcomments&post=46529"}],"version-history":[{"count":1,"href":"https:\/\/calatorinromania.com\/index.php?rest_route=\/wp\/v2\/posts\/46529\/revisions"}],"predecessor-version":[{"id":46530,"href":"https:\/\/calatorinromania.com\/index.php?rest_route=\/wp\/v2\/posts\/46529\/revisions\/46530"}],"wp:featuredmedia":[{"embeddable":true,"href":"https:\/\/calatorinromania.com\/index.php?rest_route=\/wp\/v2\/media\/45981"}],"wp:attachment":[{"href":"https:\/\/calatorinromania.com\/index.php?rest_route=%2Fwp%2Fv2%2Fmedia&parent=46529"}],"wp:term":[{"taxonomy":"category","embeddable":true,"href":"https:\/\/calatorinromania.com\/index.php?rest_route=%2Fwp%2Fv2%2Fcategories&post=46529"},{"taxonomy":"post_tag","embeddable":true,"href":"https:\/\/calatorinromania.com\/index.php?rest_route=%2Fwp%2Fv2%2Ftags&post=46529"}],"curies":[{"name":"wp","href":"https:\/\/api.w.org\/{rel}","templated":true}]}}