{"id":46513,"date":"2026-03-09T07:27:56","date_gmt":"2026-03-09T07:27:56","guid":{"rendered":"https:\/\/calatorinromania.com\/?p=46513"},"modified":"2026-03-09T07:27:56","modified_gmt":"2026-03-09T07:27:56","slug":"ea-credea-ca-inelul-ei-este-unic","status":"publish","type":"post","link":"https:\/\/calatorinromania.com\/?p=46513","title":{"rendered":"EA CREDEA C\u0102 INELUL EI ESTE UNIC"},"content":{"rendered":"\n<p>Elena sim\u021bea cum i se usuc\u0103 g\u00e2tul.<\/p>\n\n\n\n<p><\/p>\n\n\n\n<p>\u2014 Cum o cheam\u0103 pe mama ta? a repetat ea, de data aceasta mai \u00eencet.<\/p>\n\n\n\n<p><\/p>\n\n\n\n<p>Feti\u021ba a str\u00e2ns buchetul de trandafiri la piept.<\/p>\n\n\n\n<p><\/p>\n\n\n\n<p>\u2014 Maria.<\/p>\n\n\n\n<p><\/p>\n\n\n\n<p>Un nume simplu.<\/p>\n\n\n\n<p><\/p>\n\n\n\n<p>Dar pentru Elena a fost ca un fulger.<\/p>\n\n\n\n<p><\/p>\n\n\n\n<p>Maria fusese numele femeii care lucrase ani de zile ca bon\u0103 pentru fiica ei.<\/p>\n\n\n\n<p><\/p>\n\n\n\n<p>Femeia care disp\u0103ruse exact \u00een aceea\u0219i zi \u00een care disp\u0103ruse \u0219i copilul.<\/p>\n\n\n\n<p>Elena s-a ridicat \u00eencet de la mas\u0103.<\/p>\n\n\n\n<p>\u2014 Unde este mama ta acum?<\/p>\n\n\n\n<p>Feti\u021ba a ar\u0103tat cu degetul spre o str\u0103du\u021b\u0103 \u00eengust\u0103.<\/p>\n\n\n\n<p>\u2014 \u00centr-o camer\u0103 mic\u0103\u2026 acolo.<\/p>\n\n\n\n<p>Elena nici nu \u0219i-a mai terminat masa.<\/p>\n\n\n\n<p>\u2014 Haide, i-a spus ea bl\u00e2nd.<\/p>\n\n\n\n<p>\u0218oferul ei, domnul Petre, a privit-o surprins.<\/p>\n\n\n\n<p>Dar nu a spus nimic.<\/p>\n\n\n\n<p>Au mers c\u00e2teva minute pe jos. Str\u0103zile elegante s-au transformat treptat \u00een alei mai \u00eenguste \u0219i mai s\u0103race.<\/p>\n\n\n\n<p>\u00cen cele din urm\u0103, feti\u021ba s-a oprit \u00een fa\u021ba unei case vechi.<\/p>\n\n\n\n<p>Tencuiala c\u0103zut\u0103.<\/p>\n\n\n\n<p>Ferestre mici.<\/p>\n\n\n\n<p>U\u0219a a sc\u00e2r\u021b\u00e2it c\u00e2nd au intrat.<\/p>\n\n\n\n<p>\u00cen camer\u0103 mirosea a medicamente \u0219i umezeal\u0103.<\/p>\n\n\n\n<p>Pe un pat vechi st\u0103tea o femeie slab\u0103, cu p\u0103rul grizonat.<\/p>\n\n\n\n<p>C\u00e2nd Elena a intrat, femeia a ridicat privirea.<\/p>\n\n\n\n<p>\u0218i a \u00eencremenit.<\/p>\n\n\n\n<p>\u2014 Doamn\u0103\u2026 Elena\u2026?<\/p>\n\n\n\n<p>Vocea i s-a fr\u00e2nt.<\/p>\n\n\n\n<p>\u2014 Maria\u2026 a spus Elena.<\/p>\n\n\n\n<p>Timp de c\u00e2teva secunde nu s-a auzit nimic.<\/p>\n\n\n\n<p>Doar respira\u021bia grea a femeii.<\/p>\n\n\n\n<p>\u2014 Unde este fiica mea? a \u00eentrebat Elena, direct.<\/p>\n\n\n\n<p>Maria a \u00eenceput s\u0103 pl\u00e2ng\u0103.<\/p>\n\n\n\n<p>\u2014 V\u0103 rog\u2026 ierta\u021bi-m\u0103\u2026<\/p>\n\n\n\n<p>Elena sim\u021bea cum inima \u00eei bate \u00een piept.<\/p>\n\n\n\n<p>\u2014 Unde este?!<\/p>\n\n\n\n<p>Maria a ar\u0103tat spre feti\u021b\u0103.<\/p>\n\n\n\n<p>\u2014 Acolo\u2026<\/p>\n\n\n\n<p>Elena a clipit.<\/p>\n\n\n\n<p>\u2014 Ce?<\/p>\n\n\n\n<p>Feti\u021ba se uita confuz\u0103 de la una la alta.<\/p>\n\n\n\n<p>\u2014 Eu?<\/p>\n\n\n\n<p>Maria a dat din cap.<\/p>\n\n\n\n<p>\u2014 \u00cen ziua atacului\u2026 ho\u021bii voiau bani. Ma\u0219ina a ie\u0219it de pe drum. Eu am reu\u0219it s\u0103 o scot pe micu\u021b\u0103 din ma\u0219in\u0103 \u00eenainte s\u0103 ajung\u0103 ei.<\/p>\n\n\n\n<p>Elena tremura.<\/p>\n\n\n\n<p>\u2014 Atunci de ce nu mi-ai adus-o \u00eenapoi?!<\/p>\n\n\n\n<p>Maria pl\u00e2ngea.<\/p>\n\n\n\n<p>\u2014 Pentru c\u0103\u2026 cineva i-a pl\u0103tit pe acei oameni.<\/p>\n\n\n\n<p>Elena a sim\u021bit c\u0103 lumea se pr\u0103bu\u0219e\u0219te.<\/p>\n\n\n\n<p>\u2014 Cine?<\/p>\n\n\n\n<p>Maria a \u0219optit un nume.<\/p>\n\n\n\n<p>Numele fostului so\u021b al Elenei.<\/p>\n\n\n\n<p>Omul care voia controlul asupra averii familiei.<\/p>\n\n\n\n<p>\u2014 Am fugit cu ea\u2026 a continuat Maria. Dac\u0103 o g\u0103seau\u2026 ar fi disp\u0103rut pentru totdeauna.<\/p>\n\n\n\n<p>Elena s-a uitat la feti\u021b\u0103.<\/p>\n\n\n\n<p>La ochii aceia.<\/p>\n\n\n\n<p>La chipul care sem\u0103na at\u00e2t de mult cu al ei c\u00e2nd era mic\u0103.<\/p>\n\n\n\n<p>Lacrimile au \u00eenceput s\u0103-i curg\u0103 pe obraji.<\/p>\n\n\n\n<p>\u2014 Cum te cheam\u0103? a \u00eentrebat ea.<\/p>\n\n\n\n<p>\u2014 Ana.<\/p>\n\n\n\n<p>Elena a c\u0103zut \u00een genunchi \u00een fa\u021ba ei.<\/p>\n\n\n\n<p>\u2014 Ana\u2026 eu sunt mama ta.<\/p>\n\n\n\n<p>Feti\u021ba a r\u0103mas nemi\u0219cat\u0103 c\u00e2teva secunde.<\/p>\n\n\n\n<p>\u2014 Mama\u2026?<\/p>\n\n\n\n<p>Maria pl\u00e2ngea \u00een t\u0103cere.<\/p>\n\n\n\n<p>\u2014 Am p\u0103strat inelul pereche\u2026 a spus ea. Ca dovad\u0103\u2026 dac\u0103 \u00eentr-o zi o ve\u021bi g\u0103si.<\/p>\n\n\n\n<p>Elena a scos inelul de pe deget.<\/p>\n\n\n\n<p>Maria a scos un altul identic de sub pern\u0103.<\/p>\n\n\n\n<p>Dou\u0103 trandafire din aur.<\/p>\n\n\n\n<p>Perechea.<\/p>\n\n\n\n<p>Dovada.<\/p>\n\n\n\n<p>Ana s-a uitat la ele\u2026 apoi la Elena.<\/p>\n\n\n\n<p>\u2014 Chiar e\u0219ti mama mea?<\/p>\n\n\n\n<p>Elena a luat-o \u00een bra\u021be.<\/p>\n\n\n\n<p>Str\u00e2ns.<\/p>\n\n\n\n<p>Ca \u0219i cum ar fi recuperat treisprezece ani \u00eentr-o singur\u0103 clip\u0103.<\/p>\n\n\n\n<p>\u2014 Da, iubita mea\u2026 da.<\/p>\n\n\n\n<p>Pentru prima dat\u0103 dup\u0103 treisprezece ani\u2026<\/p>\n\n\n\n<p>golul din lume se \u00eenchidea.<\/p>\n\n\n\n<p><em>Aceast\u0103 lucrare este inspirat\u0103 din evenimente \u0219i persoane reale, \u00eens\u0103 a fost fic\u021bionalizat\u0103 \u00een scopuri creative. Numele, personajele \u0219i detaliile au fost schimbate pentru a proteja intimitatea \u0219i pentru a \u00eembun\u0103t\u0103\u021bi nara\u021biunea. Orice asem\u0103nare cu persoane reale, \u00een via\u021b\u0103 sau decedate, sau cu evenimente reale este pur \u00eent\u00e2mpl\u0103toare \u0219i nu este inten\u021bionat\u0103 de c\u0103tre autor.<\/em><\/p>\n\n\n\n<p><em>Autorul \u0219i editorul nu \u00ee\u0219i asum\u0103 responsabilitatea pentru exactitatea evenimentelor sau pentru modul \u00een care sunt portretizate personajele \u0219i nu sunt r\u0103spunz\u0103tori pentru eventuale interpret\u0103ri gre\u0219ite. Aceast\u0103 poveste este oferit\u0103 \u201eca atare\u201d, iar orice opinii exprimate apar\u021bin personajelor \u0219i nu reflect\u0103 punctele de vedere ale autorului sau ale editorului.<\/em><\/p>\n","protected":false},"excerpt":{"rendered":"<p>Elena sim\u021bea cum i se usuc\u0103 g\u00e2tul. \u2014 Cum o cheam\u0103 pe mama ta? a repetat ea, de data aceasta mai \u00eencet. Feti\u021ba a str\u00e2ns<\/p>\n","protected":false},"author":1,"featured_media":45981,"comment_status":"closed","ping_status":"closed","sticky":false,"template":"","format":"standard","meta":[],"categories":[1],"tags":[],"_links":{"self":[{"href":"https:\/\/calatorinromania.com\/index.php?rest_route=\/wp\/v2\/posts\/46513"}],"collection":[{"href":"https:\/\/calatorinromania.com\/index.php?rest_route=\/wp\/v2\/posts"}],"about":[{"href":"https:\/\/calatorinromania.com\/index.php?rest_route=\/wp\/v2\/types\/post"}],"author":[{"embeddable":true,"href":"https:\/\/calatorinromania.com\/index.php?rest_route=\/wp\/v2\/users\/1"}],"replies":[{"embeddable":true,"href":"https:\/\/calatorinromania.com\/index.php?rest_route=%2Fwp%2Fv2%2Fcomments&post=46513"}],"version-history":[{"count":1,"href":"https:\/\/calatorinromania.com\/index.php?rest_route=\/wp\/v2\/posts\/46513\/revisions"}],"predecessor-version":[{"id":46514,"href":"https:\/\/calatorinromania.com\/index.php?rest_route=\/wp\/v2\/posts\/46513\/revisions\/46514"}],"wp:featuredmedia":[{"embeddable":true,"href":"https:\/\/calatorinromania.com\/index.php?rest_route=\/wp\/v2\/media\/45981"}],"wp:attachment":[{"href":"https:\/\/calatorinromania.com\/index.php?rest_route=%2Fwp%2Fv2%2Fmedia&parent=46513"}],"wp:term":[{"taxonomy":"category","embeddable":true,"href":"https:\/\/calatorinromania.com\/index.php?rest_route=%2Fwp%2Fv2%2Fcategories&post=46513"},{"taxonomy":"post_tag","embeddable":true,"href":"https:\/\/calatorinromania.com\/index.php?rest_route=%2Fwp%2Fv2%2Ftags&post=46513"}],"curies":[{"name":"wp","href":"https:\/\/api.w.org\/{rel}","templated":true}]}}