{"id":46506,"date":"2026-03-08T06:54:09","date_gmt":"2026-03-08T06:54:09","guid":{"rendered":"https:\/\/calatorinromania.com\/?p=46506"},"modified":"2026-03-08T06:54:10","modified_gmt":"2026-03-08T06:54:10","slug":"sotul-meu-si-familia-lui-au-cerut-un-test-adn-pentru-fiul-nostru-2","status":"publish","type":"post","link":"https:\/\/calatorinromania.com\/?p=46506","title":{"rendered":"So\u021bul meu \u0219i familia lui au cerut un test ADN pentru fiul nostru"},"content":{"rendered":"\n<p>Camera s-a umplut de o lini\u0219te t\u0103ioas\u0103. To\u021bi ochii erau a\u021binti\u021bi asupra mea. Andrei \u00ee\u0219i fr\u0103m\u00e2nta degetele sub mas\u0103, iar Doina p\u0103rea sigur\u0103 c\u0103, \u00een c\u00e2teva secunde, \u00eemi va demonstra \u201eadev\u0103rata mea natur\u0103\u201d.<\/p>\n\n\n\n<p><\/p>\n\n\n\n<p>Am citit cu voce clar\u0103:<\/p>\n\n\n\n<p><\/p>\n\n\n\n<p>\u201eRezultatul testului ADN confirm\u0103 c\u0103 Andrei este tat\u0103l biologic al copilului.\u201d<\/p>\n\n\n\n<p><\/p>\n\n\n\n<p>Un murmur s-a st\u00e2rnit \u00een jurul mesei. Soacra mea a r\u0103mas nemi\u0219cat\u0103, z\u00e2mbetul i s-a \u0219ters \u00eencet de pe buze. M-am uitat direct \u00een ochii ei.<\/p>\n\n\n\n<p><\/p>\n\n\n\n<p>\u2014 Dar nu e totul, am continuat. Aici avem \u0219i rezultatul celui de-al doilea test.<\/p>\n\n\n\n<p><\/p>\n\n\n\n<p>Andrei s-a \u00eencordat. \u0218tia ce urmeaz\u0103. Doina a clipit de c\u00e2teva ori, p\u0103r\u00e2nd c\u0103 nu \u00een\u021belege.<\/p>\n\n\n\n<p><\/p>\n\n\n\n<p>\u201eRezultatul confirm\u0103 c\u0103 Andrei nu este fiul biologic al domnului Popescu.\u201d<\/p>\n\n\n\n<p><\/p>\n\n\n\n<p>Paharul din m\u00e2na ei a c\u0103zut \u0219i s-a spart pe podea. \u00cen camer\u0103 s-a auzit doar sunetul ascu\u021bit al cioburilor. Tat\u0103l lui Andrei a \u00eenlemnit, iar privirea lui s-a \u00eendreptat \u00eencet spre so\u021bia sa.<\/p>\n\n\n\n<p><\/p>\n\n\n\n<p>\u2014 Ce\u2026 ce prostii sunt astea? a reu\u0219it el s\u0103 spun\u0103, cu voce tremurat\u0103.<\/p>\n\n\n\n<p><\/p>\n\n\n\n<p>Doina a deschis gura, dar niciun cuv\u00e2nt nu a ie\u0219it. Fa\u021ba i s-a f\u0103cut alb\u0103 ca varul.<\/p>\n\n\n\n<p><\/p>\n\n\n\n<p>\u2014 Asta e realitatea, am spus eu lini\u0219tit. Eu mi-am \u021binut promisiunea: am f\u0103cut testul. \u0218i am descoperit adev\u0103rul pe care, probabil, dumneavoastr\u0103 \u00eel ascunde\u021bi de zeci de ani.<\/p>\n\n\n\n<p>Andrei a r\u0103mas f\u0103r\u0103 glas. A privit c\u00e2nd spre mine, c\u00e2nd spre tat\u0103l s\u0103u, apoi spre mama lui, care \u00eencepuse s\u0103 pl\u00e2ng\u0103 t\u0103cut.<\/p>\n\n\n\n<p>\u2014 Nu e ceea ce crezi\u2026 a \u00eencercat ea s\u0103 spun\u0103.<\/p>\n\n\n\n<p>Dar era prea t\u00e2rziu. Totul era spus.<\/p>\n\n\n\n<p>Tat\u0103l lui s-a ridicat de la mas\u0103, \u0219i-a luat haina \u0219i a ie\u0219it f\u0103r\u0103 un cuv\u00e2nt. U\u0219a s-a tr\u00e2ntit cu un zgomot sec. Doina s-a pr\u0103bu\u0219it pe scaun \u0219i \u0219i-a acoperit fa\u021ba cu m\u00e2inile.<\/p>\n\n\n\n<p>Andrei a r\u0103mas nemi\u0219cat, complet n\u0103ucit. Dup\u0103 c\u00e2teva secunde, m-a privit cu o triste\u021be ad\u00e2nc\u0103 \u00een ochi.<\/p>\n\n\n\n<p>\u2014 Ai \u0219tiut c\u0103 se va termina a\u0219a?<\/p>\n\n\n\n<p>\u2014 Nu, am r\u0103spuns. Dar am \u0219tiut c\u0103 dac\u0103 o minciun\u0103 exist\u0103, va ie\u0219i la suprafa\u021b\u0103 mai devreme sau mai t\u00e2rziu.<\/p>\n\n\n\n<p>L-am v\u0103zut cum inspir\u0103 ad\u00e2nc, \u00eencerc\u00e2nd s\u0103-\u0219i adune g\u00e2ndurile.<\/p>\n\n\n\n<p>\u2014 Atunci\u2026 toat\u0103 via\u021ba mea a fost o minciun\u0103?<\/p>\n\n\n\n<p>M-am apropiat \u0219i i-am luat m\u00e2na.<\/p>\n\n\n\n<p>\u2014 Nu. Via\u021ba ta e ceea ce faci cu ce afli. \u0218i acum \u0219tii cine e cu adev\u0103rat sincer l\u00e2ng\u0103 tine.<\/p>\n\n\n\n<p>Doina a \u00eencercat s\u0103 spun\u0103 ceva, dar vocea i-a tremurat:<\/p>\n\n\n\n<p>\u2014 Am f\u0103cut o gre\u0219eal\u0103\u2026 eram t\u00e2n\u0103r\u0103\u2026 speriat\u0103\u2026<\/p>\n\n\n\n<p>Dar Andrei s-a ridicat \u0219i a plecat din camer\u0103. N-am spus nimic. Nu mai era nevoie.<\/p>\n\n\n\n<p>\u00cen urm\u0103toarele luni, via\u021ba noastr\u0103 s-a schimbat complet. Andrei a ales s\u0103 rup\u0103 leg\u0103tura cu p\u0103rin\u021bii s\u0103i pentru o vreme. Era r\u0103nit, dar \u0219i eliberat. Pentru prima dat\u0103, \u00ee\u0219i tr\u0103ia via\u021ba f\u0103r\u0103 lan\u021burile a\u0219tept\u0103rilor lor.<\/p>\n\n\n\n<p>\u00centr-o sear\u0103, \u00een timp ce ne jucam cu fiul nostru pe covor, Andrei m-a privit \u0219i a spus:<\/p>\n\n\n\n<p>\u2014 Poate c\u0103 totul s-a destr\u0103mat, dar m\u0103car acum \u0219tiu cine sunt. \u0218i \u0219tiu c\u0103 tu n-ai min\u021bit niciodat\u0103.<\/p>\n\n\n\n<p>Am z\u00e2mbit.<\/p>\n\n\n\n<p>Uneori, adev\u0103rul doare mai tare dec\u00e2t o minciun\u0103. Dar el cur\u0103\u021b\u0103, arde ce e fals \u0219i las\u0103 loc pentru ceva mai puternic \u2014 \u00eencredere, libertate \u0219i o dragoste care nu mai are nevoie de dovezi.<\/p>\n\n\n\n<p>Iar \u00een ziua aceea, am \u00eenv\u0103\u021bat am\u00e2ndoi c\u0103 nu s\u00e2ngele face o familie. Ci adev\u0103rul.<\/p>\n\n\n\n<p><em>Aceast\u0103 lucrare este inspirat\u0103 din evenimente \u0219i persoane reale, \u00eens\u0103 a fost fic\u021bionalizat\u0103 \u00een scopuri creative. Numele, personajele \u0219i detaliile au fost schimbate pentru a proteja intimitatea \u0219i pentru a \u00eembun\u0103t\u0103\u021bi nara\u021biunea. Orice asem\u0103nare cu persoane reale, \u00een via\u021b\u0103 sau decedate, sau cu evenimente reale este pur \u00eent\u00e2mpl\u0103toare \u0219i nu este inten\u021bionat\u0103 de c\u0103tre autor.<\/em><\/p>\n\n\n\n<p><em>Autorul \u0219i editorul nu \u00ee\u0219i asum\u0103 responsabilitatea pentru exactitatea evenimentelor sau pentru modul \u00een care sunt portretizate personajele \u0219i nu sunt r\u0103spunz\u0103tori pentru eventuale interpret\u0103ri gre\u0219ite. Aceast\u0103 poveste este oferit\u0103 \u201eca atare\u201d, iar orice opinii exprimate apar\u021bin personajelor \u0219i nu reflect\u0103 punctele de vedere ale autorului sau ale editorului.<\/em><\/p>\n","protected":false},"excerpt":{"rendered":"<p>Camera s-a umplut de o lini\u0219te t\u0103ioas\u0103. To\u021bi ochii erau a\u021binti\u021bi asupra mea. Andrei \u00ee\u0219i fr\u0103m\u00e2nta degetele sub mas\u0103, iar Doina p\u0103rea sigur\u0103 c\u0103, \u00een<\/p>\n","protected":false},"author":1,"featured_media":45981,"comment_status":"closed","ping_status":"closed","sticky":false,"template":"","format":"standard","meta":[],"categories":[1],"tags":[],"_links":{"self":[{"href":"https:\/\/calatorinromania.com\/index.php?rest_route=\/wp\/v2\/posts\/46506"}],"collection":[{"href":"https:\/\/calatorinromania.com\/index.php?rest_route=\/wp\/v2\/posts"}],"about":[{"href":"https:\/\/calatorinromania.com\/index.php?rest_route=\/wp\/v2\/types\/post"}],"author":[{"embeddable":true,"href":"https:\/\/calatorinromania.com\/index.php?rest_route=\/wp\/v2\/users\/1"}],"replies":[{"embeddable":true,"href":"https:\/\/calatorinromania.com\/index.php?rest_route=%2Fwp%2Fv2%2Fcomments&post=46506"}],"version-history":[{"count":1,"href":"https:\/\/calatorinromania.com\/index.php?rest_route=\/wp\/v2\/posts\/46506\/revisions"}],"predecessor-version":[{"id":46507,"href":"https:\/\/calatorinromania.com\/index.php?rest_route=\/wp\/v2\/posts\/46506\/revisions\/46507"}],"wp:featuredmedia":[{"embeddable":true,"href":"https:\/\/calatorinromania.com\/index.php?rest_route=\/wp\/v2\/media\/45981"}],"wp:attachment":[{"href":"https:\/\/calatorinromania.com\/index.php?rest_route=%2Fwp%2Fv2%2Fmedia&parent=46506"}],"wp:term":[{"taxonomy":"category","embeddable":true,"href":"https:\/\/calatorinromania.com\/index.php?rest_route=%2Fwp%2Fv2%2Fcategories&post=46506"},{"taxonomy":"post_tag","embeddable":true,"href":"https:\/\/calatorinromania.com\/index.php?rest_route=%2Fwp%2Fv2%2Ftags&post=46506"}],"curies":[{"name":"wp","href":"https:\/\/api.w.org\/{rel}","templated":true}]}}