{"id":46500,"date":"2026-03-08T06:02:55","date_gmt":"2026-03-08T06:02:55","guid":{"rendered":"https:\/\/calatorinromania.com\/?p=46500"},"modified":"2026-03-08T06:02:56","modified_gmt":"2026-03-08T06:02:56","slug":"in-ziua-festivitatii-de-absolvire-o-fetita-s-a-apropiat-de-un-miliardar-si-l-a-intrebat","status":"publish","type":"post","link":"https:\/\/calatorinromania.com\/?p=46500","title":{"rendered":"\u201d\u00cen ziua festivit\u0103\u021bii de absolvire, o feti\u021b\u0103 s-a apropiat de un miliardar \u0219i l-a \u00eentrebat\u201d"},"content":{"rendered":"\n<p>\u201eDomnule\u2026 a\u021bi putea s\u0103 sta\u021bi l\u00e2ng\u0103 mine azi? Doar s\u0103 p\u0103re\u021bi c\u0103 sunte\u021bi tata.\u201d<\/p>\n\n\n\n<p><\/p>\n\n\n\n<p>Cuvintele au ie\u0219it \u00eencet, aproape \u0219optit. At\u00e2t de \u00eencet, \u00eenc\u00e2t Lili s-a temut c\u0103 nici nu le-a auzit.<\/p>\n\n\n\n<p><\/p>\n\n\n\n<p>Andrei s-a oprit. Pentru o clip\u0103, timpul parc\u0103 a stat \u00een loc. Ma\u0219inile treceau, p\u0103rin\u021bii intrau gr\u0103bi\u021bi pe poarta \u0219colii, iar v\u00e2ntul ridica praful de pe trotuar.<\/p>\n\n\n\n<p><\/p>\n\n\n\n<p>El s-a uitat la ea atent. La rochi\u021ba sp\u0103l\u0103cit\u0103. La pantofii u\u0219or toci\u021bi. La ochii aceia mari, care \u00eencercau s\u0103 par\u0103 curajo\u0219i.<\/p>\n\n\n\n<p><\/p>\n\n\n\n<p>\u201eUnde sunt p\u0103rin\u021bii t\u0103i?\u201d a \u00eentrebat el bl\u00e2nd.<\/p>\n\n\n\n<p><\/p>\n\n\n\n<p>Lili a \u00eenghi\u021bit \u00een sec.<\/p>\n\n\n\n<p><\/p>\n\n\n\n<p>\u201eNu am\u2026 Sunt la casa de copii.\u201d<\/p>\n\n\n\n<p><\/p>\n\n\n\n<p>N-a fost mil\u0103 \u00een privirea lui. A fost altceva. O durere veche, ad\u00e2nc\u0103.<\/p>\n\n\n\n<p><\/p>\n\n\n\n<p>Pentru c\u0103 nici Andrei nu crescuse cu tat\u0103. Fusese crescut de o mam\u0103 care muncea la dou\u0103 schimburi, care num\u0103ra fiecare leu \u00eenainte s\u0103 mearg\u0103 la pia\u021b\u0103. \u0218tia cum e s\u0103 te ui\u021bi \u00een sal\u0103 \u0219i s\u0103 nu vezi pe nimeni care s\u0103 te strige pe nume.<\/p>\n\n\n\n<p><\/p>\n\n\n\n<p>A \u00eenchis ochii o secund\u0103.<\/p>\n\n\n\n<p>Avea o \u0219edin\u021b\u0103 important\u0103 \u00een Bucure\u0219ti, un contract de milioane de lei pe mas\u0103. O sal\u0103 plin\u0103 de oameni care \u00eel a\u0219teptau.<\/p>\n\n\n\n<p>Dar \u00een fa\u021ba lui era un copil care a\u0219tepta ceva mai mare dec\u00e2t un contract. A z\u00e2mbit.<\/p>\n\n\n\n<p>\u201eSigur c\u0103 da. Azi sunt tat\u0103l t\u0103u.\u201d<\/p>\n\n\n\n<p>Ochii Lilei s-au umplut instant de lacrimi. Nu de triste\u021be. De u\u0219urare.<\/p>\n\n\n\n<p>Au intrat \u00eempreun\u0103 \u00een c\u0103minul cultural. Lumea s-a uitat curioas\u0103. Nimeni nu-l recuno\u0219tea exact, dar era clar c\u0103 nu era \u201ede pe aici\u201d.<\/p>\n\n\n\n<p>Andrei s-a a\u0219ezat \u00een primul r\u00e2nd.<\/p>\n\n\n\n<p>C\u00e2nd Lili a urcat pe scen\u0103, pa\u0219ii nu-i mai tremurau.<\/p>\n\n\n\n<p>\u0218i-a \u021binut diploma str\u00e2ns la piept.<br>Apoi a \u00eenceput discursul.<\/p>\n\n\n\n<p>La \u00eenceput, vocea i-a fost sub\u021bire. Dar c\u00e2nd l-a z\u0103rit pe Andrei z\u00e2mbind \u0219i aplaud\u00e2nd, ceva s-a schimbat.<\/p>\n\n\n\n<p>A prins curaj.<\/p>\n\n\n\n<p>A vorbit despre cum vrea s\u0103 devin\u0103 medic veterinar. Despre cum viseaz\u0103 la o cas\u0103 mic\u0103, cu o curte \u0219i un c\u00e2ine. Despre cum fiecare copil merit\u0103 pe cineva care s\u0103 spun\u0103 \u201eSunt m\u00e2ndru de tine.\u201d<\/p>\n\n\n\n<p>Sala a amu\u021bit. La final, aplauzele au fost mai puternice dec\u00e2t pentru oricine altcineva.<\/p>\n\n\n\n<p>Dup\u0103 ceremonie, copiii au alergat spre p\u0103rin\u021bi. Lili a r\u0103mas o clip\u0103 pe loc.<\/p>\n\n\n\n<p>Apoi s-a \u00eentors spre Andrei.<\/p>\n\n\n\n<p>El a deschis bra\u021bele.<\/p>\n\n\n\n<p>Iar ea a fugit.<\/p>\n\n\n\n<p>Nu era un gest de fa\u021bad\u0103. Nu era teatru. Era o \u00eembr\u0103\u021bi\u0219are adev\u0103rat\u0103, str\u00e2ns\u0103, ca \u0219i cum \u00eencerca s\u0103 \u021bin\u0103 momentul acela pe loc.<\/p>\n\n\n\n<p>Andrei a sim\u021bit cum i se str\u00e2nge inima.<\/p>\n\n\n\n<p>\u201eVrei s\u0103 mergem s\u0103 s\u0103rb\u0103torim?\u201d a \u00eentrebat el.<\/p>\n\n\n\n<p>Au mers la o cofet\u0103rie din centru. Lili \u0219i-a ales o pr\u0103jitur\u0103 cu ciocolat\u0103 \u0219i un suc. Se uita la el de parc\u0103 \u00eenc\u0103 nu-i venea s\u0103 cread\u0103.<\/p>\n\n\n\n<p>La plecare, \u00een fa\u021ba centrului de plasament, lini\u0219tea s-a a\u0219ternut din nou.<\/p>\n\n\n\n<p>Momentul se termina.<\/p>\n\n\n\n<p>\u201eMul\u021bumesc c\u0103 a\u021bi fost tata azi,\u201d a spus ea.<\/p>\n\n\n\n<p>Andrei a \u00eengenuncheat \u00een fa\u021ba ei.<\/p>\n\n\n\n<p>\u201eLili\u2026 ce-ai spune dac\u0103 n-a\u0219 fi tata doar pentru o zi?\u201d<\/p>\n\n\n\n<p>Ea n-a \u00een\u021beles din prima.<\/p>\n\n\n\n<p>\u201eAdic\u0103?\u201d<\/p>\n\n\n\n<p>\u201eAdic\u0103\u2026 dac\u0103 ai fi de acord, a\u0219 vrea s\u0103 \u00eencepem demersurile s\u0103 te iau acas\u0103. Nu din mil\u0103. Ci pentru c\u0103 simt c\u0103 a\u0219a trebuie.\u201d<\/p>\n\n\n\n<p>Lumea ei s-a oprit din nou.<\/p>\n\n\n\n<p>Dar de data asta, nu de team\u0103. Ci de speran\u021b\u0103.<\/p>\n\n\n\n<p>Au urmat luni de acte, verific\u0103ri, drumuri, emo\u021bii. Nu a fost simplu. Dar Andrei nu s-a retras.<\/p>\n\n\n\n<p>\u00cen ziua \u00een care Lili a intrat pentru prima dat\u0103 \u00een noua ei camer\u0103 \u2014 cu pere\u021bi colora\u021bi \u0219i o bibliotec\u0103 plin\u0103 \u2014 a pus diploma pe birou.<\/p>\n\n\n\n<p>\u201eVezi?\u201d a spus ea. \u201e\u021ai-am zis c\u0103 o s\u0103 fie o zi important\u0103.\u201d<\/p>\n\n\n\n<p>Andrei a r\u00e2s. Nu pentru c\u0103 era miliardar. Nu pentru c\u0103 avea cl\u0103diri cu numele lui.<\/p>\n\n\n\n<p>Ci pentru c\u0103, \u00een sf\u00e2r\u0219it, era strigat \u201eTata\u201d. Iar asta valora mai mult dec\u00e2t to\u021bi banii din lume.<\/p>\n\n\n\n<p><em>Aceast\u0103 lucrare este inspirat\u0103 din evenimente \u0219i persoane reale, \u00eens\u0103 a fost fic\u021bionalizat\u0103 \u00een scopuri creative. Numele, personajele \u0219i detaliile au fost schimbate pentru a proteja intimitatea \u0219i pentru a \u00eembun\u0103t\u0103\u021bi nara\u021biunea. Orice asem\u0103nare cu persoane reale, \u00een via\u021b\u0103 sau decedate, sau cu evenimente reale este pur \u00eent\u00e2mpl\u0103toare \u0219i nu este inten\u021bionat\u0103 de c\u0103tre autor.<\/em><\/p>\n\n\n\n<p><em>Autorul \u0219i editorul nu \u00ee\u0219i asum\u0103 responsabilitatea pentru exactitatea evenimentelor sau pentru modul \u00een care sunt portretizate personajele \u0219i nu sunt r\u0103spunz\u0103tori pentru eventuale interpret\u0103ri gre\u0219ite. Aceast\u0103 poveste este oferit\u0103 \u201eca atare\u201d, iar orice opinii exprimate apar\u021bin personajelor \u0219i nu reflect\u0103 punctele de vedere ale autorului sau ale editorului.<\/em><\/p>\n","protected":false},"excerpt":{"rendered":"<p>\u201eDomnule\u2026 a\u021bi putea s\u0103 sta\u021bi l\u00e2ng\u0103 mine azi? Doar s\u0103 p\u0103re\u021bi c\u0103 sunte\u021bi tata.\u201d Cuvintele au ie\u0219it \u00eencet, aproape \u0219optit. At\u00e2t de \u00eencet, \u00eenc\u00e2t Lili<\/p>\n","protected":false},"author":1,"featured_media":45981,"comment_status":"closed","ping_status":"closed","sticky":false,"template":"","format":"standard","meta":[],"categories":[1],"tags":[],"_links":{"self":[{"href":"https:\/\/calatorinromania.com\/index.php?rest_route=\/wp\/v2\/posts\/46500"}],"collection":[{"href":"https:\/\/calatorinromania.com\/index.php?rest_route=\/wp\/v2\/posts"}],"about":[{"href":"https:\/\/calatorinromania.com\/index.php?rest_route=\/wp\/v2\/types\/post"}],"author":[{"embeddable":true,"href":"https:\/\/calatorinromania.com\/index.php?rest_route=\/wp\/v2\/users\/1"}],"replies":[{"embeddable":true,"href":"https:\/\/calatorinromania.com\/index.php?rest_route=%2Fwp%2Fv2%2Fcomments&post=46500"}],"version-history":[{"count":1,"href":"https:\/\/calatorinromania.com\/index.php?rest_route=\/wp\/v2\/posts\/46500\/revisions"}],"predecessor-version":[{"id":46501,"href":"https:\/\/calatorinromania.com\/index.php?rest_route=\/wp\/v2\/posts\/46500\/revisions\/46501"}],"wp:featuredmedia":[{"embeddable":true,"href":"https:\/\/calatorinromania.com\/index.php?rest_route=\/wp\/v2\/media\/45981"}],"wp:attachment":[{"href":"https:\/\/calatorinromania.com\/index.php?rest_route=%2Fwp%2Fv2%2Fmedia&parent=46500"}],"wp:term":[{"taxonomy":"category","embeddable":true,"href":"https:\/\/calatorinromania.com\/index.php?rest_route=%2Fwp%2Fv2%2Fcategories&post=46500"},{"taxonomy":"post_tag","embeddable":true,"href":"https:\/\/calatorinromania.com\/index.php?rest_route=%2Fwp%2Fv2%2Ftags&post=46500"}],"curies":[{"name":"wp","href":"https:\/\/api.w.org\/{rel}","templated":true}]}}