{"id":46494,"date":"2026-03-08T05:56:42","date_gmt":"2026-03-08T05:56:42","guid":{"rendered":"https:\/\/calatorinromania.com\/?p=46494"},"modified":"2026-03-08T05:56:42","modified_gmt":"2026-03-08T05:56:42","slug":"vaduvul-bogat-a-urmarit-o-toata-ziua-pe-angajata-insarcinata-si-a-descoperit-un-secret-care-l-a-facut-sa-planga","status":"publish","type":"post","link":"https:\/\/calatorinromania.com\/?p=46494","title":{"rendered":"\u201dV\u0103duvul bogat a urm\u0103rit-o toat\u0103 ziua pe angajata \u00eens\u0103rcinat\u0103 \u0219i a descoperit un secret care l-a f\u0103cut s\u0103 pl\u00e2ng\u0103\u201d"},"content":{"rendered":"\n<p><\/p>\n\n\n\n<p>Radu a l\u0103sat telefonul pe birou \u0219i \u0219i-a acoperit ochii cu palma. Nu era doar compasiune.\u00a0Era ceva mai ad\u00e2nc.<\/p>\n\n\n\n<p><\/p>\n\n\n\n<p>A doua zi diminea\u021b\u0103 n-a mai a\u0219teptat s-o vad\u0103 plec\u00e2nd. A urm\u0103rit-o de la distan\u021b\u0103, f\u0103r\u0103 s\u0103 fie observat. Ioana nu s-a dus spre sta\u021bia de autobuz, cum f\u0103cea de obicei.<\/p>\n\n\n\n<p><\/p>\n\n\n\n<p>A mers pe jos aproape dou\u0103zeci de minute, p\u00e2n\u0103 \u00eentr-un cartier vechi, cu blocuri scorojite \u0219i sc\u0103ri mirosind a var \u0219i umezeal\u0103. Radu a r\u0103mas \u00een ma\u0219in\u0103, privind.<\/p>\n\n\n\n<p><\/p>\n\n\n\n<p>Ioana a intrat \u00eentr-un bloc gri, cu interfonul stricat. Dup\u0103 c\u00e2teva minute, a ie\u0219it o femeie \u00een v\u00e2rst\u0103, sprijinindu-se \u00eentr-un cadru metalic.<\/p>\n\n\n\n<p><\/p>\n\n\n\n<p>Ioana a luat-o de bra\u021b cu grij\u0103.<\/p>\n\n\n\n<p><\/p>\n\n\n\n<p>Au mers \u00eencet, pas cu pas.<\/p>\n\n\n\n<p><\/p>\n\n\n\n<p>Radu a sim\u021bit cum i se str\u00e2nge inima.<\/p>\n\n\n\n<p><\/p>\n\n\n\n<p>A cobor\u00e2t din ma\u0219in\u0103 \u0219i s-a apropiat f\u0103r\u0103 s\u0103 fie v\u0103zut.<\/p>\n\n\n\n<p>A auzit vocea Ioanei.<\/p>\n\n\n\n<p>\u2014 Stai lini\u0219tit\u0103, mam\u0103, pl\u0103tesc eu curentul s\u0103pt\u0103m\u00e2na asta. Las\u0103 c\u0103 ne descurc\u0103m.<\/p>\n\n\n\n<p>Femeia b\u0103tr\u00e2n\u0103 a m\u00e2ng\u00e2iat-o pe obraz.<\/p>\n\n\n\n<p>\u2014 Fata mea\u2026 \u0219i cu copilul?<\/p>\n\n\n\n<p>Ioana a z\u00e2mbit for\u021bat.<\/p>\n\n\n\n<p>\u2014 \u00cel cresc eu. Cum m-ai crescut tu pe mine.<\/p>\n\n\n\n<p>Cuvintele au lovit mai tare dec\u00e2t orice.<\/p>\n\n\n\n<p>Radu a \u00een\u021beles.<\/p>\n\n\n\n<p>Nu pleca pentru distrac\u021bie.<\/p>\n\n\n\n<p>Nu ascundea o aventur\u0103.<\/p>\n\n\n\n<p>Muncea suplimentar. F\u0103cea cur\u0103\u021benie la dou\u0103 sc\u0103ri de bloc \u0219i \u00eengrijea b\u0103tr\u00e2ni, ca s\u0103 pl\u0103teasc\u0103 medicamentele mamei ei.<\/p>\n\n\n\n<p>\u0218i el o judecase.<\/p>\n\n\n\n<p>S-a \u00eentors la ma\u0219in\u0103 cu ochii \u00een lacrimi.<\/p>\n\n\n\n<p>\u00cen acea dup\u0103-amiaz\u0103, c\u00e2nd Ioana a venit la lucru, l-a g\u0103sit a\u0219tept\u00e2nd-o \u00een sufragerie.<\/p>\n\n\n\n<p>Pe mas\u0103 era un dosar.<\/p>\n\n\n\n<p>\u2014 A\u0219az\u0103-te, te rog, i-a spus calm.<\/p>\n\n\n\n<p>Ioana s-a a\u0219ezat, nelini\u0219tit\u0103.<\/p>\n\n\n\n<p>Radu a \u00eempins dosarul spre ea.<\/p>\n\n\n\n<p>\u2014 E un contract. \u00ce\u021bi m\u0103resc salariul. Oficial. \u0218i vom declara sarcina, ca s\u0103 beneficiezi de tot ce \u021bi se cuvine legal. Concediu maternal pl\u0103tit. Asigurare. Tot.<\/p>\n\n\n\n<p>Ioana \u00eel privea f\u0103r\u0103 s\u0103 respire.<\/p>\n\n\n\n<p>\u2014 \u00cen plus, am vorbit cu un medic bun. Te va consulta gratuit. \u0218i\u2026 a ezitat o clip\u0103\u2026 mama ta va avea parte de tratament la o clinic\u0103 mai bun\u0103.<\/p>\n\n\n\n<p>Ioana a izbucnit \u00een pl\u00e2ns.<\/p>\n\n\n\n<p>\u2014 De unde \u0219ti\u021bi\u2026?<\/p>\n\n\n\n<p>Radu a z\u00e2mbit trist.<\/p>\n\n\n\n<p>\u2014 Pentru c\u0103, uneori, \u00eenainte s\u0103 ajut\u0103m, trebuie s\u0103 \u00een\u021belegem.<\/p>\n\n\n\n<p>Lacrimile i-au curs \u0219i lui.<\/p>\n\n\n\n<p>Nu mai pl\u00e2nsese de la \u00eenmorm\u00e2ntarea Anei. Dar \u00een ziua aceea a pl\u00e2ns.<\/p>\n\n\n\n<p>Pentru Ioana. Pentru copilul care urma s\u0103 vin\u0103.<\/p>\n\n\n\n<p>Pentru \u0219ansa de a face ceva bun, \u00eentr-o lume \u00een care el pierduse deja at\u00e2t.<\/p>\n\n\n\n<p>Ioana s-a ridicat \u0219i, f\u0103r\u0103 s\u0103 mai \u021bin\u0103 cont de reguli sau distan\u021be, l-a \u00eembr\u0103\u021bi\u0219at.<\/p>\n\n\n\n<p>Nu era o \u00eembr\u0103\u021bi\u0219are romantic\u0103. Era una de recuno\u0219tin\u021b\u0103. De u\u0219urare.<\/p>\n\n\n\n<p>\u00cen casa aceea mare, unde lini\u0219tea devenise ap\u0103s\u0103toare dup\u0103 moartea Anei, s-a auzit pentru prima dat\u0103, dup\u0103 mult timp, ceva diferit.<\/p>\n\n\n\n<p>Speran\u021b\u0103. Iar Radu a \u00een\u021beles un lucru simplu \u0219i adev\u0103rat:<\/p>\n\n\n\n<p>Uneori, Dumnezeu nu \u00ee\u021bi aduce oameni \u00een via\u021b\u0103 ca s\u0103 \u00eei salvezi. Ci ca s\u0103 te salveze ei pe tine.<\/p>\n\n\n\n<p><em>Aceast\u0103 lucrare este inspirat\u0103 din evenimente \u0219i persoane reale, \u00eens\u0103 a fost fic\u021bionalizat\u0103 \u00een scopuri creative. Numele, personajele \u0219i detaliile au fost schimbate pentru a proteja intimitatea \u0219i pentru a \u00eembun\u0103t\u0103\u021bi nara\u021biunea. Orice asem\u0103nare cu persoane reale, \u00een via\u021b\u0103 sau decedate, sau cu evenimente reale este pur \u00eent\u00e2mpl\u0103toare \u0219i nu este inten\u021bionat\u0103 de c\u0103tre autor.<\/em><\/p>\n\n\n\n<p><em>Autorul \u0219i editorul nu \u00ee\u0219i asum\u0103 responsabilitatea pentru exactitatea evenimentelor sau pentru modul \u00een care sunt portretizate personajele \u0219i nu sunt r\u0103spunz\u0103tori pentru eventuale interpret\u0103ri gre\u0219ite. Aceast\u0103 poveste este oferit\u0103 \u201eca atare\u201d, iar orice opinii exprimate apar\u021bin personajelor \u0219i nu reflect\u0103 punctele de vedere ale autorului sau ale editorului.<\/em><\/p>\n\n\n\n<h1><\/h1>\n","protected":false},"excerpt":{"rendered":"<p>Radu a l\u0103sat telefonul pe birou \u0219i \u0219i-a acoperit ochii cu palma. Nu era doar compasiune.\u00a0Era ceva mai ad\u00e2nc. A doua zi diminea\u021b\u0103 n-a mai<\/p>\n","protected":false},"author":1,"featured_media":45981,"comment_status":"closed","ping_status":"closed","sticky":false,"template":"","format":"standard","meta":[],"categories":[1],"tags":[],"_links":{"self":[{"href":"https:\/\/calatorinromania.com\/index.php?rest_route=\/wp\/v2\/posts\/46494"}],"collection":[{"href":"https:\/\/calatorinromania.com\/index.php?rest_route=\/wp\/v2\/posts"}],"about":[{"href":"https:\/\/calatorinromania.com\/index.php?rest_route=\/wp\/v2\/types\/post"}],"author":[{"embeddable":true,"href":"https:\/\/calatorinromania.com\/index.php?rest_route=\/wp\/v2\/users\/1"}],"replies":[{"embeddable":true,"href":"https:\/\/calatorinromania.com\/index.php?rest_route=%2Fwp%2Fv2%2Fcomments&post=46494"}],"version-history":[{"count":1,"href":"https:\/\/calatorinromania.com\/index.php?rest_route=\/wp\/v2\/posts\/46494\/revisions"}],"predecessor-version":[{"id":46495,"href":"https:\/\/calatorinromania.com\/index.php?rest_route=\/wp\/v2\/posts\/46494\/revisions\/46495"}],"wp:featuredmedia":[{"embeddable":true,"href":"https:\/\/calatorinromania.com\/index.php?rest_route=\/wp\/v2\/media\/45981"}],"wp:attachment":[{"href":"https:\/\/calatorinromania.com\/index.php?rest_route=%2Fwp%2Fv2%2Fmedia&parent=46494"}],"wp:term":[{"taxonomy":"category","embeddable":true,"href":"https:\/\/calatorinromania.com\/index.php?rest_route=%2Fwp%2Fv2%2Fcategories&post=46494"},{"taxonomy":"post_tag","embeddable":true,"href":"https:\/\/calatorinromania.com\/index.php?rest_route=%2Fwp%2Fv2%2Ftags&post=46494"}],"curies":[{"name":"wp","href":"https:\/\/api.w.org\/{rel}","templated":true}]}}