{"id":46482,"date":"2026-03-07T06:32:45","date_gmt":"2026-03-07T06:32:45","guid":{"rendered":"https:\/\/calatorinromania.com\/?p=46482"},"modified":"2026-03-07T06:32:45","modified_gmt":"2026-03-07T06:32:45","slug":"l-au-declarat-mort-si-i-au-impartit-averea","status":"publish","type":"post","link":"https:\/\/calatorinromania.com\/?p=46482","title":{"rendered":"L-au declarat mort \u0219i i-au \u00eemp\u0103r\u021bit averea"},"content":{"rendered":"\n<p>Diminea\u021ba a venit rece \u0219i lini\u0219tit\u0103.<\/p>\n\n\n\n<p><\/p>\n\n\n\n<p>Ion \u2014 sau mai bine zis Victor Dumitrescu \u2014 st\u0103tea pe treptele casei, privind c\u00e2mpul ud de ploaie. Coco\u0219ii c\u00e2ntau prin cur\u021bi, iar cea\u021ba se ridica \u00eencet peste dealuri.<\/p>\n\n\n\n<p><\/p>\n\n\n\n<p>\u00cen\u0103untru, Maria preg\u0103tea m\u0103m\u0103lig\u0103 pe sob\u0103.<\/p>\n\n\n\n<p><\/p>\n\n\n\n<p>Copiii r\u00e2deau.<\/p>\n\n\n\n<p><\/p>\n\n\n\n<p>Sunetele acelea simple \u00eei str\u00e2ngeau pieptul.<\/p>\n\n\n\n<p><\/p>\n\n\n\n<p>Victor \u00ee\u0219i freca fruntea. Fiecare amintire se \u00eentorcea tot mai clar. Cl\u0103diri de sticl\u0103 din Bucure\u0219ti. Ma\u0219ini de sute de mii de euro. Contracte de milioane. Oameni care z\u00e2mbeau fals.<\/p>\n\n\n\n<p><\/p>\n\n\n\n<p>\u0218i singur\u0103tate.<\/p>\n\n\n\n<p><\/p>\n\n\n\n<p>Mult\u0103 singur\u0103tate.<\/p>\n\n\n\n<p><\/p>\n\n\n\n<p>Privirea i-a c\u0103zut pe palmele lui.<\/p>\n\n\n\n<p><\/p>\n\n\n\n<p>Cr\u0103pate.<\/p>\n\n\n\n<p><\/p>\n\n\n\n<p>Plin de b\u0103t\u0103turi.<\/p>\n\n\n\n<p><\/p>\n\n\n\n<p>Pentru prima dat\u0103 \u00een via\u021b\u0103, munca lui l\u0103sase urme adev\u0103rate.<\/p>\n\n\n\n<p><\/p>\n\n\n\n<p>U\u0219a s-a deschis.<\/p>\n\n\n\n<p><\/p>\n\n\n\n<p>Maria a ie\u0219it cu dou\u0103 c\u0103ni de ceai.<\/p>\n\n\n\n<p><\/p>\n\n\n\n<p>\u2014 N-ai dormit, a spus ea \u00eencet.<\/p>\n\n\n\n<p><\/p>\n\n\n\n<p>Victor a ridicat privirea spre ea.<\/p>\n\n\n\n<p><\/p>\n\n\n\n<p>Pentru o clip\u0103 s-a g\u00e2ndit s\u0103 mint\u0103.<\/p>\n\n\n\n<p><\/p>\n\n\n\n<p>Dar n-a putut.<\/p>\n\n\n\n<p>\u2014 Mi-am amintit totul.<\/p>\n\n\n\n<p>Maria a r\u0103mas nemi\u0219cat\u0103.<\/p>\n\n\n\n<p>\u2014 Cum te cheam\u0103 cu adev\u0103rat?<\/p>\n\n\n\n<p>\u2014 Victor Dumitrescu.<\/p>\n\n\n\n<p>Cana i-a tremurat u\u0219or \u00een m\u00e2n\u0103.<\/p>\n\n\n\n<p>Numele era cunoscut chiar \u0219i \u00een satele uitate de lume.<\/p>\n\n\n\n<p>\u2014 Milionarul\u2026 a \u0219optit ea.<\/p>\n\n\n\n<p>Victor a dat din cap.<\/p>\n\n\n\n<p>A urmat o t\u0103cere lung\u0103.<\/p>\n\n\n\n<p>V\u00e2ntul b\u0103tea prin frunzele ude.<\/p>\n\n\n\n<p>\u2014 Deci pleci\u2026 a spus Maria \u00een cele din urm\u0103.<\/p>\n\n\n\n<p>Victor s-a uitat spre cas\u0103.<\/p>\n\n\n\n<p>Andrei \u0219i Ilinca desenau pe o foaie, cert\u00e2ndu-se pe un creion.<\/p>\n\n\n\n<p>Inima i s-a str\u00e2ns.<\/p>\n\n\n\n<p>\u2014 Nu \u0219tiu.<\/p>\n\n\n\n<p>Maria a oftat.<\/p>\n\n\n\n<p>\u2014 Oamenii ca tine nu r\u0103m\u00e2n \u00een locuri ca astea.<\/p>\n\n\n\n<p>Victor a z\u00e2mbit amar.<\/p>\n\n\n\n<p>\u2014 Oamenii ca mine nici nu \u0219tiu cum e s\u0103 tr\u0103iasc\u0103 aici.<\/p>\n\n\n\n<p>Dar lini\u0219tea lor nu a durat mult.<\/p>\n\n\n\n<p>Pe la pr\u00e2nz, lini\u0219tea satului a fost rupt\u0103 de zgomotul motoarelor.<\/p>\n\n\n\n<p>Dou\u0103 SUV-uri negre au intrat pe drumul de p\u0103m\u00e2nt.<\/p>\n\n\n\n<p>Praful s-a ridicat \u00een aer.<\/p>\n\n\n\n<p>Din ma\u0219ini au cobor\u00e2t trei b\u0103rba\u021bi \u00een costume.<\/p>\n\n\n\n<p>Victor i-a recunoscut imediat.<\/p>\n\n\n\n<p>Unul dintre ei era C\u0103t\u0103lin Mure\u0219an.<\/p>\n\n\n\n<p>Partenerul lui de afaceri.<\/p>\n\n\n\n<p>Omul care \u00eei fusese cel mai apropiat aliat.<\/p>\n\n\n\n<p>\u0218i cel care \u00eel tr\u0103dase.<\/p>\n\n\n\n<p>C\u0103t\u0103lin a z\u00e2mbit larg c\u00e2nd l-a v\u0103zut.<\/p>\n\n\n\n<p>\u2014 Victor\u2026 ce surpriz\u0103.<\/p>\n\n\n\n<p>Maria a f\u0103cut un pas \u00een fa\u021ba copiilor.<\/p>\n\n\n\n<p>\u2014 Ce vre\u021bi?<\/p>\n\n\n\n<p>B\u0103rbatul nici m\u0103car nu s-a uitat la ea.<\/p>\n\n\n\n<p>\u2014 Am venit s\u0103 termin\u0103m o treab\u0103 neterminat\u0103.<\/p>\n\n\n\n<p>Victor a sim\u021bit s\u00e2ngele clocotindu-i \u00een vene.<\/p>\n\n\n\n<p>\u2014 Tu ai \u00eempins ma\u0219ina de pe drum.<\/p>\n\n\n\n<p>C\u0103t\u0103lin a ridicat din umeri.<\/p>\n\n\n\n<p>\u2014 Afacerile sunt afaceri.<\/p>\n\n\n\n<p>Unul dintre oamenii lui a f\u0103cut un pas \u00eenainte.<\/p>\n\n\n\n<p>Dar Victor nu mai era omul de alt\u0103dat\u0103.<\/p>\n\n\n\n<p>Via\u021ba de aici \u00eel \u00eent\u0103rise.<\/p>\n\n\n\n<p>A apucat o lopat\u0103 sprijinit\u0103 de gard.<\/p>\n\n\n\n<p>\u2014 Pleca\u021bi.<\/p>\n\n\n\n<p>C\u0103t\u0103lin a r\u00e2s.<\/p>\n\n\n\n<p>\u2014 Crezi c\u0103 o lopat\u0103 o s\u0103 te salveze?<\/p>\n\n\n\n<p>Dar exact atunci s-a auzit un alt zgomot.<\/p>\n\n\n\n<p>Sirene.<\/p>\n\n\n\n<p>Ma\u0219ini de poli\u021bie.<\/p>\n\n\n\n<p>Drumul s-a umplut de girofaruri.<\/p>\n\n\n\n<p>C\u0103t\u0103lin a \u00eencremenit.<\/p>\n\n\n\n<p>Victor scosese telefonul cu c\u00e2teva minute mai devreme.<\/p>\n\n\n\n<p>Memoria \u00eei revenise, dar \u0219i instinctele.<\/p>\n\n\n\n<p>\u00cenainte s\u0103 vin\u0103 aici, apelase un vechi prieten din poli\u021bie.<\/p>\n\n\n\n<p>\u00cen c\u00e2teva clipe, b\u0103rba\u021bii au fost \u00eenc\u0103tu\u0219a\u021bi.<\/p>\n\n\n\n<p>C\u0103t\u0103lin a fost urcat \u00een ma\u0219in\u0103, url\u00e2nd de furie.<\/p>\n\n\n\n<p>Lini\u0219tea s-a a\u0219ternut din nou peste curte.<\/p>\n\n\n\n<p>Victor a r\u0103mas nemi\u0219cat.<\/p>\n\n\n\n<p>Maria s-a apropiat.<\/p>\n\n\n\n<p>\u2014 Acum chiar trebuie s\u0103 pleci\u2026<\/p>\n\n\n\n<p>Victor s-a uitat la c\u00e2mp.<\/p>\n\n\n\n<p>La cas\u0103.<\/p>\n\n\n\n<p>La copii.<\/p>\n\n\n\n<p>Apoi a scos un dosar din ma\u0219ina poli\u021biei.<\/p>\n\n\n\n<p>\u2014 Nu.<\/p>\n\n\n\n<p>Maria l-a privit nedumerit\u0103.<\/p>\n\n\n\n<p>\u2014 Cum adic\u0103?<\/p>\n\n\n\n<p>Victor a z\u00e2mbit pentru prima dat\u0103 cu adev\u0103rat.<\/p>\n\n\n\n<p>\u2014 Imperiul meu valoreaz\u0103 miliarde.<\/p>\n\n\n\n<p>Dar nu mi-a adus niciodat\u0103 ce am g\u0103sit aici.<\/p>\n\n\n\n<p>A \u00eentins dosarul.<\/p>\n\n\n\n<p>Maria l-a deschis.<\/p>\n\n\n\n<p>Acte.<\/p>\n\n\n\n<p>Titlul de proprietate.<\/p>\n\n\n\n<p>Terenuri.<\/p>\n\n\n\n<p>\u2014 Ce e asta?<\/p>\n\n\n\n<p>\u2014 Un nou \u00eenceput.<\/p>\n\n\n\n<p>Victor a privit spre cas\u0103.<\/p>\n\n\n\n<p>\u2014 Vom face o ferm\u0103 mare aici. Locuri de munc\u0103 pentru sat. \u0218coal\u0103 pentru copii.<\/p>\n\n\n\n<p>Andrei \u0219i Ilinca au alergat spre el.<\/p>\n\n\n\n<p>\u2014 R\u0103m\u00e2i? a \u00eentrebat Ilinca.<\/p>\n\n\n\n<p>Victor a \u00eengenuncheat.<\/p>\n\n\n\n<p>\u2014 Da.<\/p>\n\n\n\n<p>Pentru prima dat\u0103 \u00een via\u021ba lui, milionarul Victor Dumitrescu nu mai voia s\u0103 cucereasc\u0103 lumea.<\/p>\n\n\n\n<p>Voia doar s\u0103 o tr\u0103iasc\u0103.<\/p>\n\n\n\n<p><em>Aceast\u0103 lucrare este inspirat\u0103 din evenimente \u0219i persoane reale, \u00eens\u0103 a fost fic\u021bionalizat\u0103 \u00een scopuri creative. Numele, personajele \u0219i detaliile au fost schimbate pentru a proteja intimitatea \u0219i pentru a \u00eembun\u0103t\u0103\u021bi nara\u021biunea. Orice asem\u0103nare cu persoane reale, \u00een via\u021b\u0103 sau decedate, sau cu evenimente reale este pur \u00eent\u00e2mpl\u0103toare \u0219i nu este inten\u021bionat\u0103 de c\u0103tre autor.<\/em><\/p>\n\n\n\n<p><em>Autorul \u0219i editorul nu \u00ee\u0219i asum\u0103 responsabilitatea pentru exactitatea evenimentelor sau pentru modul \u00een care sunt portretizate personajele \u0219i nu sunt r\u0103spunz\u0103tori pentru eventuale interpret\u0103ri gre\u0219ite. Aceast\u0103 poveste este oferit\u0103 \u201eca atare\u201d, iar orice opinii exprimate apar\u021bin personajelor \u0219i nu reflect\u0103 punctele de vedere ale autorului sau ale editorului.<\/em><\/p>\n","protected":false},"excerpt":{"rendered":"<p>Diminea\u021ba a venit rece \u0219i lini\u0219tit\u0103. Ion \u2014 sau mai bine zis Victor Dumitrescu \u2014 st\u0103tea pe treptele casei, privind c\u00e2mpul ud de ploaie. Coco\u0219ii<\/p>\n","protected":false},"author":1,"featured_media":45981,"comment_status":"closed","ping_status":"closed","sticky":false,"template":"","format":"standard","meta":[],"categories":[1],"tags":[],"_links":{"self":[{"href":"https:\/\/calatorinromania.com\/index.php?rest_route=\/wp\/v2\/posts\/46482"}],"collection":[{"href":"https:\/\/calatorinromania.com\/index.php?rest_route=\/wp\/v2\/posts"}],"about":[{"href":"https:\/\/calatorinromania.com\/index.php?rest_route=\/wp\/v2\/types\/post"}],"author":[{"embeddable":true,"href":"https:\/\/calatorinromania.com\/index.php?rest_route=\/wp\/v2\/users\/1"}],"replies":[{"embeddable":true,"href":"https:\/\/calatorinromania.com\/index.php?rest_route=%2Fwp%2Fv2%2Fcomments&post=46482"}],"version-history":[{"count":1,"href":"https:\/\/calatorinromania.com\/index.php?rest_route=\/wp\/v2\/posts\/46482\/revisions"}],"predecessor-version":[{"id":46483,"href":"https:\/\/calatorinromania.com\/index.php?rest_route=\/wp\/v2\/posts\/46482\/revisions\/46483"}],"wp:featuredmedia":[{"embeddable":true,"href":"https:\/\/calatorinromania.com\/index.php?rest_route=\/wp\/v2\/media\/45981"}],"wp:attachment":[{"href":"https:\/\/calatorinromania.com\/index.php?rest_route=%2Fwp%2Fv2%2Fmedia&parent=46482"}],"wp:term":[{"taxonomy":"category","embeddable":true,"href":"https:\/\/calatorinromania.com\/index.php?rest_route=%2Fwp%2Fv2%2Fcategories&post=46482"},{"taxonomy":"post_tag","embeddable":true,"href":"https:\/\/calatorinromania.com\/index.php?rest_route=%2Fwp%2Fv2%2Ftags&post=46482"}],"curies":[{"name":"wp","href":"https:\/\/api.w.org\/{rel}","templated":true}]}}