{"id":46478,"date":"2026-03-07T06:09:07","date_gmt":"2026-03-07T06:09:07","guid":{"rendered":"https:\/\/calatorinromania.com\/?p=46478"},"modified":"2026-03-07T06:09:08","modified_gmt":"2026-03-07T06:09:08","slug":"mi-am-cusut-rochia-de-bal-din-camasile-tatalui-meu-in-onoarea-lui-colegii-au-ras-cand-am-intrat-in-sala-pana-cand-directorul-a-luat-microfonul-si-totul-s-a-schimbat","status":"publish","type":"post","link":"https:\/\/calatorinromania.com\/?p=46478","title":{"rendered":"<strong>Mi-am cusut rochia de bal din c\u0103m\u0103\u0219ile tat\u0103lui meu, \u00een onoarea lui. Colegii au r\u00e2s c\u00e2nd am intrat \u00een sal\u0103\u2026 p\u00e2n\u0103 c\u00e2nd directorul a luat microfonul \u0219i totul s-a schimbat.<\/strong>"},"content":{"rendered":"\n<p><strong>Mi-am cusut rochia de bal din c\u0103m\u0103\u0219ile tat\u0103lui meu, \u00een onoarea lui. Colegii au r\u00e2s c\u00e2nd am intrat \u00een sal\u0103\u2026 p\u00e2n\u0103 c\u00e2nd directorul a luat microfonul \u0219i totul s-a schimbat.<\/strong><\/p>\n\n\n\n<h3>Rochia din amintiri<\/h3>\n\n\n\n<p>Tat\u0103l meu a fost \u00eengrijitorul \u0219colii. Din cauza asta, colegii m\u0103 ironizau adesea.<\/p>\n\n\n\n<p>C\u00e2nd a murit, cu doar c\u00e2teva luni \u00eenainte de balul de absolvire, am vrut s\u0103-l simt aproape \u00eentr-un fel. A\u0219a c\u0103 mi-am cusut rochia <strong>din c\u0103m\u0103\u0219ile lui de lucru<\/strong>.<\/p>\n\n\n\n<p>C\u00e2nd am intrat \u00een sal\u0103, r\u00e2setele au \u00eenceput imediat.<\/p>\n\n\n\n<h3>Via\u021ba doar cu tata<\/h3>\n\n\n\n<p>Mama a murit c\u00e2nd m-a n\u0103scut. Am crescut doar cu tata, Johnny.<\/p>\n\n\n\n<p>El \u00eemi preg\u0103tea pache\u021belul pentru \u0219coal\u0103, f\u0103cea cl\u0103tite duminica \u0219i a \u00eenv\u0103\u021bat singur s\u0103-mi \u00eempleteasc\u0103 p\u0103rul, urm\u0103rind tutoriale pe YouTube.<\/p>\n\n\n\n<p>Pentru colegii mei \u00eens\u0103 era \u201eomul care spal\u0103 toaletele\u201d.<\/p>\n\n\n\n<p>Eu nu pl\u00e2ngeam niciodat\u0103 la \u0219coal\u0103. Lacrimile le p\u0103stram pentru acas\u0103.<\/p>\n\n\n\n<p>Tata \u0219tia mereu. \u00cemi punea farfuria pe mas\u0103 \u0219i spunea:<\/p>\n\n\n\n<p>\u2014 \u0218tii ce cred eu despre oamenii care se cred mari f\u0103c\u00e2ndu-i pe al\u021bii s\u0103 se simt\u0103 mici?<br>\u2014 Ce? \u00eentrebam eu.<br>\u2014 Nu mare lucru, draga mea\u2026 nu mare lucru.<\/p>\n\n\n\n<h3>Promisiunea<\/h3>\n\n\n\n<p>Anul trecut a fost diagnosticat cu cancer.<\/p>\n\n\n\n<p>A continuat s\u0103 munceasc\u0103 c\u00e2t a putut. Uneori \u00eel g\u0103seam sprijinit de dulapul cu unelte, obosit, dar c\u00e2nd m\u0103 vedea z\u00e2mbea \u0219i spunea:<\/p>\n\n\n\n<p>\u2014 Sunt bine.<\/p>\n\n\n\n<p>Nu era.<\/p>\n\n\n\n<p>Singurul lui vis era s\u0103 m\u0103 vad\u0103 la bal.<\/p>\n\n\n\n<p>\u2014 Vreau s\u0103 te v\u0103d g\u0103tit\u0103, ie\u0219ind pe u\u0219\u0103 ca o prin\u021bes\u0103, \u00eemi spunea.<\/p>\n\n\n\n<p>Din p\u0103cate, a murit cu c\u00e2teva luni \u00eenainte de acel moment.<\/p>\n\n\n\n<h3>Ideea rochiei<\/h3>\n\n\n\n<p>Dup\u0103 \u00eenmorm\u00e2ntare m-am mutat la m\u0103tu\u0219a mea, Hilda.<\/p>\n\n\n\n<p>C\u00e2nd toate fetele vorbeau despre rochii de designer, eu am deschis cutia cu lucrurile tat\u0103lui meu.<\/p>\n\n\n\n<p>\u00cen\u0103untru erau c\u0103m\u0103\u0219ile lui.<\/p>\n\n\n\n<p>Atunci mi-a venit ideea: <strong>dac\u0103 el nu putea veni la bal, aveam s\u0103-l port cu mine.<\/strong><\/p>\n\n\n\n<p>M\u0103tu\u0219a Hilda m-a ajutat s\u0103 cos.<\/p>\n\n\n\n<p>Fiecare bucat\u0103 de material avea o amintire:<\/p>\n\n\n\n<ul>\n<li><strong>C\u0103ma\u0219a albastr\u0103<\/strong> din prima mea zi de liceu.<\/li>\n\n\n\n<li><strong>Cea verde<\/strong>, purtat\u0103 c\u00e2nd m\u0103 \u00eenv\u0103\u021ba s\u0103 merg pe biciclet\u0103.<\/li>\n\n\n\n<li><strong>Cea gri<\/strong>, \u00een care m-a \u00eembr\u0103\u021bi\u0219at dup\u0103 cea mai grea zi a mea.<\/li>\n<\/ul>\n\n\n\n<p>Rochia nu ar\u0103ta ca una de designer, dar pentru mine era perfect\u0103.<\/p>\n\n\n\n<h3>Momentul balului<\/h3>\n\n\n\n<p>C\u00e2nd am intrat \u00een sal\u0103, r\u00e2setele au izbucnit.<\/p>\n\n\n\n<p>\u2014 Rochia aia e f\u0103cut\u0103 din c\u00e2rpe? a strigat o fat\u0103.<\/p>\n\n\n\n<p>Le-am spus adev\u0103rul: c\u0103 este f\u0103cut\u0103 din c\u0103m\u0103\u0219ile tat\u0103lui meu.<\/p>\n\n\n\n<p>Cineva a r\u0103spuns r\u00e2z\u00e2nd:<\/p>\n\n\n\n<p>\u2014 Nu ne pas\u0103 de pove\u0219tile tale triste.<\/p>\n\n\n\n<p>Atunci <strong>muzica s-a oprit<\/strong>.<\/p>\n\n\n\n<p>Directorul Bradley a luat microfonul \u0219i a spus:<\/p>\n\n\n\n<p>\u2014 Johnny a avut grij\u0103 de aceast\u0103 \u0219coal\u0103 timp de 11 ani. A reparat dulapuri, a cusut rucsacuri \u0219i a sp\u0103lat echipamente sportive pentru elevii care nu \u00ee\u0219i permiteau. F\u0103r\u0103 s\u0103 cear\u0103 nimic \u00een schimb.<\/p>\n\n\n\n<p>Sala a devenit complet t\u0103cut\u0103.<\/p>\n\n\n\n<p>\u2014 Rochia aceasta nu este f\u0103cut\u0103 din c\u00e2rpe. Este f\u0103cut\u0103 din hainele unui om care a avut grij\u0103 de voi to\u021bi.<\/p>\n\n\n\n<p>Directorul i-a rugat pe cei pe care Johnny i-a ajutat vreodat\u0103 s\u0103 se ridice.<\/p>\n\n\n\n<p>Mai \u00eent\u00e2i un profesor.<br>Apoi un elev din echipa de atletism.<br>Apoi \u00eenc\u0103 c\u00e2\u021biva.<\/p>\n\n\n\n<p>\u00cen c\u00e2teva minute, <strong>mai mult de jum\u0103tate din sal\u0103 era \u00een picioare<\/strong>.<\/p>\n\n\n\n<p>R\u00e2setele disp\u0103ruser\u0103.<\/p>\n\n\n\n<p>Au \u00eenceput <strong>aplauzele<\/strong>.<\/p>\n\n\n\n<p>Am luat microfonul \u0219i am spus doar at\u00e2t:<\/p>\n\n\n\n<p>\u2014 Sper c\u0103 te-am f\u0103cut m\u00e2ndru, tat\u0103.<\/p>\n\n\n\n<h3>Dup\u0103 bal<\/h3>\n\n\n\n<p>\u00cen aceea\u0219i sear\u0103 am mers la morm\u00e2ntul lui.<\/p>\n\n\n\n<p>Apusul colora cerul \u00een auriu.<\/p>\n\n\n\n<p>Am atins piatra funerar\u0103 \u0219i am \u0219optit:<\/p>\n\n\n\n<p>\u2014 Am reu\u0219it, tat\u0103. Ai fost cu mine \u00een seara asta.<\/p>\n\n\n\n<p>\u0218i pentru prima dat\u0103 de c\u00e2nd murise\u2026<br><strong>nu am mai sim\u021bit doar durere, ci \u0219i m\u00e2ndrie.<\/strong><\/p>\n","protected":false},"excerpt":{"rendered":"<p>Mi-am cusut rochia de bal din c\u0103m\u0103\u0219ile tat\u0103lui meu, \u00een onoarea lui. Colegii au r\u00e2s c\u00e2nd am intrat \u00een sal\u0103\u2026 p\u00e2n\u0103 c\u00e2nd directorul a luat<\/p>\n","protected":false},"author":1,"featured_media":45981,"comment_status":"closed","ping_status":"closed","sticky":false,"template":"","format":"standard","meta":[],"categories":[1],"tags":[],"_links":{"self":[{"href":"https:\/\/calatorinromania.com\/index.php?rest_route=\/wp\/v2\/posts\/46478"}],"collection":[{"href":"https:\/\/calatorinromania.com\/index.php?rest_route=\/wp\/v2\/posts"}],"about":[{"href":"https:\/\/calatorinromania.com\/index.php?rest_route=\/wp\/v2\/types\/post"}],"author":[{"embeddable":true,"href":"https:\/\/calatorinromania.com\/index.php?rest_route=\/wp\/v2\/users\/1"}],"replies":[{"embeddable":true,"href":"https:\/\/calatorinromania.com\/index.php?rest_route=%2Fwp%2Fv2%2Fcomments&post=46478"}],"version-history":[{"count":1,"href":"https:\/\/calatorinromania.com\/index.php?rest_route=\/wp\/v2\/posts\/46478\/revisions"}],"predecessor-version":[{"id":46479,"href":"https:\/\/calatorinromania.com\/index.php?rest_route=\/wp\/v2\/posts\/46478\/revisions\/46479"}],"wp:featuredmedia":[{"embeddable":true,"href":"https:\/\/calatorinromania.com\/index.php?rest_route=\/wp\/v2\/media\/45981"}],"wp:attachment":[{"href":"https:\/\/calatorinromania.com\/index.php?rest_route=%2Fwp%2Fv2%2Fmedia&parent=46478"}],"wp:term":[{"taxonomy":"category","embeddable":true,"href":"https:\/\/calatorinromania.com\/index.php?rest_route=%2Fwp%2Fv2%2Fcategories&post=46478"},{"taxonomy":"post_tag","embeddable":true,"href":"https:\/\/calatorinromania.com\/index.php?rest_route=%2Fwp%2Fv2%2Ftags&post=46478"}],"curies":[{"name":"wp","href":"https:\/\/api.w.org\/{rel}","templated":true}]}}