{"id":46474,"date":"2026-03-07T05:44:28","date_gmt":"2026-03-07T05:44:28","guid":{"rendered":"https:\/\/calatorinromania.com\/?p=46474"},"modified":"2026-03-07T05:44:29","modified_gmt":"2026-03-07T05:44:29","slug":"o-femeie-plina-de-fite-cu-caruciorul-burdusit-s-a-bagat-in-fata-scaunului-cu-rotile-al-mamei-mele-la-supermarket","status":"publish","type":"post","link":"https:\/\/calatorinromania.com\/?p=46474","title":{"rendered":"\u201dO femeie plin\u0103 de fi\u021be, cu c\u0103ruciorul burdu\u0219it, s-a b\u0103gat \u00een fa\u021ba scaunului cu rotile al mamei mele la supermarket\u201d"},"content":{"rendered":"\n<p>\u201eLa casa patru se afl\u0103 doamna Elena Ionescu \u0219i fiul ei, Andrei. \u00cen urm\u0103 cu trei ani, doamna Ionescu a fost lovit\u0103 pe trecerea de pietoni din fa\u021ba magazinului nostru.\u201d<\/p>\n\n\n\n<p><\/p>\n\n\n\n<p>\u00cen magazin s-a f\u0103cut lini\u0219te. P\u00e2n\u0103 \u0219i sunetul scanerelor p\u0103rea c\u0103 s-a oprit. Femeia cu fi\u021be a r\u0103mas nemi\u0219cat\u0103, cu m\u00e2na pe o sticl\u0103 de \u0219ampanie.<\/p>\n\n\n\n<p><\/p>\n\n\n\n<p>Vocea a continuat, calm\u0103, dar ferm\u0103.<\/p>\n\n\n\n<p><\/p>\n\n\n\n<p>\u201e\u0218oferul vinovat a fost condamnat. Dar pu\u021bini \u0219tiu c\u0103 familia Ionescu a refuzat desp\u0103gubiri suplimentare \u0219i a ales, \u00een schimb, s\u0103 doneze o parte din banii primi\u021bi pentru montarea rampelor de acces pentru persoanele cu dizabilit\u0103\u021bi \u00een cartier.\u201d<\/p>\n\n\n\n<p><\/p>\n\n\n\n<p>Un murmur a str\u0103b\u0103tut magazinul.<\/p>\n\n\n\n<p><\/p>\n\n\n\n<p>Mama mea a str\u00e2ns mai tare bra\u021bul scaunului. \u00cei sim\u021beam ru\u0219inea, de parc\u0103 i se p\u0103rea prea mult\u0103 aten\u021bie.<\/p>\n\n\n\n<p><\/p>\n\n\n\n<p>\u201e\u00cen seara aceasta,\u201d a continuat vocea, \u201emagazinul nostru \u00eempline\u0219te zece ani de la deschidere. Iar doamna Elena Ionescu a fost primul client care ne-a trecut pragul.\u201d<\/p>\n\n\n\n<p>Am clipit. Nu \u0219tiam asta.<\/p>\n\n\n\n<p>Din biroul din spate a ie\u0219it directorul magazinului, un b\u0103rbat solid, cu p\u0103rul c\u0103runt, \u00een costum simplu.<\/p>\n\n\n\n<p>S-a oprit l\u00e2ng\u0103 noi.<\/p>\n\n\n\n<p>\u201eDoamn\u0103 Elena,\u201d a spus, aplec\u00e2ndu-se u\u0219or. \u201ePentru bun\u0103tatea \u0219i demnitatea dumneavoastr\u0103, cump\u0103r\u0103turile din seara aceasta sunt din partea noastr\u0103.\u201d<\/p>\n\n\n\n<p>Mama a r\u0103mas f\u0103r\u0103 cuvinte.<\/p>\n\n\n\n<p>Femeia cu trenchul elegant a \u00eencercat s\u0103 spun\u0103 ceva.<\/p>\n\n\n\n<p>\u201eEu am un eveniment important\u2026\u201d<\/p>\n\n\n\n<p>Directorul s-a \u00eentors spre ea.<\/p>\n\n\n\n<p>\u201e\u0218i noi avem. Se nume\u0219te respect.\u201d<\/p>\n\n\n\n<p>C\u00e2teva persoane au \u00eenceput s\u0103 aplaude \u00eencet. Apoi tot mai mul\u021bi.<\/p>\n\n\n\n<p>Femeia \u0219i-a tras c\u0103ruciorul \u00eenapoi, dar ro\u021bile p\u0103reau grele acum. Tocurile nu mai sunau la fel de sigur pe gresie.<\/p>\n\n\n\n<p>Casieri\u021ba i-a spus calm:<\/p>\n\n\n\n<p>\u201eCoada \u00eencepe acolo \u00een spate, doamn\u0103.\u201d<\/p>\n\n\n\n<p>Obrajii i s-au \u00eenro\u0219it. Pentru prima dat\u0103, nu mai p\u0103rea sigur\u0103 pe ea.<\/p>\n\n\n\n<p>Mama m-a privit.<\/p>\n\n\n\n<p>Nu mai era ru\u0219ine \u00een ochii ei. Era altceva.<\/p>\n\n\n\n<p>Demnitate.<\/p>\n\n\n\n<p>Am pl\u0103tit \u2014 sau, mai bine spus, am primit bonul cu totalul zero lei \u2014 \u0219i am ie\u0219it \u00eencet, \u00een aplauzele discrete ale oamenilor.<\/p>\n\n\n\n<p>Afar\u0103, aerul rece de sear\u0103 ne-a lovit \u00een fa\u021b\u0103.<\/p>\n\n\n\n<p>\u201eAndrei,\u201d a spus mama, cu voce tremurat\u0103, \u201enu credeam c\u0103 mai pot ie\u0219i a\u0219a, printre oameni.\u201d<\/p>\n\n\n\n<p>M-am aplecat \u0219i am \u00eembr\u0103\u021bi\u0219at-o.<\/p>\n\n\n\n<p>\u201eNu tu \u00eencurci lumea, mam\u0103. Lumea trebuie doar s\u0103 \u00eenve\u021be s\u0103 fac\u0103 loc.\u201d<\/p>\n\n\n\n<p>Acas\u0103, am cur\u0103\u021bat merele \u00eempreun\u0103. Ea din scaun, eu la mas\u0103.<\/p>\n\n\n\n<p>A fr\u0103m\u00e2ntat aluatul cu mi\u0219c\u0103ri lente, dar sigure. Buc\u0103t\u0103ria mirosea a scor\u021bi\u0219oar\u0103 \u0219i copil\u0103rie.<\/p>\n\n\n\n<p>C\u00e2nd pl\u0103cinta a ie\u0219it din cuptor, aurie \u0219i rumen\u0103, mama a z\u00e2mbit cum nu o mai v\u0103zusem de ani de zile. Nu pentru c\u0103 cineva a pus la punct o femeie arogant\u0103.<\/p>\n\n\n\n<p>Ci pentru c\u0103, pentru prima dat\u0103 dup\u0103 accident, nu s-a mai sim\u021bit \u201e\u00een plus\u201d.<\/p>\n\n\n\n<p>S-a sim\u021bit v\u0103zut\u0103. Respectat\u0103. Acas\u0103.<\/p>\n\n\n\n<p><em>Aceast\u0103 lucrare este inspirat\u0103 din evenimente \u0219i persoane reale, \u00eens\u0103 a fost fic\u021bionalizat\u0103 \u00een scopuri creative. Numele, personajele \u0219i detaliile au fost schimbate pentru a proteja intimitatea \u0219i pentru a \u00eembun\u0103t\u0103\u021bi nara\u021biunea. Orice asem\u0103nare cu persoane reale, \u00een via\u021b\u0103 sau decedate, sau cu evenimente reale este pur \u00eent\u00e2mpl\u0103toare \u0219i nu este inten\u021bionat\u0103 de c\u0103tre autor.<\/em><\/p>\n\n\n\n<p><em>Autorul \u0219i editorul nu \u00ee\u0219i asum\u0103 responsabilitatea pentru exactitatea evenimentelor sau pentru modul \u00een care sunt portretizate personajele \u0219i nu sunt r\u0103spunz\u0103tori pentru eventuale interpret\u0103ri gre\u0219ite. Aceast\u0103 poveste este oferit\u0103 \u201eca atare\u201d, iar orice opinii exprimate apar\u021bin personajelor \u0219i nu reflect\u0103 punctele de vedere ale autorului sau ale editorului.<\/em><\/p>\n\n\n\n<h1><\/h1>\n","protected":false},"excerpt":{"rendered":"<p>\u201eLa casa patru se afl\u0103 doamna Elena Ionescu \u0219i fiul ei, Andrei. \u00cen urm\u0103 cu trei ani, doamna Ionescu a fost lovit\u0103 pe trecerea de<\/p>\n","protected":false},"author":1,"featured_media":45981,"comment_status":"closed","ping_status":"closed","sticky":false,"template":"","format":"standard","meta":[],"categories":[1],"tags":[],"_links":{"self":[{"href":"https:\/\/calatorinromania.com\/index.php?rest_route=\/wp\/v2\/posts\/46474"}],"collection":[{"href":"https:\/\/calatorinromania.com\/index.php?rest_route=\/wp\/v2\/posts"}],"about":[{"href":"https:\/\/calatorinromania.com\/index.php?rest_route=\/wp\/v2\/types\/post"}],"author":[{"embeddable":true,"href":"https:\/\/calatorinromania.com\/index.php?rest_route=\/wp\/v2\/users\/1"}],"replies":[{"embeddable":true,"href":"https:\/\/calatorinromania.com\/index.php?rest_route=%2Fwp%2Fv2%2Fcomments&post=46474"}],"version-history":[{"count":1,"href":"https:\/\/calatorinromania.com\/index.php?rest_route=\/wp\/v2\/posts\/46474\/revisions"}],"predecessor-version":[{"id":46475,"href":"https:\/\/calatorinromania.com\/index.php?rest_route=\/wp\/v2\/posts\/46474\/revisions\/46475"}],"wp:featuredmedia":[{"embeddable":true,"href":"https:\/\/calatorinromania.com\/index.php?rest_route=\/wp\/v2\/media\/45981"}],"wp:attachment":[{"href":"https:\/\/calatorinromania.com\/index.php?rest_route=%2Fwp%2Fv2%2Fmedia&parent=46474"}],"wp:term":[{"taxonomy":"category","embeddable":true,"href":"https:\/\/calatorinromania.com\/index.php?rest_route=%2Fwp%2Fv2%2Fcategories&post=46474"},{"taxonomy":"post_tag","embeddable":true,"href":"https:\/\/calatorinromania.com\/index.php?rest_route=%2Fwp%2Fv2%2Ftags&post=46474"}],"curies":[{"name":"wp","href":"https:\/\/api.w.org\/{rel}","templated":true}]}}