{"id":46470,"date":"2026-03-07T05:34:39","date_gmt":"2026-03-07T05:34:39","guid":{"rendered":"https:\/\/calatorinromania.com\/?p=46470"},"modified":"2026-03-07T05:34:40","modified_gmt":"2026-03-07T05:34:40","slug":"tamara-se-intorcea-de-la-serviciu-acasa","status":"publish","type":"post","link":"https:\/\/calatorinromania.com\/?p=46470","title":{"rendered":"\u201dTamara se \u00eentorcea de la serviciu acas\u0103\u201d"},"content":{"rendered":"\n<p>Ion s-a ridicat \u00een capul oaselor \u0219i a privit-o lung. Tamara avea ochii ro\u0219ii, dar \u00een ei nu mai era furie. Era altceva. O hot\u0103r\u00e2re pe care el nu o mai v\u0103zuse p\u00e2n\u0103 atunci.<\/p>\n\n\n\n<p><\/p>\n\n\n\n<p>\u2014 Tamara\u2026 dar dac\u0103 nu e al meu?<\/p>\n\n\n\n<p>\u2014 \u0218i dac\u0103 nu e? \u2014 i-a r\u0103spuns ea \u00eencet. \u2014 E un copil singur pe lume. Ce vin\u0103 are el?<\/p>\n\n\n\n<p><\/p>\n\n\n\n<p>Cuvintele au c\u0103zut greu \u00een lini\u0219tea dimine\u021bii.<\/p>\n\n\n\n<p>Ion a oftat. S-a ridicat \u0219i a mers la fereastr\u0103. Afar\u0103, cea\u021ba se l\u0103sa peste gr\u0103din\u0103. Coco\u0219ul vecinului c\u00e2nta a doua oar\u0103.<\/p>\n\n\n\n<p>\u2014 \u0218tii ce \u00eenseamn\u0103 asta? Drumuri, acte, bani\u2026 Poate ani de alerg\u0103tur\u0103.<\/p>\n\n\n\n<p>\u2014 Avem ce ne trebuie. Nu suntem boga\u021bi, dar nici muritori de foame. Avem casa asta, avem dou\u0103 m\u00e2ini de munc\u0103. \u0218i avem lini\u0219te. Ce ne mai lipse\u0219te?<\/p>\n\n\n\n<p>Ion n-a r\u0103spuns. \u00cei lipsea \u0219i lui ceva. De ani de zile.<\/p>\n\n\n\n<p>\u00cen sat, to\u021bi \u00eei \u00eentrebau: \u201eVoi c\u00e2nd face\u021bi un copil?\u201d La \u00eenceput z\u00e2mbeau. Apoi evitau subiectul. Apoi s-au obi\u0219nuit cu t\u0103cerea.<\/p>\n\n\n\n<p>\u00cen acea diminea\u021b\u0103, f\u0103r\u0103 s\u0103 mai spun\u0103 nimic, Ion s-a \u00eembr\u0103cat.<\/p>\n\n\n\n<p>\u2014 Unde mergi? a \u00eentrebat Tamara.<\/p>\n\n\n\n<p>\u2014 La prim\u0103rie. S\u0103 \u00eentreb ce trebuie f\u0103cut.<\/p>\n\n\n\n<p>Tamara a sim\u021bit cum i se taie picioarele. Nu se a\u0219tepta s\u0103 accepte a\u0219a repede.<\/p>\n\n\n\n<p>Drumul p\u00e2n\u0103 la Slobozia l-au f\u0103cut peste dou\u0103 zile, cu autobuzul. Au avut emo\u021bii tot drumul. Tamara \u021binea \u00een poal\u0103 o pung\u0103 cu haine noi pentru copil \u0219i o ma\u0219inu\u021b\u0103 ro\u0219ie cump\u0103rat\u0103 din t\u00e2rg, cu 35 de lei.<\/p>\n\n\n\n<p>\u2014 Dac\u0103 nu vrea s\u0103 vin\u0103 cu noi? a \u0219optit ea.<\/p>\n\n\n\n<p>\u2014 E un copil, Tamara\u2026 nu un pachet.<\/p>\n\n\n\n<p>C\u00e2nd au ajuns, vecina i-a \u00eent\u00e2mpinat \u00een poart\u0103. O femeie obosit\u0103, cu ochii umfla\u021bi de pl\u00e2ns.<\/p>\n\n\n\n<p>\u00cen curte, pe o banc\u0103, st\u0103tea un b\u0103ie\u021bel slab, cu genunchii juli\u021bi \u0219i privire mare, atent\u0103.<\/p>\n\n\n\n<p>Tamara s-a oprit. Inima \u00eei b\u0103tea \u00een urechi.<\/p>\n\n\n\n<p>B\u0103iatul s-a ridicat \u00eencet.<\/p>\n\n\n\n<p>\u2014 Tu e\u0219ti Andrei? a \u00eentrebat ea cu glas moale.<\/p>\n\n\n\n<p>El a dat din cap.<\/p>\n\n\n\n<p>S-au privit lung. Ion a sim\u021bit un fior rece pe \u0219ira spin\u0103rii. Copilul chiar sem\u0103na cu el. Nu leit. Dar era ceva \u00een ochi.<\/p>\n\n\n\n<p>Tamara s-a aplecat \u0219i i-a \u00eentins ma\u0219inu\u021ba.<\/p>\n\n\n\n<p>\u2014 \u00ce\u021bi place?<\/p>\n\n\n\n<p>B\u0103iatul a luat-o \u0219i, pentru prima dat\u0103, a z\u00e2mbit.<\/p>\n\n\n\n<p>At\u00e2t i-a trebuit.<\/p>\n\n\n\n<p>Actele au durat luni. Drumuri la Protec\u021bia Copilului, semn\u0103turi, adeverin\u021be, h\u00e2rtii peste h\u00e2rtii. Au cheltuit bani, au lipsit de la munc\u0103, au suportat priviri \u0219i \u0219oapte.<\/p>\n\n\n\n<p>Dar n-au dat \u00eenapoi.<\/p>\n\n\n\n<p>\u00cen ziua \u00een care Andrei a intrat \u00een casa lor cu un ghiozd\u0103nel mic \u00een spate, Tamara a sim\u021bit c\u0103 respir\u0103 alt aer.<\/p>\n\n\n\n<p>Casa nu mai era goal\u0103.<\/p>\n\n\n\n<p>Seara, la mas\u0103, b\u0103iatul m\u00e2nca \u00eencet, cu team\u0103, ca \u0219i cum cineva i-ar fi putut lua farfuria.<\/p>\n\n\n\n<p>\u2014 Aici e casa ta, a spus Ion simplu. Nimeni nu te mai d\u0103 nic\u0103ieri.<\/p>\n\n\n\n<p>Andrei a ridicat privirea.<\/p>\n\n\n\n<p>\u2014 Pot s\u0103 v\u0103 spun mam\u0103 \u0219i tat\u0103?<\/p>\n\n\n\n<p>Tamara a izbucnit \u00een pl\u00e2ns. Ion \u0219i-a dres glasul.<\/p>\n\n\n\n<p>\u2014 Dac\u0103 asta sim\u021bi, b\u0103iete\u2026 da.<\/p>\n\n\n\n<p>Anii au trecut.<\/p>\n\n\n\n<p>Curtea lor a prins glas. Biciclet\u0103 rezemat\u0103 de gard. Mingea uitat\u0103 \u00een iarb\u0103. Caiete pe mas\u0103.<\/p>\n\n\n\n<p>\u00centr-o zi, la serbarea de sf\u00e2r\u0219it de an, \u00een c\u0103minul cultural \u00eempodobit cu steaguri tricolore \u0219i flori de h\u00e2rtie, Andrei a urcat pe scen\u0103.<\/p>\n\n\n\n<p>\u2014 Vreau s\u0103 le mul\u021bumesc p\u0103rin\u021bilor mei, a spus el cu voce tare. Pentru c\u0103 m-au ales.<\/p>\n\n\n\n<p>Tamara \u0219i Ion s-au privit.<\/p>\n\n\n\n<p>Nu conta al cui s\u00e2nge curgea prin venele lui.<\/p>\n\n\n\n<p>Conta c\u0103, \u00eentr-o diminea\u021b\u0103 cu cea\u021b\u0103, au ales s\u0103 deschid\u0103 u\u0219a. Iar din ziua aceea, casa lor n-a mai fost niciodat\u0103 goal\u0103.<\/p>\n\n\n\n<p><em>Aceast\u0103 lucrare este inspirat\u0103 din evenimente \u0219i persoane reale, \u00eens\u0103 a fost fic\u021bionalizat\u0103 \u00een scopuri creative. Numele, personajele \u0219i detaliile au fost schimbate pentru a proteja intimitatea \u0219i pentru a \u00eembun\u0103t\u0103\u021bi nara\u021biunea. Orice asem\u0103nare cu persoane reale, \u00een via\u021b\u0103 sau decedate, sau cu evenimente reale este pur \u00eent\u00e2mpl\u0103toare \u0219i nu este inten\u021bionat\u0103 de c\u0103tre autor.<\/em><\/p>\n\n\n\n<p><em>Autorul \u0219i editorul nu \u00ee\u0219i asum\u0103 responsabilitatea pentru exactitatea evenimentelor sau pentru modul \u00een care sunt portretizate personajele \u0219i nu sunt r\u0103spunz\u0103tori pentru eventuale interpret\u0103ri gre\u0219ite. Aceast\u0103 poveste este oferit\u0103 \u201eca atare\u201d, iar orice opinii exprimate apar\u021bin personajelor \u0219i nu reflect\u0103 punctele de vedere ale autorului sau ale editorului.<\/em><\/p>\n","protected":false},"excerpt":{"rendered":"<p>Ion s-a ridicat \u00een capul oaselor \u0219i a privit-o lung. Tamara avea ochii ro\u0219ii, dar \u00een ei nu mai era furie. Era altceva. O hot\u0103r\u00e2re<\/p>\n","protected":false},"author":1,"featured_media":45981,"comment_status":"closed","ping_status":"closed","sticky":false,"template":"","format":"standard","meta":[],"categories":[1],"tags":[],"_links":{"self":[{"href":"https:\/\/calatorinromania.com\/index.php?rest_route=\/wp\/v2\/posts\/46470"}],"collection":[{"href":"https:\/\/calatorinromania.com\/index.php?rest_route=\/wp\/v2\/posts"}],"about":[{"href":"https:\/\/calatorinromania.com\/index.php?rest_route=\/wp\/v2\/types\/post"}],"author":[{"embeddable":true,"href":"https:\/\/calatorinromania.com\/index.php?rest_route=\/wp\/v2\/users\/1"}],"replies":[{"embeddable":true,"href":"https:\/\/calatorinromania.com\/index.php?rest_route=%2Fwp%2Fv2%2Fcomments&post=46470"}],"version-history":[{"count":1,"href":"https:\/\/calatorinromania.com\/index.php?rest_route=\/wp\/v2\/posts\/46470\/revisions"}],"predecessor-version":[{"id":46471,"href":"https:\/\/calatorinromania.com\/index.php?rest_route=\/wp\/v2\/posts\/46470\/revisions\/46471"}],"wp:featuredmedia":[{"embeddable":true,"href":"https:\/\/calatorinromania.com\/index.php?rest_route=\/wp\/v2\/media\/45981"}],"wp:attachment":[{"href":"https:\/\/calatorinromania.com\/index.php?rest_route=%2Fwp%2Fv2%2Fmedia&parent=46470"}],"wp:term":[{"taxonomy":"category","embeddable":true,"href":"https:\/\/calatorinromania.com\/index.php?rest_route=%2Fwp%2Fv2%2Fcategories&post=46470"},{"taxonomy":"post_tag","embeddable":true,"href":"https:\/\/calatorinromania.com\/index.php?rest_route=%2Fwp%2Fv2%2Ftags&post=46470"}],"curies":[{"name":"wp","href":"https:\/\/api.w.org\/{rel}","templated":true}]}}