{"id":46468,"date":"2026-03-06T12:31:23","date_gmt":"2026-03-06T12:31:23","guid":{"rendered":"https:\/\/calatorinromania.com\/?p=46468"},"modified":"2026-03-06T12:31:24","modified_gmt":"2026-03-06T12:31:24","slug":"la-73-de-ani-m-am-mutat-la-fiul-meu","status":"publish","type":"post","link":"https:\/\/calatorinromania.com\/?p=46468","title":{"rendered":"\u201dLa 73 de ani, m-am mutat la fiul meu\u201d"},"content":{"rendered":"\n<p>Am deschis u\u0219a f\u0103r\u0103 s\u0103 mai bat.<\/p>\n\n\n\n<p><\/p>\n\n\n\n<p>\u2014 Andrei.<\/p>\n\n\n\n<p>A tres\u0103rit ca un om prins asupra faptei. A aruncat buretele de s\u00e2rm\u0103 \u00een cad\u0103, dar era prea t\u00e2rziu. Bra\u021bele \u00eei erau ro\u0219ii, zg\u00e2riate, unele locuri deja s\u00e2ngerau u\u0219or.<\/p>\n\n\n\n<p><\/p>\n\n\n\n<p>\u2014 Ie\u0219i de aici! \u2014 a strigat. Dar nu era furie. Era ru\u0219ine.<\/p>\n\n\n\n<p><\/p>\n\n\n\n<p>Am intrat \u0219i am \u00eenchis u\u0219a \u00een urma mea.<\/p>\n\n\n\n<p><\/p>\n\n\n\n<p>Apa curgea \u00een continuare. Costumul i se lipise de piele. Ar\u0103ta mic. Nu director. Nu b\u0103rbat puternic. Mic.<\/p>\n\n\n\n<p>\u2014 Opre\u0219te apa, mam\u0103 \u2014 a spus printre din\u021bi.<\/p>\n\n\n\n<p>Am \u00eentins m\u00e2na \u0219i am \u00eenchis robinetul.<\/p>\n\n\n\n<p>\u00cen lini\u0219tea care a urmat, i-am auzit respira\u021bia sacadat\u0103. \u0218i pl\u00e2nsul pe care \u00eel \u021binea \u00een piept de ani \u00eentregi.<\/p>\n\n\n\n<p>\u2014 Nu sunt destul de bun \u2014 a izbucnit. \u2014 Oric\u00e2t fac, nu e destul. C\u00e2nd gre\u0219esc, \u00eei aud vocea. C\u00e2nd reu\u0219esc, tot \u00eei aud vocea.<\/p>\n\n\n\n<p>Nu a trebuit s\u0103 \u00eentrebe care voce.<\/p>\n\n\n\n<p>\u2014 \u201eMai mult, Andrei. Nu e\u0219ti bun de nimic. Mai tare. Mai repede.\u201d \u2014 a continuat el, imit\u00e2nd tonul tat\u0103lui s\u0103u.<\/p>\n\n\n\n<p>Am sim\u021bit cum anii se str\u00e2ng \u00een mine ca un nod.<\/p>\n\n\n\n<p>\u2014 Crezi c\u0103 eu nu o aud? \u2014 am spus \u00eencet.<\/p>\n\n\n\n<p>S-a uitat la mine pentru prima dat\u0103 cu adev\u0103rat.<\/p>\n\n\n\n<p>\u2014 Mam\u0103, eu am jurat c\u0103 nu o s\u0103 fiu ca el. \u0218i totu\u0219i\u2026 \u2014 a \u00eenchis ochii. \u2014 C\u00e2nd Ioana gre\u0219e\u0219te ceva m\u0103runt, simt cum \u00eemi vine s\u0103 \u021bip. S\u0103 controlez. S\u0103 lovesc masa. Nu pe ea\u2026 dar masa, peretele\u2026 orice.<\/p>\n\n\n\n<p>Am \u00een\u021beles v\u00e2n\u0103taia.<\/p>\n\n\n\n<p>Nu era un monstru. Era un om care nu-\u0219i vindecase r\u0103nile.<\/p>\n\n\n\n<p>\u2014 \u0218i te speli? \u2014 am \u0219optit.<\/p>\n\n\n\n<p>A dat din cap.<\/p>\n\n\n\n<p>\u2014 C\u00e2nd simt c\u0103 iese din mine furia\u2026 m\u0103 simt murdar. Ca el. \u0218i \u00eencerc s-o dau jos.<\/p>\n\n\n\n<p>M-am apropiat \u0219i i-am prins m\u00e2inile. Erau aspre, tremurau.<\/p>\n\n\n\n<p>\u2014 Nu se spal\u0103 cu s\u00e2rm\u0103, Andrei. Se spal\u0103 cu iertare. \u0218i cu ajutor.<\/p>\n\n\n\n<p>A izbucnit \u00een pl\u00e2ns. Un pl\u00e2ns ad\u00e2nc, rupt din copil\u0103rie.<\/p>\n\n\n\n<p>Ioana a ap\u0103rut \u00een u\u0219\u0103, speriat\u0103. Ne-a privit pe am\u00e2ndoi, apoi a \u00een\u021beles c\u0103 nu e un moment de fric\u0103, ci de adev\u0103r.<\/p>\n\n\n\n<p>\u2014 \u0218tiu \u2014 a spus ea \u00eencet. \u2014 \u0218tiu de mult.<\/p>\n\n\n\n<p>Ne-am a\u0219ezat to\u021bi trei pe podeaua rece a b\u0103ii, ca o familie care \u00eenva\u021b\u0103 s\u0103 vorbeasc\u0103 din nou.<\/p>\n\n\n\n<p>\u00cen diminea\u021ba aceea, Andrei \u0219i-a sunat medicul. Apoi un psiholog. Apoi \u0219i-a luat liber.<\/p>\n\n\n\n<p>Nu a fost u\u0219or. Au fost s\u0103pt\u0103m\u00e2ni de t\u0103ceri grele \u0219i de cuvinte care dor. Dar, \u00eencet, vocea din capul lui a \u00eenceput s\u0103 sl\u0103beasc\u0103.<\/p>\n\n\n\n<p>Nu l-am salvat eu.<\/p>\n\n\n\n<p>Dar la trei diminea\u021ba, am aprins lumina \u00eentr-o camer\u0103 unde el st\u0103tea singur de ani \u00eentregi.<\/p>\n\n\n\n<p>\u0218i uneori, asta e tot ce poate face o mam\u0103:<\/p>\n\n\n\n<p>S\u0103 intre f\u0103r\u0103 s\u0103 cear\u0103 voie. S\u0103 vad\u0103 adev\u0103rul. \u0218i s\u0103 r\u0103m\u00e2n\u0103.<\/p>\n\n\n\n<p><em>Aceast\u0103 lucrare este inspirat\u0103 din evenimente \u0219i persoane reale, \u00eens\u0103 a fost fic\u021bionalizat\u0103 \u00een scopuri creative. Numele, personajele \u0219i detaliile au fost schimbate pentru a proteja intimitatea \u0219i pentru a \u00eembun\u0103t\u0103\u021bi nara\u021biunea. Orice asem\u0103nare cu persoane reale, \u00een via\u021b\u0103 sau decedate, sau cu evenimente reale este pur \u00eent\u00e2mpl\u0103toare \u0219i nu este inten\u021bionat\u0103 de c\u0103tre autor.<\/em><\/p>\n\n\n\n<p><em>Autorul \u0219i editorul nu \u00ee\u0219i asum\u0103 responsabilitatea pentru exactitatea evenimentelor sau pentru modul \u00een care sunt portretizate personajele \u0219i nu sunt r\u0103spunz\u0103tori pentru eventuale interpret\u0103ri gre\u0219ite. Aceast\u0103 poveste este oferit\u0103 \u201eca atare\u201d, iar orice opinii exprimate apar\u021bin personajelor \u0219i nu reflect\u0103 punctele de vedere ale autorului sau ale editorului.<\/em><\/p>\n\n\n\n<p><\/p>\n","protected":false},"excerpt":{"rendered":"<p>Am deschis u\u0219a f\u0103r\u0103 s\u0103 mai bat. \u2014 Andrei. A tres\u0103rit ca un om prins asupra faptei. A aruncat buretele de s\u00e2rm\u0103 \u00een cad\u0103, dar<\/p>\n","protected":false},"author":1,"featured_media":45981,"comment_status":"closed","ping_status":"closed","sticky":false,"template":"","format":"standard","meta":[],"categories":[1],"tags":[],"_links":{"self":[{"href":"https:\/\/calatorinromania.com\/index.php?rest_route=\/wp\/v2\/posts\/46468"}],"collection":[{"href":"https:\/\/calatorinromania.com\/index.php?rest_route=\/wp\/v2\/posts"}],"about":[{"href":"https:\/\/calatorinromania.com\/index.php?rest_route=\/wp\/v2\/types\/post"}],"author":[{"embeddable":true,"href":"https:\/\/calatorinromania.com\/index.php?rest_route=\/wp\/v2\/users\/1"}],"replies":[{"embeddable":true,"href":"https:\/\/calatorinromania.com\/index.php?rest_route=%2Fwp%2Fv2%2Fcomments&post=46468"}],"version-history":[{"count":1,"href":"https:\/\/calatorinromania.com\/index.php?rest_route=\/wp\/v2\/posts\/46468\/revisions"}],"predecessor-version":[{"id":46469,"href":"https:\/\/calatorinromania.com\/index.php?rest_route=\/wp\/v2\/posts\/46468\/revisions\/46469"}],"wp:featuredmedia":[{"embeddable":true,"href":"https:\/\/calatorinromania.com\/index.php?rest_route=\/wp\/v2\/media\/45981"}],"wp:attachment":[{"href":"https:\/\/calatorinromania.com\/index.php?rest_route=%2Fwp%2Fv2%2Fmedia&parent=46468"}],"wp:term":[{"taxonomy":"category","embeddable":true,"href":"https:\/\/calatorinromania.com\/index.php?rest_route=%2Fwp%2Fv2%2Fcategories&post=46468"},{"taxonomy":"post_tag","embeddable":true,"href":"https:\/\/calatorinromania.com\/index.php?rest_route=%2Fwp%2Fv2%2Ftags&post=46468"}],"curies":[{"name":"wp","href":"https:\/\/api.w.org\/{rel}","templated":true}]}}