{"id":46466,"date":"2026-03-06T12:14:24","date_gmt":"2026-03-06T12:14:24","guid":{"rendered":"https:\/\/calatorinromania.com\/?p=46466"},"modified":"2026-03-06T12:14:25","modified_gmt":"2026-03-06T12:14:25","slug":"o-milionara-a-batut-la-usa-celei-mai-modeste-case-a-unui-angajat-de-al-ei","status":"publish","type":"post","link":"https:\/\/calatorinromania.com\/?p=46466","title":{"rendered":"\u201dO milionar\u0103 a b\u0103tut la u\u0219a celei mai modeste case a unui angajat de-al ei\u201d"},"content":{"rendered":"\n<p>Laura a r\u0103mas c\u00e2teva secunde nemi\u0219cat\u0103, cu privirea lipit\u0103 de copilul care se chinuia s\u0103 respire. \u00cei auzea respira\u021bia sacadat\u0103 mai tare dec\u00e2t orice g\u00e2nd din capul ei.<\/p>\n\n\n\n<p><\/p>\n\n\n\n<p>A scos telefonul din geant\u0103 f\u0103r\u0103 s\u0103 mai cear\u0103 voie.<\/p>\n\n\n\n<p><\/p>\n\n\n\n<p>\u2014 Unde e cea mai apropiat\u0103 camer\u0103 de gard\u0103? a \u00eentrebat scurt.<\/p>\n\n\n\n<p><\/p>\n\n\n\n<p>Ion a ridicat capul, confuz.<\/p>\n\n\n\n<p><\/p>\n\n\n\n<p>\u2014 La Spitalul Jude\u021bean\u2026 dar e aglomerat\u2026 \u0219i n-am bani de taxi\u2026<\/p>\n\n\n\n<p>\u2014 Ai ma\u0219in\u0103?<br>\u2014 Nu.<\/p>\n\n\n\n<p>Laura a \u00eentors capul spre Ana, care st\u0103tea speriat\u0103 \u00een u\u0219\u0103.<\/p>\n\n\n\n<p>\u2014 Sun\u0103 \u0219oferul. Acum.<\/p>\n\n\n\n<p>\u00cen mai pu\u021bin de zece minute, copilul era \u00eenf\u0103\u0219urat \u00eentr-o p\u0103tur\u0103, iar Laura st\u0103tea pe bancheta din spate a ma\u0219inii, \u021bin\u00e2ndu-l pe genunchi. Nu se g\u00e2ndea dac\u0103 \u00eei murd\u0103re\u0219te haina. Nu conta.<\/p>\n\n\n\n<p>La spital, lucrurile s-au mi\u0219cat repede. Un medic a recunoscut-o, a dat din cap, a vorbit \u00een \u0219oapt\u0103 cu asistentele. Copilul a fost dus de urgen\u021b\u0103 la tratament.<\/p>\n\n\n\n<p>Ion st\u0103tea pe un scaun, cu bebelu\u0219ul adormit la piept \u0219i ochii goi.<\/p>\n\n\n\n<p>\u2014 O s\u0103 fie bine \u2014 a spus Laura, f\u0103r\u0103 s\u0103 \u0219tie sigur dac\u0103 e adev\u0103rat.<\/p>\n\n\n\n<p>Dup\u0103 c\u00e2teva ore, medicul a ie\u0219it.<\/p>\n\n\n\n<p>\u2014 A\u021bi ajuns la timp. \u00cenc\u0103 o noapte acas\u0103 \u0219i putea fi mult mai r\u0103u.<\/p>\n\n\n\n<p>Ion a \u00eenceput s\u0103 pl\u00e2ng\u0103 \u00een t\u0103cere, cu umerii l\u0103sa\u021bi, ca un om care n-a mai avut voie s\u0103 pl\u00e2ng\u0103 de mult.<\/p>\n\n\n\n<p>Laura s-a a\u0219ezat l\u00e2ng\u0103 el.<\/p>\n\n\n\n<p>\u2014 De m\u00e2ine, nu mai vii la munc\u0103 o perioad\u0103, a spus ea.<br>\u2014 Doamn\u0103\u2026<br>\u2014 Nu e o discu\u021bie. \u00ce\u021bi vei lua concediu pl\u0103tit. \u0218i un avans de 15.000 de lei.<\/p>\n\n\n\n<p>Ion a ridicat capul, speriat.<\/p>\n\n\n\n<p>\u2014 Nu pot primi a\u0219a ceva\u2026<br>\u2014 Po\u021bi. \u0218i o vei face.<\/p>\n\n\n\n<p>A doua zi, Laura s-a \u00eentors la casa de pe Strada Nucilor. De data asta f\u0103r\u0103 tocuri. F\u0103r\u0103 sacou. Doar cu o saco\u0219\u0103 plin\u0103 de m\u00e2ncare \u0219i medicamente.<\/p>\n\n\n\n<p>\u00cen urm\u0103toarele s\u0103pt\u0103m\u00e2ni, a revenit des.<\/p>\n\n\n\n<p>A vorbit cu vecinii. A chemat un instalator. A pl\u0103tit datoriile la \u00eentre\u021binere. A aranjat ca cei mici s\u0103 primeasc\u0103 haine \u0219i rechizite.<\/p>\n\n\n\n<p>Dar cel mai important, a stat. A ascultat. A \u00eenv\u0103\u021bat.<\/p>\n\n\n\n<p>Pentru prima dat\u0103, Laura Munteanu a \u00een\u021beles ce \u00eenseamn\u0103 s\u0103 munce\u0219ti p\u00e2n\u0103 la epuizare \u0219i tot s\u0103 nu fie suficient.<\/p>\n\n\n\n<p>Dup\u0103 trei luni, a f\u0103cut ceva ce nimeni nu se a\u0219tepta.<\/p>\n\n\n\n<p>A anun\u021bat un nou proiect. Nu un bloc de lux. Nu un mall.<\/p>\n\n\n\n<p>Un program pentru angaja\u021bii ei. Ajutor real. Concedii pl\u0103tite pentru situa\u021bii grele. Sprijin medical. Salarii corecte.<\/p>\n\n\n\n<p>L-a pus pe Ion coordonator al echipei de \u00eentre\u021binere. Cu un salariu care s\u0103-i permit\u0103 s\u0103 tr\u0103iasc\u0103, nu doar s\u0103 supravie\u021buiasc\u0103.<\/p>\n\n\n\n<p>\u00centr-o sear\u0103, st\u00e2nd pe o banc\u0103 \u00een fa\u021ba casei lui, Laura l-a privit pe Ion juc\u00e2nd fotbal cu copiii.<\/p>\n\n\n\n<p>\u2014 \u0218ti\u021bi ceva? a spus ea \u00eencet.<br>\u2014 Ce anume?<br>\u2014 Credeam c\u0103 am construit totul. Dar abia acum am \u00eenceput cu adev\u0103rat.<\/p>\n\n\n\n<p>Ion a z\u00e2mbit. Iar pentru prima dat\u0103 \u00een via\u021ba ei, Laura a sim\u021bit c\u0103 succesul nu se m\u0103soar\u0103 \u00een cl\u0103diri\u2026<br>ci \u00een oamenii pe care nu i-ai l\u0103sat \u00een urm\u0103.<\/p>\n\n\n\n<p><em>Aceast\u0103 lucrare este inspirat\u0103 din evenimente \u0219i persoane reale, \u00eens\u0103 a fost fic\u021bionalizat\u0103 \u00een scopuri creative. Numele, personajele \u0219i detaliile au fost schimbate pentru a proteja intimitatea \u0219i pentru a \u00eembun\u0103t\u0103\u021bi nara\u021biunea. Orice asem\u0103nare cu persoane reale, \u00een via\u021b\u0103 sau decedate, sau cu evenimente reale este pur \u00eent\u00e2mpl\u0103toare \u0219i nu este inten\u021bionat\u0103 de c\u0103tre autor.<\/em><\/p>\n\n\n\n<p><em>Autorul \u0219i editorul nu \u00ee\u0219i asum\u0103 responsabilitatea pentru exactitatea evenimentelor sau pentru modul \u00een care sunt portretizate personajele \u0219i nu sunt r\u0103spunz\u0103tori pentru eventuale interpret\u0103ri gre\u0219ite. Aceast\u0103 poveste este oferit\u0103 \u201eca atare\u201d, iar orice opinii exprimate apar\u021bin personajelor \u0219i nu reflect\u0103 punctele de vedere ale autorului sau ale editorului.<\/em><\/p>\n\n\n\n<h1><\/h1>\n","protected":false},"excerpt":{"rendered":"<p>Laura a r\u0103mas c\u00e2teva secunde nemi\u0219cat\u0103, cu privirea lipit\u0103 de copilul care se chinuia s\u0103 respire. \u00cei auzea respira\u021bia sacadat\u0103 mai tare dec\u00e2t orice g\u00e2nd<\/p>\n","protected":false},"author":1,"featured_media":45981,"comment_status":"closed","ping_status":"closed","sticky":false,"template":"","format":"standard","meta":[],"categories":[1],"tags":[],"_links":{"self":[{"href":"https:\/\/calatorinromania.com\/index.php?rest_route=\/wp\/v2\/posts\/46466"}],"collection":[{"href":"https:\/\/calatorinromania.com\/index.php?rest_route=\/wp\/v2\/posts"}],"about":[{"href":"https:\/\/calatorinromania.com\/index.php?rest_route=\/wp\/v2\/types\/post"}],"author":[{"embeddable":true,"href":"https:\/\/calatorinromania.com\/index.php?rest_route=\/wp\/v2\/users\/1"}],"replies":[{"embeddable":true,"href":"https:\/\/calatorinromania.com\/index.php?rest_route=%2Fwp%2Fv2%2Fcomments&post=46466"}],"version-history":[{"count":1,"href":"https:\/\/calatorinromania.com\/index.php?rest_route=\/wp\/v2\/posts\/46466\/revisions"}],"predecessor-version":[{"id":46467,"href":"https:\/\/calatorinromania.com\/index.php?rest_route=\/wp\/v2\/posts\/46466\/revisions\/46467"}],"wp:featuredmedia":[{"embeddable":true,"href":"https:\/\/calatorinromania.com\/index.php?rest_route=\/wp\/v2\/media\/45981"}],"wp:attachment":[{"href":"https:\/\/calatorinromania.com\/index.php?rest_route=%2Fwp%2Fv2%2Fmedia&parent=46466"}],"wp:term":[{"taxonomy":"category","embeddable":true,"href":"https:\/\/calatorinromania.com\/index.php?rest_route=%2Fwp%2Fv2%2Fcategories&post=46466"},{"taxonomy":"post_tag","embeddable":true,"href":"https:\/\/calatorinromania.com\/index.php?rest_route=%2Fwp%2Fv2%2Ftags&post=46466"}],"curies":[{"name":"wp","href":"https:\/\/api.w.org\/{rel}","templated":true}]}}