{"id":46464,"date":"2026-03-06T11:37:13","date_gmt":"2026-03-06T11:37:13","guid":{"rendered":"https:\/\/calatorinromania.com\/?p=46464"},"modified":"2026-03-06T11:37:14","modified_gmt":"2026-03-06T11:37:14","slug":"o-vaduva-saraca-cu-noua-copii-se-casatoreste-cu-un-strain","status":"publish","type":"post","link":"https:\/\/calatorinromania.com\/?p=46464","title":{"rendered":"\u201dO V\u0102DUV\u0102 S\u0102RAC\u0102, CU NOU\u0102 COPII, SE C\u0102S\u0102TORE\u0218TE CU UN STR\u0102IN\u201d"},"content":{"rendered":"\n<p>Cuv\u00e2ntul i s-a lipit de suflet. Doamn\u0103.<\/p>\n\n\n\n<p><\/p>\n\n\n\n<p>Alina a sim\u021bit cum i se \u00eenmoaie genunchii. Nimeni nu-i mai spusese a\u0219a. \u00cen sat era \u201es\u0103raca lui Ion\u201d. Sau \u201ev\u0103duva cu nou\u0103 guri de hr\u0103nit\u201d.<\/p>\n\n\n\n<p><\/p>\n\n\n\n<p>Copiii s-au str\u00e2ns \u00een jurul ei, tem\u0103tori \u0219i fascina\u021bi. Maria \u00eei str\u00e2ngea m\u00e2na cu putere.<\/p>\n\n\n\n<p><\/p>\n\n\n\n<p>\u2014 Mam\u0103\u2026 e casa noastr\u0103?<\/p>\n\n\n\n<p><\/p>\n\n\n\n<p>Alina n-a \u0219tiut ce s\u0103 r\u0103spund\u0103.<\/p>\n\n\n\n<p><\/p>\n\n\n\n<p>B\u0103rbatul \u2014 so\u021bul ei \u2014 a p\u0103\u0219it calm \u00eenainte.<\/p>\n\n\n\n<p><\/p>\n\n\n\n<p>\u2014 De acum, da.<\/p>\n\n\n\n<p>U\u0219ile s-au deschis larg. \u00cen\u0103untru era cald. Cald cum nu mai fusese niciodat\u0103 \u00een c\u0103su\u021ba lor iarna. Pe o mas\u0103 lung\u0103 din lemn masiv erau a\u0219ezate farfurii aburinde: ciorb\u0103 de pui, p\u00e2ine rumen\u0103, cartofi cop\u021bi, friptur\u0103, lapte proasp\u0103t.<\/p>\n\n\n\n<p>Copiii au r\u0103mas nemi\u0219ca\u021bi. Nu \u00eendr\u0103zneau.<\/p>\n\n\n\n<p>Alina i-a privit pe r\u00e2nd. Obrajii lor tra\u0219i, ochii mari, ne\u00eencrez\u0103tori. Atunci b\u0103rbatul a spus simplu:<\/p>\n\n\n\n<p>\u2014 A\u0219eza\u021bi-v\u0103. M\u00e2ncarea nu se uit\u0103 la c\u00e2te guri sunt la mas\u0103.<\/p>\n\n\n\n<p>Atunci s-a rupt vraja.<\/p>\n\n\n\n<p>Scaunele au sc\u00e2r\u021b\u00e2it, lingurile au \u00eenceput s\u0103 loveasc\u0103 marginile farfuriilor. La \u00eenceput \u00eencet. Apoi cu poft\u0103. Cu disperare. Cu lacrimi.<\/p>\n\n\n\n<p>Alina a r\u0103mas \u00een picioare.<\/p>\n\n\n\n<p>Nu putea m\u00e2nca. Se uita doar.<\/p>\n\n\n\n<p>\u2014 Nu-\u021bi este foame? a \u00eentrebat el \u00eencet.<\/p>\n\n\n\n<p>\u2014 Mi-e fric\u0103, a r\u0103spuns ea sincer.<\/p>\n\n\n\n<p>El n-a r\u00e2s.<\/p>\n\n\n\n<p>\u2014 De ce?<\/p>\n\n\n\n<p>\u2014 Nimeni nu d\u0103 at\u00e2ta bine f\u0103r\u0103 s\u0103 cear\u0103 ceva \u00een schimb.<\/p>\n\n\n\n<p>B\u0103rbatul a tras un scaun \u0219i s-a a\u0219ezat \u00een fa\u021ba ei.<\/p>\n\n\n\n<p>\u2014 Ai dreptate.<\/p>\n\n\n\n<p>Inima i s-a str\u00e2ns.<\/p>\n\n\n\n<p>A \u0219tiut. A \u0219tiut c\u0103 urmeaz\u0103 pre\u021bul.<\/p>\n\n\n\n<p>\u2014 Am bani, p\u0103m\u00e2nt, afaceri. Am hambare pline. Dar n-am avut niciodat\u0103 familie. So\u021bia mea a murit acum zece ani. N-am avut copii. Casa asta a fost mereu goal\u0103.<\/p>\n\n\n\n<p>Alina l-a privit atent pentru prima dat\u0103. \u00cen ochii lui nu era mil\u0103. Nici interes murdar.<\/p>\n\n\n\n<p>Era singur\u0103tate.<\/p>\n\n\n\n<p>\u2014 Nu vreau o servitoare. Nici o femeie care s\u0103-mi fie datoare. Vreau o cas\u0103 cu via\u021b\u0103. Cu r\u00e2sete. Cu pa\u0219i pe sc\u0103ri. Tu ai ce eu nu pot cump\u0103ra cu niciun leu.<\/p>\n\n\n\n<p>Cuvintele au c\u0103zut greu.<\/p>\n\n\n\n<p>Copiii r\u00e2deau la mas\u0103. Cel mic avea musta\u021b\u0103 de lapte. Maria cerea \u00eenc\u0103 o felie de p\u00e2ine.<\/p>\n\n\n\n<p>Alina a sim\u021bit cum ceva din ea, str\u00e2ns \u0219i \u00eenghe\u021bat de un an, \u00eencepe s\u0103 se dezghe\u021be.<\/p>\n\n\n\n<p>\u2014 \u0218i dac\u0103 nu te plac? a \u00eentrebat ea direct.<\/p>\n\n\n\n<p>El a z\u00e2mbit u\u0219or.<\/p>\n\n\n\n<p>\u2014 Atunci o s\u0103 muncesc s\u0103 m\u0103 plac\u0103.<\/p>\n\n\n\n<p>Zilele au trecut.<\/p>\n\n\n\n<p>Nu le-a cerut nimic. Nu a ridicat tonul. Nu a f\u0103cut diferen\u021be. Le-a cump\u0103rat haine noi. I-a dus la \u0219coal\u0103 \u00een ora\u0219. A reparat c\u0103su\u021ba din sat \u0219i a pl\u0103tit toate datoriile r\u0103mase \u2014 p\u00e2n\u0103 la ultimul leu.<\/p>\n\n\n\n<p>\u00centr-o sear\u0103, Maria s-a apropiat de Alina \u0219i a \u00eentrebat:<\/p>\n\n\n\n<p>\u2014 Mam\u0103\u2026 pot s\u0103-i spun \u201etat\u0103\u201d?<\/p>\n\n\n\n<p>Alina a sim\u021bit cum i se umplu ochii de lacrimi.<\/p>\n\n\n\n<p>\u2014 Dac\u0103 asta sim\u021bi.<\/p>\n\n\n\n<p>\u00cen aceea\u0219i sear\u0103, la cin\u0103, Maria a rostit cu sfial\u0103:<\/p>\n\n\n\n<p>\u2014 Tat\u0103\u2026 \u00eemi mai dai pu\u021bin\u0103 ciorb\u0103?<\/p>\n\n\n\n<p>B\u0103rbatul a \u00eencremenit o clip\u0103. Apoi a clipit des \u0219i a \u00eentins polonicul.<\/p>\n\n\n\n<p>\u2014 Sigur, fata mea.<\/p>\n\n\n\n<p>Nu a fost magie.<\/p>\n\n\n\n<p>Nu a fost poveste cu prin\u021bi. A fost un om bogat \u0219i singur, \u0219i o femeie s\u0103rac\u0103 \u0219i m\u00e2ndr\u0103, care au ales s\u0103-\u0219i salveze unul altuia via\u021ba.<\/p>\n\n\n\n<p>\u00cen prim\u0103vara urm\u0103toare, gr\u0103dina era plin\u0103 de copii care alergau. Casa r\u0103suna de r\u00e2sete. Iar Alina, st\u00e2nd pe trepte, a \u00een\u021beles ceva simplu: Nu se m\u0103ritase pentru m\u00e2ncare.<\/p>\n\n\n\n<p>Se m\u0103ritase pentru un viitor. \u0218i, pentru prima dat\u0103 dup\u0103 mult timp, nu i-a mai fost team\u0103 de ziua de m\u00e2ine.<\/p>\n\n\n\n<p><em>Aceast\u0103 lucrare este inspirat\u0103 din evenimente \u0219i persoane reale, \u00eens\u0103 a fost fic\u021bionalizat\u0103 \u00een scopuri creative. Numele, personajele \u0219i detaliile au fost schimbate pentru a proteja intimitatea \u0219i pentru a \u00eembun\u0103t\u0103\u021bi nara\u021biunea. Orice asem\u0103nare cu persoane reale, \u00een via\u021b\u0103 sau decedate, sau cu evenimente reale este pur \u00eent\u00e2mpl\u0103toare \u0219i nu este inten\u021bionat\u0103 de c\u0103tre autor.<\/em><\/p>\n\n\n\n<p><em>Autorul \u0219i editorul nu \u00ee\u0219i asum\u0103 responsabilitatea pentru exactitatea evenimentelor sau pentru modul \u00een care sunt portretizate personajele \u0219i nu sunt r\u0103spunz\u0103tori pentru eventuale interpret\u0103ri gre\u0219ite. Aceast\u0103 poveste este oferit\u0103 \u201eca atare\u201d, iar orice opinii exprimate apar\u021bin personajelor \u0219i nu reflect\u0103 punctele de vedere ale autorului sau ale editorului.<\/em><\/p>\n\n\n\n<h1><\/h1>\n","protected":false},"excerpt":{"rendered":"<p>Cuv\u00e2ntul i s-a lipit de suflet. Doamn\u0103. Alina a sim\u021bit cum i se \u00eenmoaie genunchii. Nimeni nu-i mai spusese a\u0219a. \u00cen sat era \u201es\u0103raca lui<\/p>\n","protected":false},"author":1,"featured_media":45981,"comment_status":"closed","ping_status":"closed","sticky":false,"template":"","format":"standard","meta":[],"categories":[1],"tags":[],"_links":{"self":[{"href":"https:\/\/calatorinromania.com\/index.php?rest_route=\/wp\/v2\/posts\/46464"}],"collection":[{"href":"https:\/\/calatorinromania.com\/index.php?rest_route=\/wp\/v2\/posts"}],"about":[{"href":"https:\/\/calatorinromania.com\/index.php?rest_route=\/wp\/v2\/types\/post"}],"author":[{"embeddable":true,"href":"https:\/\/calatorinromania.com\/index.php?rest_route=\/wp\/v2\/users\/1"}],"replies":[{"embeddable":true,"href":"https:\/\/calatorinromania.com\/index.php?rest_route=%2Fwp%2Fv2%2Fcomments&post=46464"}],"version-history":[{"count":1,"href":"https:\/\/calatorinromania.com\/index.php?rest_route=\/wp\/v2\/posts\/46464\/revisions"}],"predecessor-version":[{"id":46465,"href":"https:\/\/calatorinromania.com\/index.php?rest_route=\/wp\/v2\/posts\/46464\/revisions\/46465"}],"wp:featuredmedia":[{"embeddable":true,"href":"https:\/\/calatorinromania.com\/index.php?rest_route=\/wp\/v2\/media\/45981"}],"wp:attachment":[{"href":"https:\/\/calatorinromania.com\/index.php?rest_route=%2Fwp%2Fv2%2Fmedia&parent=46464"}],"wp:term":[{"taxonomy":"category","embeddable":true,"href":"https:\/\/calatorinromania.com\/index.php?rest_route=%2Fwp%2Fv2%2Fcategories&post=46464"},{"taxonomy":"post_tag","embeddable":true,"href":"https:\/\/calatorinromania.com\/index.php?rest_route=%2Fwp%2Fv2%2Ftags&post=46464"}],"curies":[{"name":"wp","href":"https:\/\/api.w.org\/{rel}","templated":true}]}}