{"id":46462,"date":"2026-03-06T11:25:41","date_gmt":"2026-03-06T11:25:41","guid":{"rendered":"https:\/\/calatorinromania.com\/?p=46462"},"modified":"2026-03-06T11:25:42","modified_gmt":"2026-03-06T11:25:42","slug":"bebelusul-unui-tata-singur-nu-se-mai-oprea-din-plans-in-avion","status":"publish","type":"post","link":"https:\/\/calatorinromania.com\/?p=46462","title":{"rendered":"Bebelu\u0219ul unui tat\u0103 singur nu se mai oprea din pl\u00e2ns \u00een avion"},"content":{"rendered":"\n<p>Andrei st\u0103tea nemi\u0219cat pe scaunul lui, privind-o pe Maria cum se plimba \u00eencet pe culoarul avionului cu Sofia adormit\u0103 pe um\u0103r.<\/p>\n\n\n\n<p><\/p>\n\n\n\n<p>Nu-i venea s\u0103 cread\u0103.<\/p>\n\n\n\n<p><\/p>\n\n\n\n<p>Cu doar c\u00e2teva minute \u00eenainte, sim\u021bea c\u0103 toat\u0103 lumea \u00eel judec\u0103. C\u0103 fiecare privire din avion \u00eei spunea c\u0103 nu este un tat\u0103 suficient de bun.<\/p>\n\n\n\n<p><\/p>\n\n\n\n<p>Iar acum\u2026<\/p>\n\n\n\n<p>Feti\u021ba lui dormea lini\u0219tit\u0103.<\/p>\n\n\n\n<p>Un sentiment cald i-a cuprins pieptul.<\/p>\n\n\n\n<p>\u2014 Mul\u021bumesc\u2026 \u0219opti el c\u00e2nd Maria se apropie din nou.<\/p>\n\n\n\n<p>Ea z\u00e2mbi simplu.<\/p>\n\n\n\n<p>\u2014 Am trecut \u0219i eu prin asta.<\/p>\n\n\n\n<p>\u2014 \u0218i copilul dumneavoastr\u0103 pl\u00e2ngea a\u0219a?<\/p>\n\n\n\n<p>Maria r\u00e2se \u00eencet.<\/p>\n\n\n\n<p>\u2014 De multe ori. Mai ales \u00een autobuz, c\u00e2nd lumea era obosit\u0103 dup\u0103 munc\u0103 \u0219i nu avea r\u0103bdare.<\/p>\n\n\n\n<p>Se opri l\u00e2ng\u0103 scaunul lui.<\/p>\n\n\n\n<p>\u2014 C\u00e2\u021bi ani are?<\/p>\n\n\n\n<p>\u2014 Opt luni.<\/p>\n\n\n\n<p>\u2014 E o v\u00e2rst\u0103 grea pentru zbor.<\/p>\n\n\n\n<p>Andrei d\u0103du din cap.<\/p>\n\n\n\n<p>\u2014 Este prima dat\u0103 c\u00e2nd zbur\u0103m.<\/p>\n\n\n\n<p>Maria \u00eel privi atent.<\/p>\n\n\n\n<p>\u2014 Mergi acas\u0103?<\/p>\n\n\n\n<p>Andrei ezit\u0103.<\/p>\n\n\n\n<p>Apoi r\u0103spunse \u00eencet:<\/p>\n\n\n\n<p>\u2014 M\u0103 mut la Cluj. Sora mea locuie\u0219te acolo.<\/p>\n\n\n\n<p>Se opri o clip\u0103.<\/p>\n\n\n\n<p>\u2014 So\u021bia mea a murit acum \u0219ase luni.<\/p>\n\n\n\n<p>Maria nu spuse nimic pentru c\u00e2teva secunde.<\/p>\n\n\n\n<p>Doar \u00eel privi cu o \u00een\u021belegere profund\u0103.<\/p>\n\n\n\n<p>\u2014 \u00cemi pare r\u0103u.<\/p>\n\n\n\n<p>Andrei \u00ee\u0219i frec\u0103 ochii.<\/p>\n\n\n\n<p>\u2014 De atunci \u00eencerc doar\u2026 s\u0103 nu gre\u0219esc prea tare.<\/p>\n\n\n\n<p>Maria \u00eel privi pe Sofia, care dormea lini\u0219tit\u0103.<\/p>\n\n\n\n<p>\u2014 Faptul c\u0103 e\u0219ti aici cu ea \u00eenseamn\u0103 deja c\u0103 faci tot ce trebuie.<\/p>\n\n\n\n<p>Cuvintele acelea l-au lovit mai puternic dec\u00e2t orice critic\u0103 auzit\u0103 mai devreme.<\/p>\n\n\n\n<p>Pentru prima dat\u0103 dup\u0103 multe luni, cineva \u00eei spusese c\u0103 face bine.<\/p>\n\n\n\n<p>\u00cen acel moment, o \u00eenso\u021bitoare de bord se apropie.<\/p>\n\n\n\n<p>\u2014 Totul e \u00een regul\u0103 aici?<\/p>\n\n\n\n<p>Maria z\u00e2mbi.<\/p>\n\n\n\n<p>\u2014 Acum da.<\/p>\n\n\n\n<p>Femeia privi copilul lini\u0219tit.<\/p>\n\n\n\n<p>\u2014 Impresionant.<\/p>\n\n\n\n<p>C\u00e2teva r\u00e2nduri mai \u00een spate, pasagerii care \u00eenainte comentaser\u0103 t\u0103ceau acum ru\u0219ina\u021bi.<\/p>\n\n\n\n<p>Un b\u0103rbat chiar spuse \u00eencet:<\/p>\n\n\n\n<p>\u2014 Respect.<\/p>\n\n\n\n<p>Dup\u0103 aproape dou\u0103zeci de minute, Maria se a\u0219ez\u0103 din nou l\u00e2ng\u0103 Andrei \u0219i \u00eei \u00eentinse u\u0219or copilul.<\/p>\n\n\n\n<p>\u2014 Cred c\u0103 acum po\u021bi s\u0103 o \u021bii.<\/p>\n\n\n\n<p>Andrei o lu\u0103 cu grij\u0103.<\/p>\n\n\n\n<p>Sofia nici m\u0103car nu se trezi.<\/p>\n\n\n\n<p>O privi c\u00e2teva secunde, apoi spuse:<\/p>\n\n\n\n<p>\u2014 Nu \u0219tiu cum s\u0103 v\u0103 mul\u021bumesc.<\/p>\n\n\n\n<p>Maria ridic\u0103 din umeri.<\/p>\n\n\n\n<p>\u2014 Uneori, p\u0103rin\u021bii trebuie doar s\u0103 se ajute \u00eentre ei.<\/p>\n\n\n\n<p>\u2014 Pot s\u0103 v\u0103 ofer ceva? M\u0103car o cafea c\u00e2nd ajungem?<\/p>\n\n\n\n<p>Maria r\u00e2se.<\/p>\n\n\n\n<p>\u2014 O cafea sun\u0103 bine.<\/p>\n\n\n\n<p>Avionul \u00eencepu cobor\u00e2rea.<\/p>\n\n\n\n<p>Dup\u0103 aterizare, oamenii s-au ridicat \u0219i au \u00eenceput s\u0103-\u0219i ia bagajele.<\/p>\n\n\n\n<p>C\u00e2nd Andrei a ie\u0219it pe culoar cu Sofia \u00een bra\u021be, mai mul\u021bi pasageri \u00eei z\u00e2mbeau acum.<\/p>\n\n\n\n<p>Chiar \u0219i femeia care comentase prima \u00eei spuse:<\/p>\n\n\n\n<p>\u2014 E o feti\u021b\u0103 foarte dr\u0103gu\u021b\u0103.<\/p>\n\n\n\n<p>Andrei doar d\u0103du din cap politicos.<\/p>\n\n\n\n<p>La ie\u0219irea din aeroport, el \u0219i Maria s-au oprit l\u00e2ng\u0103 u\u0219i.<\/p>\n\n\n\n<p>\u2014 Mul\u021bumesc \u00eenc\u0103 o dat\u0103 \u2014 spuse el.<\/p>\n\n\n\n<p>Maria scoase un bile\u021bel din geant\u0103 \u0219i scrise rapid un num\u0103r.<\/p>\n\n\n\n<p>\u2014 Dac\u0103 ai vreodat\u0103 nevoie de sfaturi de la o mam\u0103 cu experien\u021b\u0103\u2026 sun\u0103.<\/p>\n\n\n\n<p>Andrei z\u00e2mbi.<\/p>\n\n\n\n<p>\u2014 Cu siguran\u021b\u0103 o voi face.<\/p>\n\n\n\n<p>Maria plec\u0103 spre taxiuri.<\/p>\n\n\n\n<p>Andrei o privi cum se \u00eendep\u0103rteaz\u0103.<\/p>\n\n\n\n<p>Apoi \u00ee\u0219i privi feti\u021ba adormit\u0103.<\/p>\n\n\n\n<p>Pentru prima dat\u0103 de la moartea so\u021biei lui, sim\u021bea c\u0103 poate s\u0103 mearg\u0103 mai departe.<\/p>\n\n\n\n<p>Uneori, era nevoie doar de un singur gest de bun\u0103tate\u2026 pentru a schimba totul.<\/p>\n\n\n\n<p><em>Aceast\u0103 lucrare este inspirat\u0103 din evenimente \u0219i persoane reale, \u00eens\u0103 a fost fic\u021bionalizat\u0103 \u00een scopuri creative. Numele, personajele \u0219i detaliile au fost schimbate pentru a proteja intimitatea \u0219i pentru a \u00eembun\u0103t\u0103\u021bi nara\u021biunea. Orice asem\u0103nare cu persoane reale, \u00een via\u021b\u0103 sau decedate, sau cu evenimente reale este pur \u00eent\u00e2mpl\u0103toare \u0219i nu este inten\u021bionat\u0103 de c\u0103tre autor.<\/em><\/p>\n\n\n\n<p><em>Autorul \u0219i editorul nu \u00ee\u0219i asum\u0103 responsabilitatea pentru exactitatea evenimentelor sau pentru modul \u00een care sunt portretizate personajele \u0219i nu sunt r\u0103spunz\u0103tori pentru eventuale interpret\u0103ri gre\u0219ite. Aceast\u0103 poveste este oferit\u0103 \u201eca atare\u201d, iar orice opinii exprimate apar\u021bin personajelor \u0219i nu reflect\u0103 punctele de vedere ale autorului sau ale editorului.<\/em><\/p>\n","protected":false},"excerpt":{"rendered":"<p>Andrei st\u0103tea nemi\u0219cat pe scaunul lui, privind-o pe Maria cum se plimba \u00eencet pe culoarul avionului cu Sofia adormit\u0103 pe um\u0103r. Nu-i venea s\u0103 cread\u0103.<\/p>\n","protected":false},"author":1,"featured_media":45981,"comment_status":"closed","ping_status":"closed","sticky":false,"template":"","format":"standard","meta":[],"categories":[1],"tags":[],"_links":{"self":[{"href":"https:\/\/calatorinromania.com\/index.php?rest_route=\/wp\/v2\/posts\/46462"}],"collection":[{"href":"https:\/\/calatorinromania.com\/index.php?rest_route=\/wp\/v2\/posts"}],"about":[{"href":"https:\/\/calatorinromania.com\/index.php?rest_route=\/wp\/v2\/types\/post"}],"author":[{"embeddable":true,"href":"https:\/\/calatorinromania.com\/index.php?rest_route=\/wp\/v2\/users\/1"}],"replies":[{"embeddable":true,"href":"https:\/\/calatorinromania.com\/index.php?rest_route=%2Fwp%2Fv2%2Fcomments&post=46462"}],"version-history":[{"count":1,"href":"https:\/\/calatorinromania.com\/index.php?rest_route=\/wp\/v2\/posts\/46462\/revisions"}],"predecessor-version":[{"id":46463,"href":"https:\/\/calatorinromania.com\/index.php?rest_route=\/wp\/v2\/posts\/46462\/revisions\/46463"}],"wp:featuredmedia":[{"embeddable":true,"href":"https:\/\/calatorinromania.com\/index.php?rest_route=\/wp\/v2\/media\/45981"}],"wp:attachment":[{"href":"https:\/\/calatorinromania.com\/index.php?rest_route=%2Fwp%2Fv2%2Fmedia&parent=46462"}],"wp:term":[{"taxonomy":"category","embeddable":true,"href":"https:\/\/calatorinromania.com\/index.php?rest_route=%2Fwp%2Fv2%2Fcategories&post=46462"},{"taxonomy":"post_tag","embeddable":true,"href":"https:\/\/calatorinromania.com\/index.php?rest_route=%2Fwp%2Fv2%2Ftags&post=46462"}],"curies":[{"name":"wp","href":"https:\/\/api.w.org\/{rel}","templated":true}]}}