{"id":46454,"date":"2026-03-06T10:56:46","date_gmt":"2026-03-06T10:56:46","guid":{"rendered":"https:\/\/calatorinromania.com\/?p=46454"},"modified":"2026-03-06T10:56:46","modified_gmt":"2026-03-06T10:56:46","slug":"%f0%9f%8d%af-mucenici-muntenesti-fierti-in-sirop-aromat-cu-multa-nuca-reteta-traditionala","status":"publish","type":"post","link":"https:\/\/calatorinromania.com\/?p=46454","title":{"rendered":"<strong>\ud83c\udf6f Mucenici muntene\u0219ti fier\u021bi \u00een sirop aromat, cu mult\u0103 nuc\u0103 \u2013 re\u021bet\u0103 tradi\u021bional\u0103<\/strong>"},"content":{"rendered":"\n<p>Mucenicii muntene\u0219ti sunt un desert tradi\u021bional preg\u0103tit \u00een fiecare an pe <strong>9 martie<\/strong>, \u00een special \u00een zona Munteniei. Spre deosebire de mucenicii moldovene\u0219ti care se coc, ace\u0219tia se fierb \u00eentr-un sirop dulce, parfumat cu scor\u021bi\u0219oar\u0103, coaj\u0103 de l\u0103m\u00e2ie \u0219i vanilie. Secretul gustului lor st\u0103 \u00een tehnica de fierbere: mucenicii trebuie g\u0103ti\u021bi lent, pentru a absorbi aromele siropului \u0219i a deveni moi, dar bine defini\u021bi. La final se presar\u0103 din bel\u0219ug nuc\u0103 m\u0103cinat\u0103, iar rezultatul este un desert cald, parfumat \u0219i extrem de reconfortant.<\/p>\n\n\n\n<p><\/p>\n\n\n\n<p><\/p>\n\n\n\n<h2>\ud83e\uddfe Ingrediente<\/h2>\n\n\n\n<p><strong>Pentru mucenici:<\/strong><\/p>\n\n\n\n<ul>\n<li>300 g mucenici usca\u021bi (\u00een form\u0103 de 8)<\/li>\n<\/ul>\n\n\n\n<p><\/p>\n\n\n\n<p><strong>Pentru sirop:<\/strong><\/p>\n\n\n\n<ul>\n<li>1,5 litri ap\u0103<\/li>\n\n\n\n<li>120\u2013150 g zah\u0103r (dup\u0103 gust)<\/li>\n\n\n\n<li>1 plic zah\u0103r vanilat sau 1 linguri\u021b\u0103 extract de vanilie<\/li>\n\n\n\n<li>coaja ras\u0103 de la 1 l\u0103m\u00e2ie<\/li>\n\n\n\n<li>coaja ras\u0103 de la 1 portocal\u0103 (op\u021bional, dar foarte aromat\u0103)<\/li>\n\n\n\n<li>\u00bd linguri\u021b\u0103 scor\u021bi\u0219oar\u0103 m\u0103cinat\u0103<\/li>\n\n\n\n<li>1 praf de sare<\/li>\n<\/ul>\n\n\n\n<p><\/p>\n\n\n\n<p><\/p>\n\n\n\n<p><strong>Pentru servire:<\/strong><\/p>\n\n\n\n<ul>\n<li>100\u2013120 g nuc\u0103 m\u0103cinat\u0103<\/li>\n\n\n\n<li>pu\u021bin\u0103 scor\u021bi\u0219oar\u0103 (op\u021bional)<\/li>\n<\/ul>\n\n\n\n<p><\/p>\n\n\n\n<h2>\ud83d\udc69\u200d\ud83c\udf73 Mod de preparare \u2013 pas cu pas<\/h2>\n\n\n\n<h3>1. Fierberea apei aromate<\/h3>\n\n\n\n<p>\u00centr-o oal\u0103 \u00eenc\u0103p\u0103toare se pune apa la fiert. Se adaug\u0103 zah\u0103rul, zah\u0103rul vanilat, un praf de sare \u0219i cojile de l\u0103m\u00e2ie \u0219i portocal\u0103. Se las\u0103 s\u0103 dea \u00een clocot c\u00e2teva minute, pentru ca aromele s\u0103 se combine.<\/p>\n\n\n\n<p><\/p>\n\n\n\n<p><\/p>\n\n\n\n<h3>2. Ad\u0103ugarea mucenicilor<\/h3>\n\n\n\n<p>C\u00e2nd apa \u00eencepe s\u0103 fiarb\u0103, se adaug\u0103 mucenicii. Se amestec\u0103 u\u0219or pentru a nu se lipi \u00eentre ei.<\/p>\n\n\n\n<p><\/p>\n\n\n\n<p><\/p>\n\n\n\n<h3>3. Tehnica corect\u0103 de fierbere<\/h3>\n\n\n\n<p>Acesta este pasul care face diferen\u021ba:<\/p>\n\n\n\n<ul>\n<li>mucenicii se fierb la <strong>foc mediu spre mic<\/strong>, nu la foc foarte mare<\/li>\n\n\n\n<li>se amestec\u0103 periodic, cu grij\u0103<\/li>\n\n\n\n<li>fierberea dureaz\u0103 aproximativ <strong>10\u201315 minute<\/strong>, \u00een func\u021bie de tipul mucenicilor<\/li>\n<\/ul>\n\n\n\n<p>Pe m\u0103sur\u0103 ce fierb, ei vor absorbi lichidul \u0219i vor deveni mai moi, iar supa se va \u00eengro\u0219a u\u0219or datorit\u0103 amidonului din aluat.<\/p>\n\n\n\n<p><\/p>\n\n\n\n<p><\/p>\n\n\n\n<h3>4. Odihnirea mucenicilor<\/h3>\n\n\n\n<p>Dup\u0103 ce sunt fier\u021bi, se opre\u0219te focul \u0219i se las\u0103 <strong>10 minute \u00een oal\u0103<\/strong>, acoperi\u021bi. \u00cen acest timp vor absorbi \u0219i mai mult din sirop \u0219i vor deveni mai aroma\u021bi.<\/p>\n\n\n\n<p><\/p>\n\n\n\n<p><\/p>\n\n\n\n<h3>5. Aromatizarea final\u0103<\/h3>\n\n\n\n<p>Se adaug\u0103 scor\u021bi\u0219oara \u0219i se amestec\u0103 u\u0219or.<\/p>\n\n\n\n<p><\/p>\n\n\n\n<p><\/p>\n\n\n\n<h3>6. Servirea<\/h3>\n\n\n\n<p>Mucenicii se pun \u00een boluri \u0219i se presar\u0103 <strong>mult\u0103 nuc\u0103 m\u0103cinat\u0103 deasupra<\/strong>. Dac\u0103 dore\u0219ti, mai po\u021bi ad\u0103uga pu\u021bin\u0103 scor\u021bi\u0219oar\u0103 pentru un plus de arom\u0103.<\/p>\n\n\n\n<p><\/p>\n\n\n\n<p><\/p>\n\n\n\n<p>Se servesc <strong>calzi sau c\u0103ldu\u021bi<\/strong>.<\/p>\n\n\n\n<p><\/p>\n\n\n\n<p>\u2705 <strong>Sfaturi pentru mucenici perfec\u021bi:<\/strong><\/p>\n\n\n\n<ul>\n<li>Dac\u0103 \u00ee\u021bi plac mai siropo\u0219i, mai adaug\u0103 pu\u021bin\u0103 ap\u0103 fierbinte dup\u0103 ce mucenicii au fiert.<\/li>\n\n\n\n<li>Pentru o arom\u0103 mai intens\u0103, po\u021bi ad\u0103uga \u0219i <strong>pu\u021bin rom alimentar sau esen\u021b\u0103 de rom<\/strong>.<\/li>\n\n\n\n<li>Nuca este ideal s\u0103 fie <strong>proasp\u0103t m\u0103cinat\u0103<\/strong>, deoarece aroma este mult mai puternic\u0103.<\/li>\n\n\n\n<li>Dup\u0103 ce se r\u0103cesc, mucenicii devin \u0219i mai gusto\u0219i deoarece absorb siropul.<\/li>\n<\/ul>\n","protected":false},"excerpt":{"rendered":"<p>Mucenicii muntene\u0219ti sunt un desert tradi\u021bional preg\u0103tit \u00een fiecare an pe 9 martie, \u00een special \u00een zona Munteniei. Spre deosebire de mucenicii moldovene\u0219ti care se<\/p>\n","protected":false},"author":1,"featured_media":46455,"comment_status":"closed","ping_status":"closed","sticky":false,"template":"","format":"standard","meta":[],"categories":[1],"tags":[],"_links":{"self":[{"href":"https:\/\/calatorinromania.com\/index.php?rest_route=\/wp\/v2\/posts\/46454"}],"collection":[{"href":"https:\/\/calatorinromania.com\/index.php?rest_route=\/wp\/v2\/posts"}],"about":[{"href":"https:\/\/calatorinromania.com\/index.php?rest_route=\/wp\/v2\/types\/post"}],"author":[{"embeddable":true,"href":"https:\/\/calatorinromania.com\/index.php?rest_route=\/wp\/v2\/users\/1"}],"replies":[{"embeddable":true,"href":"https:\/\/calatorinromania.com\/index.php?rest_route=%2Fwp%2Fv2%2Fcomments&post=46454"}],"version-history":[{"count":1,"href":"https:\/\/calatorinromania.com\/index.php?rest_route=\/wp\/v2\/posts\/46454\/revisions"}],"predecessor-version":[{"id":46456,"href":"https:\/\/calatorinromania.com\/index.php?rest_route=\/wp\/v2\/posts\/46454\/revisions\/46456"}],"wp:featuredmedia":[{"embeddable":true,"href":"https:\/\/calatorinromania.com\/index.php?rest_route=\/wp\/v2\/media\/46455"}],"wp:attachment":[{"href":"https:\/\/calatorinromania.com\/index.php?rest_route=%2Fwp%2Fv2%2Fmedia&parent=46454"}],"wp:term":[{"taxonomy":"category","embeddable":true,"href":"https:\/\/calatorinromania.com\/index.php?rest_route=%2Fwp%2Fv2%2Fcategories&post=46454"},{"taxonomy":"post_tag","embeddable":true,"href":"https:\/\/calatorinromania.com\/index.php?rest_route=%2Fwp%2Fv2%2Ftags&post=46454"}],"curies":[{"name":"wp","href":"https:\/\/api.w.org\/{rel}","templated":true}]}}