{"id":46449,"date":"2026-03-06T10:31:13","date_gmt":"2026-03-06T10:31:13","guid":{"rendered":"https:\/\/calatorinromania.com\/?p=46449"},"modified":"2026-03-06T10:31:13","modified_gmt":"2026-03-06T10:31:13","slug":"dupa-moartea-tragica-a-prietenei-mele-i-am-adoptat-fetita-secretul-incriminator-pe-care-micuta-l-a-dezvaluit-in-timpul-unui-cosmar-m-a-facut-sa-sun-la-politie","status":"publish","type":"post","link":"https:\/\/calatorinromania.com\/?p=46449","title":{"rendered":"Dup\u0103 moartea tragic\u0103 a prietenei mele, i-am adoptat feti\u021ba \u2014 Secretul incriminator pe care micu\u021ba l-a dezv\u0103luit \u00een timpul unui co\u0219mar m-a f\u0103cut s\u0103 sun la poli\u021bie"},"content":{"rendered":"\n<p><\/p>\n\n\n\n<p>Secretul din pod \u0219i vocea necunoscut\u0103<br>Acum cinci ani, mi-am \u00eengropat cea mai bun\u0103 prieten\u0103 \u0219i i-am adoptat feti\u021ba, jur\u00e2nd s\u0103 o cresc ca pe propriul copil. Am fost ferici\u021bi p\u00e2n\u0103 acum trei nop\u021bi, c\u00e2nd fiica mea a \u00eenceput s\u0103 vorbeasc\u0103 o limb\u0103 pe care nu o \u00eenv\u0103\u021base niciodat\u0103. Ceea ce a spus m-a trimis \u00een pod cu o lantern\u0103 \u0219i s-a terminat cu poli\u021bia \u00een buc\u0103t\u0103rie.<\/p>\n\n\n\n<p><\/p>\n\n\n\n<p>Nu sunt o persoan\u0103 care crede \u00een supranatural. Sunt practic\u0103: pl\u0103tesc facturile la timp, am trus\u0103 de prim ajutor \u00een ma\u0219in\u0103, iar c\u00e2nd Lily are un co\u0219mar, verific sub pat pentru a-i demonstra c\u0103 nu exist\u0103 mon\u0219tri.<\/p>\n\n\n\n<p><\/p>\n\n\n\n<p>Totu\u0219i, acum trei nop\u021bi, la ora 2:00 diminea\u021ba, monitorul pentru bebelu\u0219i a p\u00e2r\u00e2it. Am auzit-o pe Lily vorbind \u00een somn. Nu erau g\u00e2ngureli de copil, ci fraze cursive, spuse cu o fluen\u021b\u0103 care mi-a provocat fiori pe \u0219ira spin\u0103rii. \u0218tiam sigur c\u0103 nu fusese expus\u0103 niciodat\u0103 unei limbi str\u0103ine.<\/p>\n\n\n\n<p><\/p>\n\n\n\n<p>M-am dus \u00een camera ei \u0219i am atins-o u\u0219or pe um\u0103r. A deschis ochii, calm\u0103, de parc\u0103 nici nu dormise.<br>\u2014 Ai avut un vis ur\u00e2t, puiule? am \u00eentrebat-o.<br>\u2014 Nu, mami, a r\u0103spuns ea, \u00eentorc\u00e2ndu-se pe partea cealalt\u0103.<\/p>\n\n\n\n<p><\/p>\n\n\n\n<p>Mesajul tulbur\u0103tor<br>A doua noapte s-a \u00eent\u00e2mplat din nou. Vocea era mai puternic\u0103, iar ora era aceea\u0219i, suger\u00e2nd un tipar bizar. Am sunat un terapeut care mi-a explicat c\u0103 vorbitul \u00een somn este comun, dar ceva \u00eemi spunea c\u0103 situa\u021bia noastr\u0103 este diferit\u0103. \u00cen a treia noapte, m-am culcat l\u00e2ng\u0103 ea \u0219i am a\u0219teptat.<\/p>\n\n\n\n<p>La ora dou\u0103 fix, a \u00eenceput s\u0103 vorbeasc\u0103 din nou \u00een acea limb\u0103 necunoscut\u0103. Am folosit o aplica\u021bie de traducere de pe telefon. Rezultatul a venit instantaneu: Islandez\u0103 detectat\u0103.<\/p>\n\n\n\n<p>Am citit traducerea \u0219i a trebuit s\u0103 o parcurg de dou\u0103 ori pentru a m\u0103 asigura c\u0103 \u00een\u021beleg corect:<\/p>\n\n\n\n<p>\u201eMama mea tr\u0103ie\u0219te. Du-te \u00een pod. E acolo.\u201d<\/p>\n\n\n\n<p>Trebuie s\u0103 v\u0103 spun despre Elena, mama biologic\u0103 a lui Lily. Mi-a fost cea mai bun\u0103 prieten\u0103 timp de 15 ani. A murit acum cinci ani \u00eentr-un accident rutier cumplit. Ma\u0219ina a ars complet. Elena a l\u0103sat \u00een urm\u0103 datorii \u0219i o feti\u021b\u0103 de \u0219ase luni. Am jurat atunci s\u0103-i fiu mam\u0103.<\/p>\n\n\n\n<p>Descoperirea din \u00eentuneric<br>Lily vorbind despre mama ei moart\u0103 care s-ar afla \u00een podul nostru nu avea niciun sens. Totu\u0219i, la ora 2:00, st\u0103team pe hol cu lanterna \u00een m\u00e2n\u0103, privind spre trapa din tavan pe care n-o mai deschisesem de ani de zile.<\/p>\n\n\n\n<p>Am tras de sfoar\u0103, scara s-a pliat cu un sc\u00e2r\u021b\u00e2it lung, iar un curent de aer rece a cobor\u00e2t spre mine, aduc\u00e2nd un miros de praf \u0219i ceva\u2026 locuit. Am urcat. Lanterna a baleiat spa\u021biul: o saltea sub\u021bire, sticle de ap\u0103 goale, ambalaje de m\u00e2ncare din c\u0103mara noastr\u0103 \u0219i o p\u0103tur\u0103 din dulapul de pe hol.<\/p>\n\n\n\n<p>Apoi, lumina a g\u0103sit-o. O femeie ghemuit\u0103 \u00eentr-un col\u021b, palid\u0103 \u0219i slab\u0103, privindu-m\u0103 cu ochi plini de groaz\u0103. Am \u021bipat, iar ea s-a repezit spre scar\u0103. M-a urmat jos, rug\u00e2ndu-m\u0103 cu o englez\u0103 stricat\u0103:<br>\u2014 Nu \u021bipa. Te rog. Nu fac r\u0103u. Mi-e frig. Doar stau. Te rog.<\/p>\n\n\n\n<p>Am sunat la 911 f\u0103r\u0103 s\u0103-mi iau ochii de la ea. Ar\u0103ta de vreo 60 de ani, cu m\u00e2ini cr\u0103pate \u0219i o epuizare ad\u00e2nc\u0103 pe chip.<\/p>\n\n\n\n<p>Adev\u0103rul crud<br>Poli\u021bia a sosit \u00een 10 minute. Femeia era f\u0103r\u0103 ad\u0103post de peste un an. Cu c\u00e2teva zile \u00eenainte, o v\u0103zuse pe Lily \u00een curte vorbind cu ursule\u021bul ei de plu\u0219. S-a apropiat de ea, iar Lily, cu inocen\u021ba celor \u0219ase ani, i-a spus secrete pe care nu le mai \u00eemp\u0103rt\u0103\u0219ise cu nimeni.<\/p>\n\n\n\n<p>Feti\u021ba ne auzise pe mine \u0219i pe so\u021bul meu, Shawn, discut\u00e2nd c\u0103 ar fi mai bine s\u0103 nu \u0219tie c\u0103 este adoptat\u0103. Lily purta aceast\u0103 traum\u0103 singur\u0103 de s\u0103pt\u0103m\u00e2ni \u00eentregi. \u00cei spusese femeii str\u0103ine c\u0103 se simte diferit\u0103 de p\u0103rin\u021bii ei \u0219i c\u0103 vrea doar s\u0103 \u0219tie dac\u0103 mama ei adev\u0103rat\u0103 este bine.<\/p>\n\n\n\n<p>Femeia a v\u0103zut \u00een asta o oportunitate. I-a ar\u0103tat lui Lily un glob de sticl\u0103 ieftin \u0219i i-a spus c\u0103 este un instrument prin care poate vorbi cu spiritul mamei sale. Fiind islandez\u0103 de origine, a \u00eenv\u0103\u021bat-o pe Lily c\u00e2teva fraze \u00een limba ei natal\u0103, spun\u00e2ndu-i c\u0103 sunt \u201ecuvinte magice\u201d.<\/p>\n\n\n\n<p>I-a cerut lui Lily s\u0103 o lase \u00een cas\u0103 \u0219i s\u0103 p\u0103streze secretul, altfel \u201econexiunea\u201d nu ar mai fi func\u021bionat. Feti\u021ba i-a deschis u\u0219a din spate. Femeia a locuit \u00een podul nostru timp de o s\u0103pt\u0103m\u00e2n\u0103, m\u00e2nc\u00e2nd din frigiderul nostru la miezul nop\u021bii \u0219i ascunz\u00e2ndu-se \u00eenainte s\u0103 ne trezim noi.<\/p>\n\n\n\n<p>O nou\u0103 promisiune<br>Femeia a fost arestat\u0103 pentru \u00eenc\u0103lcarea propriet\u0103\u021bii \u0219i exploatarea unui minor. Dup\u0103 ce am instalat sisteme de securitate \u0219i \u00eencuietori noi, am decis c\u0103 este timpul pentru onestitate total\u0103.<\/p>\n\n\n\n<p>M-am a\u0219ezat pe patul lui Lily \u0219i i-am explicat adev\u0103rul despre Elena.<br>\u2014 Deci sunt iubit\u0103 \u00een plus? Pentru c\u0103 m-au iubit dou\u0103 mame? a \u00eentrebat ea.<br>\u2014 Exact a\u0219a, puiule. E\u0219ti iubit\u0103 \u00een plus.<\/p>\n\n\n\n<p>Am \u00een\u021beles atunci c\u0103 adev\u0103ratul pericol nu a fost femeia din pod, ci t\u0103cerea noastr\u0103. Crezusem c\u0103 o protej\u0103m pe Lily ascunz\u00e2ndu-i adev\u0103rul, dar de fapt o l\u0103sasem s\u0103-\u0219i poarte singur\u0103 durerea.<\/p>\n\n\n\n<p>N-am fost niciodat\u0103 speriat\u0103 de fantome. Mi-a fost fric\u0103 de faptul c\u0103 am g\u0103sit un copil care se sim\u021bea at\u00e2t de singur \u00een propria cas\u0103, \u00eenc\u00e2t a avut \u00eencredere \u00eentr-o str\u0103in\u0103 pentru a primi r\u0103spunsurile pe care noi nu i le d\u0103deam.<\/p>\n\n\n\n<p>De acum, nu mai exist\u0103 secrete \u00eentre noi.<\/p>\n\n\n\n<p><\/p>\n\n\n\n<p>Aceast\u0103 lucrare este inspirat\u0103 din evenimente \u0219i persoane reale, \u00eens\u0103 a fost fic\u021bionalizat\u0103 \u00een scopuri creative. Numele, personajele \u0219i detaliile au fost schimbate pentru a proteja intimitatea \u0219i pentru a \u00eembun\u0103t\u0103\u021bi nara\u021biunea. Orice asem\u0103nare cu persoane reale, \u00een via\u021b\u0103 sau decedate, sau cu evenimente reale este pur \u00eent\u00e2mpl\u0103toare \u0219i nu este inten\u021bionat\u0103 de c\u0103tre autor.<\/p>\n\n\n\n<p>Autorul \u0219i editorul nu \u00ee\u0219i asum\u0103 responsabilitatea pentru exactitatea evenimentelor sau pentru modul \u00een care sunt portretizate personajele \u0219i nu sunt r\u0103spunz\u0103tori pentru eventuale interpret\u0103ri gre\u0219ite. Aceast\u0103 poveste este oferit\u0103 \u201eca atare\u201d, iar orice opinii exprimate apar\u021bin personajelor \u0219i nu reflect\u0103 punctele de vedere ale autorului sau ale editorului.<\/p>\n","protected":false},"excerpt":{"rendered":"<p>Secretul din pod \u0219i vocea necunoscut\u0103Acum cinci ani, mi-am \u00eengropat cea mai bun\u0103 prieten\u0103 \u0219i i-am adoptat feti\u021ba, jur\u00e2nd s\u0103 o cresc ca pe propriul<\/p>\n","protected":false},"author":1,"featured_media":45981,"comment_status":"closed","ping_status":"closed","sticky":false,"template":"","format":"standard","meta":[],"categories":[1],"tags":[],"_links":{"self":[{"href":"https:\/\/calatorinromania.com\/index.php?rest_route=\/wp\/v2\/posts\/46449"}],"collection":[{"href":"https:\/\/calatorinromania.com\/index.php?rest_route=\/wp\/v2\/posts"}],"about":[{"href":"https:\/\/calatorinromania.com\/index.php?rest_route=\/wp\/v2\/types\/post"}],"author":[{"embeddable":true,"href":"https:\/\/calatorinromania.com\/index.php?rest_route=\/wp\/v2\/users\/1"}],"replies":[{"embeddable":true,"href":"https:\/\/calatorinromania.com\/index.php?rest_route=%2Fwp%2Fv2%2Fcomments&post=46449"}],"version-history":[{"count":1,"href":"https:\/\/calatorinromania.com\/index.php?rest_route=\/wp\/v2\/posts\/46449\/revisions"}],"predecessor-version":[{"id":46450,"href":"https:\/\/calatorinromania.com\/index.php?rest_route=\/wp\/v2\/posts\/46449\/revisions\/46450"}],"wp:featuredmedia":[{"embeddable":true,"href":"https:\/\/calatorinromania.com\/index.php?rest_route=\/wp\/v2\/media\/45981"}],"wp:attachment":[{"href":"https:\/\/calatorinromania.com\/index.php?rest_route=%2Fwp%2Fv2%2Fmedia&parent=46449"}],"wp:term":[{"taxonomy":"category","embeddable":true,"href":"https:\/\/calatorinromania.com\/index.php?rest_route=%2Fwp%2Fv2%2Fcategories&post=46449"},{"taxonomy":"post_tag","embeddable":true,"href":"https:\/\/calatorinromania.com\/index.php?rest_route=%2Fwp%2Fv2%2Ftags&post=46449"}],"curies":[{"name":"wp","href":"https:\/\/api.w.org\/{rel}","templated":true}]}}