{"id":46442,"date":"2026-03-06T08:07:31","date_gmt":"2026-03-06T08:07:31","guid":{"rendered":"https:\/\/calatorinromania.com\/?p=46442"},"modified":"2026-03-06T08:07:31","modified_gmt":"2026-03-06T08:07:31","slug":"la-inmormantarea-mamei-mele-o-femeie-mi-a-pus-un-bebelus-in-brate-si-a-spus-ea-a-vrut-sa-l-ai-tu","status":"publish","type":"post","link":"https:\/\/calatorinromania.com\/?p=46442","title":{"rendered":"La \u00eenmorm\u00e2ntarea mamei mele, o femeie mi-a pus un bebelu\u0219 \u00een bra\u021be \u0219i a spus: \u201eEa a vrut s\u0103-l ai tu.\u201d"},"content":{"rendered":"\n<p><\/p>\n\n\n\n<p>Secretul din bra\u021bele mele<br>La \u00eenmorm\u00e2ntarea mamei mele, o str\u0103in\u0103 mi-a \u00eentins un bebelu\u0219 \u0219i mi-a \u0219optit: \u201eEa a vrut ca tu s\u0103-l ai\u201d. Brusc, am fost for\u021bat\u0103 s\u0103 \u00eenfrunt secrete, suferin\u021b\u0103 \u0219i adev\u0103ratul sens al familiei, \u00een timp ce trebuia s\u0103 decid dac\u0103 pot fi prezen\u021ba stabil\u0103 de care un b\u0103ie\u021bel avea at\u00e2ta nevoie.<\/p>\n\n\n\n<p><\/p>\n\n\n\n<p>Obi\u0219nuiam s\u0103 cred c\u0103 \u201eacas\u0103\u201d este un loc pe care \u00eel dep\u0103\u0219e\u0219ti. Mi-am construit o via\u021b\u0103 \u00een care nimeni nu m\u0103 \u00eentreba dac\u0103 sunt fericit\u0103, ci doar dac\u0103 sunt de \u00eencredere. Director regional la treizeci \u0219i unu de ani. Mereu pe drumuri. Mereu \u201ebine\u201d. Apoi a venit apelul \u0219i totul s-a oprit.<\/p>\n\n\n\n<p><\/p>\n\n\n\n<p>\u2014 A fost un atac cerebral, draga mea. Medicii n-au mai avut ce s\u0103 fac\u0103. E mai bine a\u0219a\u2026 Mama ta a plecat \u00eentreag\u0103 p\u00e2n\u0103 la sf\u00e2r\u0219it.<\/p>\n\n\n\n<p><\/p>\n\n\n\n<p>\u00centoarcerea dureroas\u0103<br>Abia dac\u0103 \u00eemi amintesc zborul. Doar num\u0103ram respira\u021biile \u0219i \u00eei rosteam numele. Degetele \u00eemi tremurau \u00een timp ce semnam actele pentru ma\u0219ina \u00eenchiriat\u0103. Am parcat \u00een fa\u021ba vechii noastre case \u0219i am oprit motorul, dar n-am \u00eentins m\u00e2na dup\u0103 chei. Aveam m\u00e2inile \u00eencle\u0219tate pe volan \u0219i priveam cum mi se albesc degetele.<\/p>\n\n\n\n<p><\/p>\n\n\n\n<p>Lumina de la intrare era \u00eenc\u0103 aprins\u0103, de\u0219i era amiaz\u0103. Pelerina de ploaie verde a mamei at\u00e2rna str\u00e2mb \u00een cuier. Am stat acolo, holb\u00e2ndu-m\u0103 la ea, p\u00e2n\u0103 c\u00e2nd telefonul mi-a vibrat \u00een poal\u0103.<\/p>\n\n\n\n<p><\/p>\n\n\n\n<p>\u2014 Intri, Nadia? vocea m\u0103tu\u0219ii Karen a p\u00e2r\u00e2it prin difuzor, ascu\u021bit\u0103, chiar \u0219i c\u00e2nd \u00eencerca s\u0103 sune bl\u00e2nd.<\/p>\n\n\n\n<p><\/p>\n\n\n\n<p>Am \u00eempins portiera \u0219i am p\u0103\u0219it pe alee, cu geamantanul hurduc\u0103ind \u00een spate. Aerul mirosea a iarb\u0103 t\u0103iat\u0103 \u0219i a detergent de rufe str\u0103in. M-am oprit \u00een prag, lupt\u00e2ndu-m\u0103 cu impulsul de a o striga pe mama. M\u0103tu\u0219a Karen m-a \u00eent\u00e2mpinat \u00een\u0103untru, mi\u0219c\u00e2ndu-se rapid. Mi-a \u00eentins pr\u0103jituri cu l\u0103m\u00e2ie cu un z\u00e2mbet for\u021bat.<\/p>\n\n\n\n<p><\/p>\n\n\n\n<p>\u2014 Preferatele mamei tale. Gust\u0103 una, vrei?<br>\u2014 Nu mi-e foame, am morm\u0103it, dar am luat una oricum, doar ca s\u0103 n-o \u00eengrijorez.<\/p>\n\n\n\n<p><\/p>\n\n\n\n<p>\u2014 Ai dormit deloc? m-a \u00eentrebat ea, privindu-m\u0103 pe deasupra ochelarilor.<br>Am ridicat din umeri.<br>\u2014 Totul e ca prin cea\u021b\u0103. Parc\u0103 m\u0103 a\u0219tept s\u0103 o aud c\u00e2nt\u00e2nd \u00een buc\u0103t\u0103rie.<br>\u2014 Cineva trebuie s\u0103 fie puternic, am spus, dar mi s-a pus un nod \u00een g\u00e2t.<\/p>\n\n\n\n<p><\/p>\n\n\n\n<p>Un oaspete nea\u0219teptat<br>La cimitir, m\u0103tu\u0219a Karen m-a \u021binut str\u00e2ns de \u00eencheietur\u0103. Oamenii treceau pe l\u00e2ng\u0103 mine, l\u0103s\u00e2nd \u00een urm\u0103 cuvinte \u0219optite. \u00cencercam s\u0103 z\u00e2mbesc, dar obrajii \u00eemi erau amor\u021bi\u021bi. Atunci am observat o femeie cu p\u0103rul blond ciufulit, \u021bin\u00e2nd \u00een bra\u021be un b\u0103ie\u021bel. Se uita fix la mine, nu la sicriu.<\/p>\n\n\n\n<p><\/p>\n\n\n\n<p>C\u00e2nd sicriul a fost cobor\u00e2t, femeia blond\u0103 s-a apropiat repede. Pa\u0219ii ei erau siguri, de\u0219i m\u00e2inile \u00eei tremurau. Micu\u021bul s-a \u00eentins \u0219i mi-a apucat colierul cu degetele lui lipicioase. \u00cenainte s\u0103 pot reac\u021biona, ea mi-a \u00eempins copilul \u00een bra\u021be. L-am prins instinctiv. Era cald \u0219i incredibil de real.<\/p>\n\n\n\n<p><\/p>\n\n\n\n<p>\u2014 Ce faci? am \u0219optit panicat\u0103.<br>\u2014 Ea a vrut ca tu s\u0103-l ai, a spus femeia cu o voce r\u0103gu\u0219it\u0103.<br>\u2014 Despre ce vorbe\u0219ti? Cine este el?<br>M\u0103tu\u0219a Karen a s\u00e2s\u00e2it:<br>\u2014 D\u0103-i-l \u00eenapoi. Se uit\u0103 lumea.<br>Dar copilul \u0219i-a ascuns fa\u021ba \u00een g\u00e2tul meu. Nu l-am dat \u00eenapoi.<\/p>\n\n\n\n<p><\/p>\n\n\n\n<p>\u2014 Sunt Brittany, vecina de al\u0103turi, a spus femeia. Sunt na\u0219a lui Lucas. Nu-l mai pot \u021bine. Kathleen (mama ta) m-a rugat acum c\u00e2teva luni ca, dac\u0103 se ajunge aici, tu s\u0103 intervii.<\/p>\n\n\n\n<p><br>\u2014 Mama nu mi-a spus nimic!<br>\u2014 Nu a vrut s\u0103-\u021bi dea mai mult de dus. A spus c\u0103 ai deja destule pe umeri.<\/p>\n\n\n\n<p><\/p>\n\n\n\n<p>Scrisoarea din dulap<br>Mai t\u00e2rziu, casa s-a umplut de oaspe\u021bi \u0219i m\u00e2ncare. M-am a\u0219ezat pe canapea cu Lucas, al c\u0103rui cap at\u00e2rna greu pe um\u0103rul meu. Brittany st\u0103tea l\u00e2ng\u0103 buc\u0103t\u0103rie.<br>\u2014 Mama ta l-a salvat de mai multe ori, a spus ea.<\/p>\n\n\n\n<p><\/p>\n\n\n\n<p>Am urcat cu Lucas \u00een vechea mea camer\u0103. \u00cen timp ce \u00eei desf\u0103ceam geanta, am g\u0103sit o juc\u0103rie, un iepura\u0219 albastru. Ceva m-a \u00eempins s\u0103 cobor \u00een buc\u0103t\u0103rie. Am deschis dulapurile unul c\u00e2te unul. Lipit \u00een interiorul unuia, era un plic alb. Scria numele meu, cu scrisul mamei.<\/p>\n\n\n\n<p><\/p>\n\n\n\n<p>\u201eTe rog s\u0103 nu fii sup\u0103rat\u0103, Nadia. \u00cemi pare r\u0103u c\u0103 nu \u021bi-am spus mai devreme. Am vrut s\u0103 ai o via\u021b\u0103 care s\u0103 nu fie grea, puiule. Dar Lucas e mic \u0219i merit\u0103 mai mult dec\u00e2t a primit. L-am luat \u00een plasament pentru c\u0103 mama lui nu poate avea grij\u0103 de el acum. D\u0103-i o \u0219ans\u0103. Iube\u0219te-l. Mama.\u201d<\/p>\n\n\n\n<p><\/p>\n\n\n\n<p>Mi-au dat lacrimile. M-am a\u0219ezat pe podea, str\u00e2ng\u00e2nd scrisoarea la piept.<\/p>\n\n\n\n<p>Lupta pentru Lucas<br>Soneria a sunat. O femeie a intrat val v\u00e2rtej, cu p\u0103rul r\u0103v\u0103\u0219it \u0219i cearc\u0103ne ad\u00e2nci. Carly, mama biologic\u0103. C\u00e2nd l-a v\u0103zut pe Lucas, s-a oprit brusc. Copilul s-a retras spre mine.<br>\u2014 Carly, Kathleen a scris o scrisoare pentru custodie temporar\u0103, a explicat Brittany. Depunem actele pentru tutel\u0103 de urgen\u021b\u0103 luni.<br>\u2014 Deci gata? Mi-l lua\u021bi pur \u0219i simplu? a pl\u00e2ns Carly.<\/p>\n\n\n\n<p>\u2014 Nu, am spus eu, ferm\u0103 dar bl\u00e2nd\u0103. Nu \u021bi-l iau, Carly. Doar m\u0103 asigur c\u0103 este \u00een siguran\u021b\u0103 p\u00e2n\u0103 c\u00e2nd prime\u0219ti ajutorul de care ai nevoie.<br>\u2014 Crezi c\u0103 nu-l iubesc?<br>\u2014 \u0218tiu c\u0103-l iube\u0219ti. Dar iubirea nu e mereu de ajuns c\u00e2nd via\u021ba devine prea grea. Nu-l pierzi. Ai \u0219ansa s\u0103 te faci bine \u0219i s\u0103 te \u00eentorci puternic\u0103.<\/p>\n\n\n\n<p>Carly m-a privit lung.<br>\u2014 Chiar vorbe\u0219ti serios?<br>\u2014 Da. O s\u0103 fac tot ce pot p\u00e2n\u0103 vei fi tu gata.<\/p>\n\n\n\n<p>O nou\u0103 destina\u021bie<br>Dup\u0103 ce au plecat, m\u0103tu\u0219a Karen m-a \u00eentrebat:<br>\u2014 Ce \u00eenseamn\u0103 asta pentru serviciul t\u0103u din Frankfurt?<br>\u2014 \u00censeamn\u0103 c\u0103 Frankfurt poate s\u0103 a\u0219tepte.<br>\u2014 Nadia, jobul t\u0103u\u2026<br>\u2014 Jobul m\u0103 va \u00eenlocui imediat, am t\u0103iat-o eu, surprins\u0103 de propria siguran\u021b\u0103. Lucas, nu.<\/p>\n\n\n\n<p>C\u00e2nd s-a l\u0103sat lini\u0219tea, m-am uitat la scrisoarea mamei \u0219i am \u0219optit:<br>\u2014 Bine. O s\u0103 facem asta cum trebuie.<\/p>\n\n\n\n<p>Aici era \u201eacas\u0103\u201d acum. Pentru am\u00e2ndoi.<\/p>\n\n\n\n<p><\/p>\n\n\n\n<p>Aceast\u0103 lucrare este inspirat\u0103 din evenimente \u0219i persoane reale, \u00eens\u0103 a fost fic\u021bionalizat\u0103 \u00een scopuri creative. Numele, personajele \u0219i detaliile au fost schimbate pentru a proteja intimitatea \u0219i pentru a \u00eembun\u0103t\u0103\u021bi nara\u021biunea. Orice asem\u0103nare cu persoane reale, \u00een via\u021b\u0103 sau decedate, sau cu evenimente reale este pur \u00eent\u00e2mpl\u0103toare \u0219i nu este inten\u021bionat\u0103 de c\u0103tre autor.<\/p>\n\n\n\n<p>Autorul \u0219i editorul nu \u00ee\u0219i asum\u0103 responsabilitatea pentru exactitatea evenimentelor sau pentru modul \u00een care sunt portretizate personajele \u0219i nu sunt r\u0103spunz\u0103tori pentru eventuale interpret\u0103ri gre\u0219ite. Aceast\u0103 poveste este oferit\u0103 \u201eca atare\u201d, iar orice opinii exprimate apar\u021bin personajelor \u0219i nu reflect\u0103 punctele de vedere ale autorului sau ale editorului.<\/p>\n","protected":false},"excerpt":{"rendered":"<p>Secretul din bra\u021bele meleLa \u00eenmorm\u00e2ntarea mamei mele, o str\u0103in\u0103 mi-a \u00eentins un bebelu\u0219 \u0219i mi-a \u0219optit: \u201eEa a vrut ca tu s\u0103-l ai\u201d. Brusc, am<\/p>\n","protected":false},"author":1,"featured_media":45981,"comment_status":"closed","ping_status":"closed","sticky":false,"template":"","format":"standard","meta":[],"categories":[1],"tags":[],"_links":{"self":[{"href":"https:\/\/calatorinromania.com\/index.php?rest_route=\/wp\/v2\/posts\/46442"}],"collection":[{"href":"https:\/\/calatorinromania.com\/index.php?rest_route=\/wp\/v2\/posts"}],"about":[{"href":"https:\/\/calatorinromania.com\/index.php?rest_route=\/wp\/v2\/types\/post"}],"author":[{"embeddable":true,"href":"https:\/\/calatorinromania.com\/index.php?rest_route=\/wp\/v2\/users\/1"}],"replies":[{"embeddable":true,"href":"https:\/\/calatorinromania.com\/index.php?rest_route=%2Fwp%2Fv2%2Fcomments&post=46442"}],"version-history":[{"count":1,"href":"https:\/\/calatorinromania.com\/index.php?rest_route=\/wp\/v2\/posts\/46442\/revisions"}],"predecessor-version":[{"id":46443,"href":"https:\/\/calatorinromania.com\/index.php?rest_route=\/wp\/v2\/posts\/46442\/revisions\/46443"}],"wp:featuredmedia":[{"embeddable":true,"href":"https:\/\/calatorinromania.com\/index.php?rest_route=\/wp\/v2\/media\/45981"}],"wp:attachment":[{"href":"https:\/\/calatorinromania.com\/index.php?rest_route=%2Fwp%2Fv2%2Fmedia&parent=46442"}],"wp:term":[{"taxonomy":"category","embeddable":true,"href":"https:\/\/calatorinromania.com\/index.php?rest_route=%2Fwp%2Fv2%2Fcategories&post=46442"},{"taxonomy":"post_tag","embeddable":true,"href":"https:\/\/calatorinromania.com\/index.php?rest_route=%2Fwp%2Fv2%2Ftags&post=46442"}],"curies":[{"name":"wp","href":"https:\/\/api.w.org\/{rel}","templated":true}]}}