{"id":46429,"date":"2026-03-05T10:59:19","date_gmt":"2026-03-05T10:59:19","guid":{"rendered":"https:\/\/calatorinromania.com\/?p=46429"},"modified":"2026-03-05T10:59:20","modified_gmt":"2026-03-05T10:59:20","slug":"sotul-meu-a-golit-fondul-universitar-al-fiicelor-noastre-gemene-si-a-disparut-cu-amanta-lui-doua-zile-mai-tarziu-m-a-sunat-panicat-si-surprins-de-ceea-ce-facusem","status":"publish","type":"post","link":"https:\/\/calatorinromania.com\/?p=46429","title":{"rendered":"<br>So\u021bul meu a golit fondul universitar al fiicelor noastre gemene \u0219i a disp\u0103rut cu amanta lui: dou\u0103 zile mai t\u00e2rziu m-a sunat, panicat \u0219i surprins de ceea ce f\u0103cusem."},"content":{"rendered":"\n<p><\/p>\n\n\n\n<p>So\u021bul meu a golit fondul universitar al fiicelor noastre gemene \u0219i a disp\u0103rut cu amanta lui: dou\u0103 zile mai t\u00e2rziu m-a sunat, panicat \u0219i surprins de ceea ce f\u0103cusem.<\/p>\n\n\n\n<p><\/p>\n\n\n\n<p>Timp de dou\u0103 decenii am crezut c\u0103 am construit o via\u021b\u0103 perfect\u0103. Aveam un so\u021b cu o carier\u0103 stabil\u0103, o cas\u0103 suficient de mare pentru noi \u0219i dou\u0103 fiice gemene adorabile.<\/p>\n\n\n\n<p><\/p>\n\n\n\n<p>Eu \u0219i so\u021bul meu economisisem ani de zile pentru studiile universitare ale fiicelor noastre. El deschisese un cont special pentru ele.<\/p>\n\n\n\n<p><\/p>\n\n\n\n<p>Suma acumulat\u0103 era deja considerabil\u0103. Dar \u00eentr-o zi, verific\u00e2nd contul, nu mi-a venit s\u0103 cred: era gol. \u00cen panic\u0103, l-am sunat pe so\u021bul meu, dar nu a r\u0103spuns.<\/p>\n\n\n\n<p><\/p>\n\n\n\n<p>Am verificat din nou, g\u00e2ndindu-m\u0103 c\u0103 poate este o eroare tehnic\u0103, dar contul era \u00een continuare gol.<\/p>\n\n\n\n<p><\/p>\n\n\n\n<p>Am \u00eencercat s\u0103-l sun de mai multe ori \u0219i i-am l\u0103sat un mesaj:<br>\u201eSun\u0103-m\u0103 imediat, este o problem\u0103 cu fondul fetelor.\u201d<\/p>\n\n\n\n<p><\/p>\n\n\n\n<p>El mi-a r\u0103spuns pur \u0219i simplu printr-un mesaj:<br>\u201eDa, \u0219tiu, eu l-am luat.\u201d<\/p>\n\n\n\n<p>Mai t\u00e2rziu am aflat c\u0103 plecase \u00een vacan\u021b\u0103 cu amanta lui. V\u0103 imagina\u021bi? Nu numai c\u0103 avea o amant\u0103, dar cheltuia \u0219i banii destina\u021bi fiicelor noastre pentru ea.<\/p>\n\n\n\n<p>Asta m-a scos din min\u021bi \u0219i am decis s\u0103 ac\u021bionez. Dou\u0103 zile mai t\u00e2rziu m-a sunat, panicat \u0219i surprins de ceea ce f\u0103cusem.<\/p>\n\n\n\n<p>Nu am pierdut timpul.<\/p>\n\n\n\n<p>De \u00eendat\u0103 ce am aflat ce a f\u0103cut, l-am contactat imediat pe prietenul meu avocat.<\/p>\n\n\n\n<p>\u00cempreun\u0103 am analizat situa\u021bia.<\/p>\n\n\n\n<p><\/p>\n\n\n\n<p>De fapt, so\u021bul meu nu putea avea o asemenea sum\u0103 \u00een numerar, a\u0219a c\u0103 transferase banii \u00eentr-un alt cont, la care aveam \u0219i eu acces.<\/p>\n\n\n\n<p>Cu ajutorul avocatului meu, am reu\u0219it s\u0103 bloc\u0103m acel cont pentru a \u00eempiedica orice cheltuial\u0103 nou\u0103.<\/p>\n\n\n\n<p>Nu mai putea atinge banii.<\/p>\n\n\n\n<p>Dou\u0103 zile mai t\u00e2rziu m-a sunat din nou, panicat, \u0219i era vizibil surprins de ceea ce f\u0103cusem.<\/p>\n\n\n\n<p>Nu se a\u0219tepta s\u0103 iau m\u0103suri at\u00e2t de rapide.<\/p>\n\n\n\n<p>Dar nu puteam s\u0103-l las s\u0103 continue a\u0219a.<\/p>\n\n\n\n<p>Cu o determinare calm\u0103 i-am anun\u021bat c\u0103 mariajul nostru s-a terminat \u0219i c\u0103 vom divor\u021ba.<\/p>\n\n\n\n<p>Aceasta era singura op\u021biune care \u00eemi r\u0103m\u0103sese dup\u0103 tot ceea ce f\u0103cuse.\u00a0<\/p>\n\n\n\n<p><\/p>\n\n\n\n<p><\/p>\n\n\n\n<p>Aceast\u0103 lucrare este inspirat\u0103 din evenimente \u0219i persoane reale, \u00eens\u0103 a fost fic\u021bionalizat\u0103 \u00een scopuri creative. Numele, personajele \u0219i detaliile au fost schimbate pentru a proteja intimitatea \u0219i pentru a \u00eembun\u0103t\u0103\u021bi nara\u021biunea. Orice asem\u0103nare cu persoane reale, \u00een via\u021b\u0103 sau decedate, sau cu evenimente reale este pur \u00eent\u00e2mpl\u0103toare \u0219i nu este inten\u021bionat\u0103 de c\u0103tre autor.<\/p>\n\n\n\n<p>Autorul \u0219i editorul nu \u00ee\u0219i asum\u0103 responsabilitatea pentru exactitatea evenimentelor sau pentru modul \u00een care sunt portretizate personajele \u0219i nu sunt r\u0103spunz\u0103tori pentru eventuale interpret\u0103ri gre\u0219ite. Aceast\u0103 poveste este oferit\u0103 \u201eca atare\u201d, iar orice opinii exprimate apar\u021bin personajelor \u0219i nu reflect\u0103 punctele de vedere ale autorului sau ale editorului.<\/p>\n\n\n\n<p><\/p>\n","protected":false},"excerpt":{"rendered":"<p>So\u021bul meu a golit fondul universitar al fiicelor noastre gemene \u0219i a disp\u0103rut cu amanta lui: dou\u0103 zile mai t\u00e2rziu m-a sunat, panicat \u0219i surprins<\/p>\n","protected":false},"author":1,"featured_media":45981,"comment_status":"closed","ping_status":"closed","sticky":false,"template":"","format":"standard","meta":[],"categories":[1],"tags":[],"_links":{"self":[{"href":"https:\/\/calatorinromania.com\/index.php?rest_route=\/wp\/v2\/posts\/46429"}],"collection":[{"href":"https:\/\/calatorinromania.com\/index.php?rest_route=\/wp\/v2\/posts"}],"about":[{"href":"https:\/\/calatorinromania.com\/index.php?rest_route=\/wp\/v2\/types\/post"}],"author":[{"embeddable":true,"href":"https:\/\/calatorinromania.com\/index.php?rest_route=\/wp\/v2\/users\/1"}],"replies":[{"embeddable":true,"href":"https:\/\/calatorinromania.com\/index.php?rest_route=%2Fwp%2Fv2%2Fcomments&post=46429"}],"version-history":[{"count":1,"href":"https:\/\/calatorinromania.com\/index.php?rest_route=\/wp\/v2\/posts\/46429\/revisions"}],"predecessor-version":[{"id":46430,"href":"https:\/\/calatorinromania.com\/index.php?rest_route=\/wp\/v2\/posts\/46429\/revisions\/46430"}],"wp:featuredmedia":[{"embeddable":true,"href":"https:\/\/calatorinromania.com\/index.php?rest_route=\/wp\/v2\/media\/45981"}],"wp:attachment":[{"href":"https:\/\/calatorinromania.com\/index.php?rest_route=%2Fwp%2Fv2%2Fmedia&parent=46429"}],"wp:term":[{"taxonomy":"category","embeddable":true,"href":"https:\/\/calatorinromania.com\/index.php?rest_route=%2Fwp%2Fv2%2Fcategories&post=46429"},{"taxonomy":"post_tag","embeddable":true,"href":"https:\/\/calatorinromania.com\/index.php?rest_route=%2Fwp%2Fv2%2Ftags&post=46429"}],"curies":[{"name":"wp","href":"https:\/\/api.w.org\/{rel}","templated":true}]}}