{"id":46420,"date":"2026-03-05T09:26:23","date_gmt":"2026-03-05T09:26:23","guid":{"rendered":"https:\/\/calatorinromania.com\/?p=46420"},"modified":"2026-03-05T09:26:23","modified_gmt":"2026-03-05T09:26:23","slug":"o-mama-singura-a-fost-concediata-pentru-ca-a-intarziat-dupa-ce-a-ajutat-un-barbat-ranit","status":"publish","type":"post","link":"https:\/\/calatorinromania.com\/?p=46420","title":{"rendered":"O mam\u0103 singur\u0103 a fost concediat\u0103 pentru c\u0103 a \u00eent\u00e2rziat dup\u0103 ce a ajutat un b\u0103rbat r\u0103nit"},"content":{"rendered":"\n<p>Ana a \u00eenghi\u021bit \u00een sec.<\/p>\n\n\n\n<p><\/p>\n\n\n\n<p>\u201eDa, domnule Dumitrescu.\u201d<\/p>\n\n\n\n<p><\/p>\n\n\n\n<p>\u201eVictor\u201d, a corectat el din nou, privindu-o atent. \u201e\u0218i din ce motiv?\u201d<\/p>\n\n\n\n<p><\/p>\n\n\n\n<p>\u201ePentru c\u0103 am \u00eent\u00e2rziat. Pentru c\u0103 am stat la spital.\u201d<\/p>\n\n\n\n<p><\/p>\n\n\n\n<p>Victor a l\u0103sat un dosar jos \u0219i a oftat ad\u00e2nc.<\/p>\n\n\n\n<p><\/p>\n\n\n\n<p>\u201e\u0218ti\u021bi ce mi s-a spus c\u00e2nd am \u00eentrebat de dumneavoastr\u0103?\u201d<\/p>\n\n\n\n<p><\/p>\n\n\n\n<p>Ana a cl\u0103tinat din cap.<\/p>\n\n\n\n<p><\/p>\n\n\n\n<p>\u201eC\u0103 sunte\u021bi \u2018o problem\u0103\u2019. C\u0103 ave\u021bi mereu urgen\u021be. C\u0103 nu sunte\u021bi suficient de dedicat\u0103.\u201d<\/p>\n\n\n\n<p><\/p>\n\n\n\n<p>Ana a sim\u021bit cum i se umezesc ochii, dar \u0219i-a \u021binut spatele drept.<\/p>\n\n\n\n<p><\/p>\n\n\n\n<p>\u201eSunt dedicat\u0103. Doar c\u0103 sunt \u0219i mam\u0103.\u201d<\/p>\n\n\n\n<p><\/p>\n\n\n\n<p>Victor a z\u00e2mbit u\u0219or.<\/p>\n\n\n\n<p><\/p>\n\n\n\n<p>\u201eExact asta am vrut s\u0103 aud.\u201d<\/p>\n\n\n\n<p><\/p>\n\n\n\n<p>A ap\u0103sat un buton de pe birou.<\/p>\n\n\n\n<p><\/p>\n\n\n\n<p>\u00cen c\u00e2teva secunde, \u00een \u00eenc\u0103pere a intrat Radu Mure\u0219an. C\u00e2nd l-a v\u0103zut pe Victor, a \u00eencremenit.<\/p>\n\n\n\n<p><\/p>\n\n\n\n<p>\u201eDomnule director, nu \u0219tiam c\u0103\u2014\u201d<\/p>\n\n\n\n<p><\/p>\n\n\n\n<p>\u201e\u0218ti\u021bi de ce sunt aici \u00een ghips?\u201d l-a \u00eentrerupt Victor calm.<\/p>\n\n\n\n<p><\/p>\n\n\n\n<p>Radu a b\u00e2iguit ceva neclar.<\/p>\n\n\n\n<p><\/p>\n\n\n\n<p>\u201ePentru c\u0103 aceast\u0103 \u2018problem\u0103\u2019 din departamentul dumneavoastr\u0103 a ales s\u0103 opreasc\u0103 \u0219i s\u0103 ajute un om r\u0103nit.\u201d<\/p>\n\n\n\n<p><\/p>\n\n\n\n<p>Lini\u0219te.<\/p>\n\n\n\n<p><\/p>\n\n\n\n<p>\u201eMi-a\u021bi spus c\u0103 a lipsit f\u0103r\u0103 motiv serios.\u201d<\/p>\n\n\n\n<p><\/p>\n\n\n\n<p>Radu s-a f\u0103cut ro\u0219u la fa\u021b\u0103.<\/p>\n\n\n\n<p><\/p>\n\n\n\n<p>\u201eEu\u2026 regulamentul\u2026\u201d<\/p>\n\n\n\n<p><\/p>\n\n\n\n<p>\u201eRegulamentul\u201d, a spus Victor ap\u0103sat, \u201enu \u00eenlocuie\u0219te bunul-sim\u021b.\u201d<\/p>\n\n\n\n<p>Apoi s-a \u00eentors spre Ana.<\/p>\n\n\n\n<p>\u201eC\u00e2t c\u00e2\u0219tiga\u021bi pe lun\u0103?\u201d<\/p>\n\n\n\n<p>Ea a spus suma, aproape \u0219optit.<\/p>\n\n\n\n<p>Victor a dat din cap.<\/p>\n\n\n\n<p>\u201eDe ast\u0103zi, dac\u0103 accepta\u021bi, ve\u021bi lucra direct \u00een biroul meu, ca asistent executiv. Salariul va fi dublu. Plus bonusuri de performan\u021b\u0103. \u0218i program flexibil.\u201d<\/p>\n\n\n\n<p>Ana a sim\u021bit c\u0103 nu mai aude bine.<\/p>\n\n\n\n<p>\u201eEu\u2026 nu \u0219tiu ce s\u0103 spun.\u201d<\/p>\n\n\n\n<p>\u201eSpune\u021bi da doar dac\u0103 vre\u021bi. Dar eu nu-mi permit s\u0103 pierd oameni care aleg s\u0103 fac\u0103 ce e corect, chiar \u0219i atunci c\u00e2nd \u00eei cost\u0103.\u201d<\/p>\n\n\n\n<p>Radu privea scena ca \u0219i cum i-ar fi fugit p\u0103m\u00e2ntul de sub picioare.<\/p>\n\n\n\n<p>\u201eC\u00e2t despre conducerea departamentului\u201d, a continuat Victor, \u201evom face o analiz\u0103 serioas\u0103.\u201d<\/p>\n\n\n\n<p>Era clar ce \u00eenseamn\u0103 asta.<\/p>\n\n\n\n<p>Ana a inspirat ad\u00e2nc.<\/p>\n\n\n\n<p>\u201eAccept.\u201d<\/p>\n\n\n\n<p>Pentru prima dat\u0103 \u00een ultimele 24 de ore, a sim\u021bit c\u0103 poate respira.<\/p>\n\n\n\n<p>\u00cen aceea\u0219i sear\u0103, c\u00e2nd i-a spus lui Vlad, b\u0103iatul a s\u0103rit \u00een sus de bucurie.<\/p>\n\n\n\n<p>\u201e\u021ai-am zis eu! Ajutatul oamenilor e mai important!\u201d<\/p>\n\n\n\n<p>Ana l-a str\u00e2ns la piept.<\/p>\n\n\n\n<p>Nu era doar despre salariu.<\/p>\n\n\n\n<p>Era despre demnitate.<\/p>\n\n\n\n<p>Despre faptul c\u0103, uneori, c\u00e2nd alegi s\u0103 fii om \u00eenainte de toate, via\u021ba g\u0103se\u0219te o cale s\u0103 te r\u0103spl\u0103teasc\u0103.<\/p>\n\n\n\n<p>Iar \u00een diminea\u021ba aceea rece, pe o strad\u0103 obi\u0219nuit\u0103 din Bucure\u0219ti, o mam\u0103 singur\u0103 nu pierduse un job.<\/p>\n\n\n\n<p>\u00ce\u0219i c\u00e2\u0219tigase viitorul.<\/p>\n\n\n\n<p><em>Aceast\u0103 lucrare este inspirat\u0103 din evenimente \u0219i persoane reale, \u00eens\u0103 a fost fic\u021bionalizat\u0103 \u00een scopuri creative. Numele, personajele \u0219i detaliile au fost schimbate pentru a proteja intimitatea \u0219i pentru a \u00eembun\u0103t\u0103\u021bi nara\u021biunea. Orice asem\u0103nare cu persoane reale, \u00een via\u021b\u0103 sau decedate, sau cu evenimente reale este pur \u00eent\u00e2mpl\u0103toare \u0219i nu este inten\u021bionat\u0103 de c\u0103tre autor.<\/em><\/p>\n\n\n\n<p><em>Autorul \u0219i editorul nu \u00ee\u0219i asum\u0103 responsabilitatea pentru exactitatea evenimentelor sau pentru modul \u00een care sunt portretizate personajele \u0219i nu sunt r\u0103spunz\u0103tori pentru eventuale interpret\u0103ri gre\u0219ite. Aceast\u0103 poveste este oferit\u0103 \u201eca atare\u201d, iar orice opinii exprimate apar\u021bin personajelor \u0219i nu reflect\u0103 punctele de vedere ale autorului sau ale editorului.<\/em><\/p>\n\n\n\n<p><a href=\"https:\/\/www.pinterest.com\/pin\/create\/button\/?url=https%3A%2F%2Fbumzi.ro%2F%3Fp%3D20659&amp;description=O+mam%C4%83+singur%C4%83+a+fost+concediat%C4%83+pentru+c%C4%83+a+%C3%AEnt%C3%A2rziat+dup%C4%83+ce+a+ajutat+un+b%C4%83rbat+r%C4%83nit\" target=\"_blank\" rel=\"noreferrer noopener\"><\/a><\/p>\n\n\n\n<p><a href=\"https:\/\/www.facebook.com\/sharer\/sharer.php?u=https%3A%2F%2Fbumzi.ro%2F%3Fp%3D20659\" target=\"_blank\" rel=\"noreferrer noopener\"><\/a><\/p>\n\n\n\n<p><a href=\"https:\/\/twitter.com\/intent\/tweet?url=https%3A%2F%2Fbumzi.ro%2F%3Fp%3D20659&amp;text=O+mam%C4%83+singur%C4%83+a+fost+concediat%C4%83+pentru+c%C4%83+a+%C3%AEnt%C3%A2rziat+dup%C4%83+ce+a+ajutat+un+b%C4%83rbat+r%C4%83nit\" target=\"_blank\" rel=\"noreferrer noopener\"><\/a><a href=\"https:\/\/bumzi.ro\/?p=20656\"><\/a><\/p>\n","protected":false},"excerpt":{"rendered":"<p>Ana a \u00eenghi\u021bit \u00een sec. \u201eDa, domnule Dumitrescu.\u201d \u201eVictor\u201d, a corectat el din nou, privindu-o atent. \u201e\u0218i din ce motiv?\u201d \u201ePentru c\u0103 am \u00eent\u00e2rziat. Pentru<\/p>\n","protected":false},"author":1,"featured_media":45981,"comment_status":"closed","ping_status":"closed","sticky":false,"template":"","format":"standard","meta":[],"categories":[1],"tags":[],"_links":{"self":[{"href":"https:\/\/calatorinromania.com\/index.php?rest_route=\/wp\/v2\/posts\/46420"}],"collection":[{"href":"https:\/\/calatorinromania.com\/index.php?rest_route=\/wp\/v2\/posts"}],"about":[{"href":"https:\/\/calatorinromania.com\/index.php?rest_route=\/wp\/v2\/types\/post"}],"author":[{"embeddable":true,"href":"https:\/\/calatorinromania.com\/index.php?rest_route=\/wp\/v2\/users\/1"}],"replies":[{"embeddable":true,"href":"https:\/\/calatorinromania.com\/index.php?rest_route=%2Fwp%2Fv2%2Fcomments&post=46420"}],"version-history":[{"count":1,"href":"https:\/\/calatorinromania.com\/index.php?rest_route=\/wp\/v2\/posts\/46420\/revisions"}],"predecessor-version":[{"id":46421,"href":"https:\/\/calatorinromania.com\/index.php?rest_route=\/wp\/v2\/posts\/46420\/revisions\/46421"}],"wp:featuredmedia":[{"embeddable":true,"href":"https:\/\/calatorinromania.com\/index.php?rest_route=\/wp\/v2\/media\/45981"}],"wp:attachment":[{"href":"https:\/\/calatorinromania.com\/index.php?rest_route=%2Fwp%2Fv2%2Fmedia&parent=46420"}],"wp:term":[{"taxonomy":"category","embeddable":true,"href":"https:\/\/calatorinromania.com\/index.php?rest_route=%2Fwp%2Fv2%2Fcategories&post=46420"},{"taxonomy":"post_tag","embeddable":true,"href":"https:\/\/calatorinromania.com\/index.php?rest_route=%2Fwp%2Fv2%2Ftags&post=46420"}],"curies":[{"name":"wp","href":"https:\/\/api.w.org\/{rel}","templated":true}]}}