{"id":46418,"date":"2026-03-05T09:17:34","date_gmt":"2026-03-05T09:17:34","guid":{"rendered":"https:\/\/calatorinromania.com\/?p=46418"},"modified":"2026-03-05T09:17:34","modified_gmt":"2026-03-05T09:17:34","slug":"m-am-intors-acasa-pe-furis-in-pauza-de-pranz-ca-sa-vad-ce-face-sotul-meu-bolnav","status":"publish","type":"post","link":"https:\/\/calatorinromania.com\/?p=46418","title":{"rendered":"M-am \u00eentors acas\u0103 pe furi\u0219 \u00een pauza de pr\u00e2nz ca s\u0103 v\u0103d ce face so\u021bul meu \u201ebolnav\u201d"},"content":{"rendered":"\n<p>Am r\u0103mas nemi\u0219cat\u0103.<\/p>\n\n\n\n<p><\/p>\n\n\n\n<p>Respiram greu, dar f\u0103r\u0103 zgomot.<\/p>\n\n\n\n<p><\/p>\n\n\n\n<p>U\u0219a de la sufragerie a sc\u00e2r\u021b\u00e2it u\u0219or. Pa\u0219ii lui s-au apropiat de hol.<\/p>\n\n\n\n<p><\/p>\n\n\n\n<p>Am ie\u0219it din umbr\u0103 exact c\u00e2nd el a pus telefonul jos.<\/p>\n\n\n\n<p><\/p>\n\n\n\n<p>Ne-am privit.<\/p>\n\n\n\n<p><\/p>\n\n\n\n<p>Pentru o secund\u0103, pe chipul lui a ap\u0103rut ceva ce nu mai v\u0103zusem niciodat\u0103: fric\u0103.<\/p>\n\n\n\n<p><\/p>\n\n\n\n<p>\u2014 Ai venit acas\u0103? \u2014 a spus, prea repede. \u2014 M\u0103 simt pu\u021bin mai bine.<\/p>\n\n\n\n<p><\/p>\n\n\n\n<p>Am ridicat punga cu ciorb\u0103.<\/p>\n\n\n\n<p><\/p>\n\n\n\n<p>\u2014 Se vede.<\/p>\n\n\n\n<p><\/p>\n\n\n\n<p>A clipit. A \u00eencercat s\u0103 z\u00e2mbeasc\u0103.<\/p>\n\n\n\n<p><\/p>\n\n\n\n<p>\u2014 Am vorbit cu un coleg. Despre ni\u0219te acte.<\/p>\n\n\n\n<p><\/p>\n\n\n\n<p>\u2014 Ce acte, Radu?<\/p>\n\n\n\n<p><\/p>\n\n\n\n<p>A t\u0103cut.<\/p>\n\n\n\n<p>M-am apropiat un pas.<\/p>\n\n\n\n<p>\u2014 Ce contract? Ce cont? Ce bani ai transferat?<\/p>\n\n\n\n<p>Maxilarul i s-a \u00eencordat.<\/p>\n\n\n\n<p>\u2014 Nu e ce crezi.<\/p>\n\n\n\n<p>\u2014 Atunci spune-mi ce este.<\/p>\n\n\n\n<p>A oftat ad\u00e2nc \u0219i s-a a\u0219ezat pe marginea canapelei. Nu mai p\u0103rea bolnav. P\u0103rea prins.<\/p>\n\n\n\n<p>\u2014 Am vrut s\u0103-\u021bi fac o surpriz\u0103 \u2014 a spus \u00eentr-un final.<\/p>\n\n\n\n<p>Am sim\u021bit cum mi se ridic\u0103 furia \u00een piept.<\/p>\n\n\n\n<p>\u2014 O surpriz\u0103? Cu alt\u0103 femeie la telefon?<\/p>\n\n\n\n<p>\u2014 E notarul.<\/p>\n\n\n\n<p>Am r\u00e2s scurt, amar.<\/p>\n\n\n\n<p>\u2014 Notarul t\u0103u are voce de femeie \u0219i \u00ee\u021bi cere promisiuni?<\/p>\n\n\n\n<p>\u2014 E avocata \u2014 a spus ap\u0103sat. \u2014 \u0218i da, e femeie.<\/p>\n\n\n\n<p>T\u0103cere.<\/p>\n\n\n\n<p>\u2014 Ce avocat\u0103, Radu?<\/p>\n\n\n\n<p>M-a privit drept \u00een ochi.<\/p>\n\n\n\n<p>\u2014 Pentru casa de la \u021bar\u0103.<\/p>\n\n\n\n<p>Am \u00eencremenit.<\/p>\n\n\n\n<p>Casa de la \u021bar\u0103?<\/p>\n\n\n\n<p>\u2014 Ce cas\u0103?<\/p>\n\n\n\n<p>A \u00eenghi\u021bit \u00een sec.<\/p>\n\n\n\n<p>\u2014 Casa bunicilor mei din Arge\u0219. Am reu\u0219it s\u0103 o r\u0103scump\u0103r.<\/p>\n\n\n\n<p>Nu \u00een\u021belegeam.<\/p>\n\n\n\n<p>\u2014 A fost scoas\u0103 la v\u00e2nzare. Am aflat acum o lun\u0103. Dac\u0103 nu o luam eu, o cump\u0103ra un dezvoltator \u0219i o d\u0103r\u00e2ma. Am vrut\u2026 am vrut s\u0103 \u021bi-o dau \u021bie.<\/p>\n\n\n\n<p>Camera p\u0103rea c\u0103 se \u00eenv\u00e2rte.<\/p>\n\n\n\n<p>\u2014 S\u0103 mi-o dai mie?<\/p>\n\n\n\n<p>\u2014 \u0218tiu c\u00e2t ai iubit locul \u0103la. \u0218tiu cum vorbeai despre gr\u0103dina cu meri. Despre prispa unde st\u0103teai cu bunica. Am vrut s\u0103 o refac. Pentru noi.<\/p>\n\n\n\n<p>M-am a\u0219ezat \u00eencet.<\/p>\n\n\n\n<p>\u2014 \u0218i banii?<\/p>\n\n\n\n<p>\u2014 Am folosit economiile mele. \u0218i am f\u0103cut un credit pe numele meu. De-aia \u021bi-am spus c\u0103 st\u0103m prost. Trebuia s\u0103 str\u00e2ng diferen\u021ba. Transferul era avansul.<\/p>\n\n\n\n<p>Respira\u021bia mi s-a mai domolit.<\/p>\n\n\n\n<p>\u2014 \u0218i vineri?<\/p>\n\n\n\n<p>Pentru prima dat\u0103, a z\u00e2mbit sincer.<\/p>\n\n\n\n<p>\u2014 Vineri semn\u0103m actele finale. Voiam s\u0103 te duc acolo \u00een weekend. S\u0103 vezi c\u0103 e din nou a noastr\u0103.<\/p>\n\n\n\n<p>Am sim\u021bit cum \u00eemi ard ochii.<\/p>\n\n\n\n<p>\u2014 \u0218i de ce teatrul cu boala?<\/p>\n\n\n\n<p>A l\u0103sat privirea \u00een jos.<\/p>\n\n\n\n<p>\u2014 Pentru c\u0103 alergam \u00eentre banc\u0103, notar \u0219i muncitori. Dac\u0103 \u00ee\u021bi spuneam, \u00eencepeai s\u0103 pui \u00eentreb\u0103ri. \u0218i nu \u0219tiu s\u0103 mint bine\u2026 a\u0219a c\u0103 am preferat s\u0103 stau \u201ebolnav\u201d acas\u0103.<\/p>\n\n\n\n<p>L-am privit lung.<\/p>\n\n\n\n<p>Furia \u00eenc\u0103 p\u00e2lp\u00e2ia. Dar, undeva sub ea, se strecura altceva.<\/p>\n\n\n\n<p>Casa cu meri.<\/p>\n\n\n\n<p>Prispa.<\/p>\n\n\n\n<p>Vara.<\/p>\n\n\n\n<p>\u2014 M-ai speriat \u00eengrozitor \u2014 am \u0219optit.<\/p>\n\n\n\n<p>S-a ridicat \u0219i s-a apropiat.<\/p>\n\n\n\n<p>\u2014 \u0218tiu. \u0218i \u00eemi pare r\u0103u. Dar am vrut s\u0103 fie ceva al nostru. Ceva bun.<\/p>\n\n\n\n<p>Am \u00eenchis ochii o clip\u0103.<\/p>\n\n\n\n<p>Uneori, adev\u0103rul doare pentru c\u0103 \u00eel construie\u0219ti singur \u00een mintea ta.<\/p>\n\n\n\n<p>C\u00e2nd i-am deschis, l-am v\u0103zut altfel.<\/p>\n\n\n\n<p>Nu era un b\u0103rbat care pleca.<\/p>\n\n\n\n<p>Era un b\u0103rbat care \u00eencerca, st\u00e2ngaci, s\u0103 r\u0103m\u00e2n\u0103.<\/p>\n\n\n\n<p>\u2014 Data viitoare \u2014 am spus \u00eencet \u2014 f\u0103r\u0103 surprize de genul \u0103sta.<\/p>\n\n\n\n<p>A r\u00e2s u\u0219or.<\/p>\n\n\n\n<p>\u2014 Promit.<\/p>\n\n\n\n<p>Vineri am mers \u00eempreun\u0103 s\u0103 semn\u0103m.<\/p>\n\n\n\n<p>Iar duminic\u0103 am stat pe prispa casei din Arge\u0219, cu o can\u0103 de cafea \u00een m\u00e2n\u0103, privind meri usca\u021bi care a\u0219teptau prim\u0103vara.<\/p>\n\n\n\n<p>\u0218i pentru prima dat\u0103 dup\u0103 mult timp, casa noastr\u0103 nu mai p\u0103rea doar lini\u0219tit\u0103.<\/p>\n\n\n\n<p>P\u0103rea \u00eentreag\u0103.<\/p>\n\n\n\n<p><em>Aceast\u0103 lucrare este inspirat\u0103 din evenimente \u0219i persoane reale, \u00eens\u0103 a fost fic\u021bionalizat\u0103 \u00een scopuri creative. Numele, personajele \u0219i detaliile au fost schimbate pentru a proteja intimitatea \u0219i pentru a \u00eembun\u0103t\u0103\u021bi nara\u021biunea. Orice asem\u0103nare cu persoane reale, \u00een via\u021b\u0103 sau decedate, sau cu evenimente reale este pur \u00eent\u00e2mpl\u0103toare \u0219i nu este inten\u021bionat\u0103 de c\u0103tre autor.<\/em><\/p>\n\n\n\n<p><em>Autorul \u0219i editorul nu \u00ee\u0219i asum\u0103 responsabilitatea pentru exactitatea evenimentelor sau pentru modul \u00een care sunt portretizate personajele \u0219i nu sunt r\u0103spunz\u0103tori pentru eventuale interpret\u0103ri gre\u0219ite. Aceast\u0103 poveste este oferit\u0103 \u201eca atare\u201d, iar orice opinii exprimate apar\u021bin personajelor \u0219i nu reflect\u0103 punctele de vedere ale autorului sau ale editorului.<\/em><\/p>\n","protected":false},"excerpt":{"rendered":"<p>Am r\u0103mas nemi\u0219cat\u0103. Respiram greu, dar f\u0103r\u0103 zgomot. U\u0219a de la sufragerie a sc\u00e2r\u021b\u00e2it u\u0219or. Pa\u0219ii lui s-au apropiat de hol. Am ie\u0219it din umbr\u0103<\/p>\n","protected":false},"author":1,"featured_media":45981,"comment_status":"closed","ping_status":"closed","sticky":false,"template":"","format":"standard","meta":[],"categories":[1],"tags":[],"_links":{"self":[{"href":"https:\/\/calatorinromania.com\/index.php?rest_route=\/wp\/v2\/posts\/46418"}],"collection":[{"href":"https:\/\/calatorinromania.com\/index.php?rest_route=\/wp\/v2\/posts"}],"about":[{"href":"https:\/\/calatorinromania.com\/index.php?rest_route=\/wp\/v2\/types\/post"}],"author":[{"embeddable":true,"href":"https:\/\/calatorinromania.com\/index.php?rest_route=\/wp\/v2\/users\/1"}],"replies":[{"embeddable":true,"href":"https:\/\/calatorinromania.com\/index.php?rest_route=%2Fwp%2Fv2%2Fcomments&post=46418"}],"version-history":[{"count":1,"href":"https:\/\/calatorinromania.com\/index.php?rest_route=\/wp\/v2\/posts\/46418\/revisions"}],"predecessor-version":[{"id":46419,"href":"https:\/\/calatorinromania.com\/index.php?rest_route=\/wp\/v2\/posts\/46418\/revisions\/46419"}],"wp:featuredmedia":[{"embeddable":true,"href":"https:\/\/calatorinromania.com\/index.php?rest_route=\/wp\/v2\/media\/45981"}],"wp:attachment":[{"href":"https:\/\/calatorinromania.com\/index.php?rest_route=%2Fwp%2Fv2%2Fmedia&parent=46418"}],"wp:term":[{"taxonomy":"category","embeddable":true,"href":"https:\/\/calatorinromania.com\/index.php?rest_route=%2Fwp%2Fv2%2Fcategories&post=46418"},{"taxonomy":"post_tag","embeddable":true,"href":"https:\/\/calatorinromania.com\/index.php?rest_route=%2Fwp%2Fv2%2Ftags&post=46418"}],"curies":[{"name":"wp","href":"https:\/\/api.w.org\/{rel}","templated":true}]}}