{"id":46416,"date":"2026-03-05T09:06:43","date_gmt":"2026-03-05T09:06:43","guid":{"rendered":"https:\/\/calatorinromania.com\/?p=46416"},"modified":"2026-03-05T09:06:44","modified_gmt":"2026-03-05T09:06:44","slug":"continuarea-povestii-9","status":"publish","type":"post","link":"https:\/\/calatorinromania.com\/?p=46416","title":{"rendered":"Continuarea pove\u0219tii"},"content":{"rendered":"\n<p>Elena a ridicat din umeri atunci, ca \u0219i cum ar fi fost vorba despre ceva m\u0103runt.<\/p>\n\n\n\n<p><\/p>\n\n\n\n<p>\u2014 M\u0103 descurc eu, mam\u0103. O s\u0103 r\u0103m\u00e2n \u00een cas\u0103. Oricum tu trimi\u021bi bani, \u2014 mi-a spus f\u0103r\u0103 ezitare.<\/p>\n\n\n\n<p><\/p>\n\n\n\n<p>Cuvintele ei m-au lovit mai tare dec\u00e2t vestea divor\u021bului. \u00cen acel moment am \u00een\u021beles c\u0103 pentru ea ajutorul meu devenise ceva firesc, aproape obligatoriu. Nu m-a \u00eentrebat cum sunt, dac\u0103 sunt obosit\u0103, dac\u0103 \u00eemi este greu singur\u0103 printre str\u0103ini. Pentru ea eram doar o surs\u0103 de bani.<\/p>\n\n\n\n<p><\/p>\n\n\n\n<p>Totu\u0219i, am continuat s\u0103 o ajut. Am m\u0103rit chiar \u0219i sumele trimise, g\u00e2ndindu-m\u0103 c\u0103 divor\u021bul e o perioad\u0103 grea. \u00centre timp, anii au trecut. Eu am \u00eemb\u0103tr\u00e2nit, iar munca \u00een str\u0103in\u0103tate nu mai era la fel de u\u0219oar\u0103. Spatele m\u0103 durea, m\u00e2inile \u00eemi tremurau de oboseal\u0103, dar nu spuneam nimic.<\/p>\n\n\n\n<p><\/p>\n\n\n\n<p>\u00centr-o zi, firma la care lucram s-a \u00eenchis. Am r\u0103mas f\u0103r\u0103 serviciu. La v\u00e2rsta mea, nu mai era simplu s\u0103 g\u0103sesc alt loc de munc\u0103. Economiile mele nu erau at\u00e2t de mari pe c\u00e2t credeam \u2014 trimisesem aproape totul acas\u0103 de-a lungul anilor.<\/p>\n\n\n\n<p><\/p>\n\n\n\n<p>Atunci am decis s\u0103 m\u0103 \u00eentorc definitiv. Am sunat-o pe Elena prima.<\/p>\n\n\n\n<p>\u2014 Mam\u0103, eu acum am planurile mele. Nu pot s\u0103 te iau la mine. Casa e pe numele meu, \u0219tii bine. \u0218i oricum, am nevoie de spa\u021biu, \u2014 mi-a spus ea rece.<\/p>\n\n\n\n<p>Am r\u0103mas f\u0103r\u0103 cuvinte. Casa pe care o renovasem cu banii mei, casa \u00een care crescuser\u0103 copiii mei, devenise \u201ecasa ei\u201d.<\/p>\n\n\n\n<p>L-am sunat pe Andrei abia dup\u0103 c\u00e2teva zile. Mi-a r\u0103spuns calm.<\/p>\n\n\n\n<p>\u2014 Vino, mam\u0103. G\u0103sim noi o solu\u021bie, \u2014 a spus simplu.<\/p>\n\n\n\n<p>Nu m-a \u00eentrebat de ce nu m-am dus la Elena. Nu mi-a repro\u0219at nimic atunci. Doar mi-a spus s\u0103 vin.<\/p>\n\n\n\n<p>\u0218i totu\u0219i, c\u00e2nd am ajuns la u\u0219a lui, m-a \u00eent\u00e2mpinat cu acea r\u0103ceal\u0103. \u00cen ochii lui se adunaser\u0103 ani de t\u0103cere, ani \u00een care sim\u021bise c\u0103 nu conteaz\u0103 pentru mine.<\/p>\n\n\n\n<p>\u00cen seara aceea, dup\u0103 ce m-am a\u0219ezat la mas\u0103 cu el \u0219i cu Ioana, am decis s\u0103 spun adev\u0103rul.<\/p>\n\n\n\n<p>\u2014 Am gre\u0219it, Andrei, \u2014 am spus \u00eencet. \u2014 Am crezut c\u0103 tu e\u0219ti puternic \u0219i c\u0103 nu ai nevoie de mine. Dar asta nu \u00eenseamn\u0103 c\u0103 nu trebuia s\u0103 fiu l\u00e2ng\u0103 tine.<\/p>\n\n\n\n<p>El a r\u0103mas t\u0103cut mult timp. Ioana ne privea pe am\u00e2ndoi, f\u0103r\u0103 s\u0103 intervin\u0103.<\/p>\n\n\n\n<p>\u2014 \u0218tii ce a durut cel mai tare, mam\u0103? \u2014 a spus el \u00een cele din urm\u0103. \u2014 Nu banii. Ci faptul c\u0103 niciodat\u0103 nu m-ai \u00eentrebat dac\u0103 am nevoie de ajutor. Niciodat\u0103 nu m-ai ales pe mine.<\/p>\n\n\n\n<p>Cuvintele lui mi-au sf\u00e2\u0219iat inima. Pentru prima dat\u0103 am v\u0103zut c\u00e2t de mult suferise \u00een t\u0103cere.<\/p>\n\n\n\n<p>\u2014 \u00cemi pare r\u0103u, fiule, \u2014 am \u0219optit. \u2014 Nu pot schimba trecutul, dar pot s\u0103 \u00eencerc s\u0103 fiu o mam\u0103 mai bun\u0103 de acum \u00eenainte.<\/p>\n\n\n\n<p>Ioana a pus m\u00e2na pe bra\u021bul lui Andrei.<\/p>\n\n\n\n<p>\u2014 To\u021bi gre\u0219im. Important este ce facem de acum, \u2014 a spus ea bl\u00e2nd.<\/p>\n\n\n\n<p>\u00cen urm\u0103toarele s\u0103pt\u0103m\u00e2ni am \u00eenceput s\u0103 ajut \u00een cas\u0103, s\u0103 g\u0103tesc, s\u0103 am grij\u0103 de nepo\u021bi. Nu aveam mul\u021bi bani, dar aveam timp \u0219i dorin\u021b\u0103. \u00cencet, atmosfera dintre mine \u0219i Andrei s-a schimbat. Nu a fost u\u0219or. \u00cencrederea nu se reconstruie\u0219te peste noapte.<\/p>\n\n\n\n<p>Elena m-a sunat dup\u0103 o vreme, c\u00e2nd a aflat c\u0103 m-am mutat la fratele ei.<\/p>\n\n\n\n<p>\u2014 Deci la el ai g\u0103sit loc? \u2014 a spus cu un ton ironic.<\/p>\n\n\n\n<p>\u2014 Nu, Elena. Am g\u0103sit familie, \u2014 i-am r\u0103spuns calm.<\/p>\n\n\n\n<p>A urmat o t\u0103cere lung\u0103.<\/p>\n\n\n\n<p>\u2014 Credeam c\u0103 tu e\u0219ti mereu de partea mea, \u2014 a murmurat ea.<\/p>\n\n\n\n<p>\u2014 Am fost, prea mult timp. Dar a fi mam\u0103 nu \u00eenseamn\u0103 s\u0103 alegi un copil \u0219i s\u0103-l ignori pe cel\u0103lalt. Am \u00eenv\u0103\u021bat asta t\u00e2rziu.<\/p>\n\n\n\n<p>Nu \u0219tiu dac\u0103 m-a \u00een\u021beles atunci. Poate c\u0103 via\u021ba o va \u00eenv\u0103\u021ba \u0219i pe ea, a\u0219a cum m-a \u00eenv\u0103\u021bat pe mine.<\/p>\n\n\n\n<p>Ast\u0103zi locuiesc cu Andrei \u0219i Ioana. Contribui c\u00e2t pot, din pu\u021binul pe care \u00eel primesc ca pensie. Nu este o via\u021b\u0103 luxoas\u0103, dar este o via\u021b\u0103 lini\u0219tit\u0103.<\/p>\n\n\n\n<p>Rela\u021bia mea cu fiul meu nu mai este rece. Nu este nici perfect\u0103. Dar este sincer\u0103. Vorbim, ne ascult\u0103m, ne cerem iertare c\u00e2nd gre\u0219im.<\/p>\n\n\n\n<p>Uneori, seara, m\u0103 g\u00e2ndesc la anii pierdu\u021bi. La momentele \u00een care a\u0219 fi putut fi mai atent\u0103, mai echilibrat\u0103, mai dreapt\u0103. Dar nu m\u0103 mai las cople\u0219it\u0103 de regrete.<\/p>\n\n\n\n<p>Am \u00eenv\u0103\u021bat c\u0103 dragostea nu se m\u0103soar\u0103 \u00een bani trimi\u0219i, ci \u00een prezen\u021b\u0103, \u00een sprijin, \u00een echilibru.<\/p>\n\n\n\n<p>\u0218i dac\u0103 via\u021ba mi-a mai oferit o \u0219ans\u0103, atunci vreau s\u0103 o folosesc pentru a fi nu doar o mam\u0103 care trimite bani, ci o mam\u0103 care r\u0103m\u00e2ne.<\/p>\n\n\n\n<p><\/p>\n\n\n\n<p><\/p>\n\n\n\n<p>Aceast\u0103 lucrare este inspirat\u0103 din evenimente \u0219i persoane reale, \u00eens\u0103 a fost fic\u021bionalizat\u0103 \u00een scopuri creative. Numele, personajele \u0219i detaliile au fost schimbate pentru a proteja intimitatea \u0219i pentru a \u00eembun\u0103t\u0103\u021bi nara\u021biunea. Orice asem\u0103nare cu persoane reale, \u00een via\u021b\u0103 sau decedate, sau cu evenimente reale este pur \u00eent\u00e2mpl\u0103toare \u0219i nu este inten\u021bionat\u0103 de c\u0103tre autor.<\/p>\n\n\n\n<p>Autorul \u0219i editorul nu \u00ee\u0219i asum\u0103 responsabilitatea pentru exactitatea evenimentelor sau pentru modul \u00een care sunt portretizate personajele \u0219i nu sunt r\u0103spunz\u0103tori pentru eventuale interpret\u0103ri gre\u0219ite. Aceast\u0103 poveste este oferit\u0103 \u201eca atare\u201d, iar orice opinii exprimate apar\u021bin personajelor \u0219i nu reflect\u0103 punctele de vedere ale autorului sau ale editorului.<\/p>\n\n\n\n<p><\/p>\n","protected":false},"excerpt":{"rendered":"<p>Elena a ridicat din umeri atunci, ca \u0219i cum ar fi fost vorba despre ceva m\u0103runt. \u2014 M\u0103 descurc eu, mam\u0103. O s\u0103 r\u0103m\u00e2n \u00een<\/p>\n","protected":false},"author":1,"featured_media":45981,"comment_status":"closed","ping_status":"closed","sticky":false,"template":"","format":"standard","meta":[],"categories":[1],"tags":[],"_links":{"self":[{"href":"https:\/\/calatorinromania.com\/index.php?rest_route=\/wp\/v2\/posts\/46416"}],"collection":[{"href":"https:\/\/calatorinromania.com\/index.php?rest_route=\/wp\/v2\/posts"}],"about":[{"href":"https:\/\/calatorinromania.com\/index.php?rest_route=\/wp\/v2\/types\/post"}],"author":[{"embeddable":true,"href":"https:\/\/calatorinromania.com\/index.php?rest_route=\/wp\/v2\/users\/1"}],"replies":[{"embeddable":true,"href":"https:\/\/calatorinromania.com\/index.php?rest_route=%2Fwp%2Fv2%2Fcomments&post=46416"}],"version-history":[{"count":1,"href":"https:\/\/calatorinromania.com\/index.php?rest_route=\/wp\/v2\/posts\/46416\/revisions"}],"predecessor-version":[{"id":46417,"href":"https:\/\/calatorinromania.com\/index.php?rest_route=\/wp\/v2\/posts\/46416\/revisions\/46417"}],"wp:featuredmedia":[{"embeddable":true,"href":"https:\/\/calatorinromania.com\/index.php?rest_route=\/wp\/v2\/media\/45981"}],"wp:attachment":[{"href":"https:\/\/calatorinromania.com\/index.php?rest_route=%2Fwp%2Fv2%2Fmedia&parent=46416"}],"wp:term":[{"taxonomy":"category","embeddable":true,"href":"https:\/\/calatorinromania.com\/index.php?rest_route=%2Fwp%2Fv2%2Fcategories&post=46416"},{"taxonomy":"post_tag","embeddable":true,"href":"https:\/\/calatorinromania.com\/index.php?rest_route=%2Fwp%2Fv2%2Ftags&post=46416"}],"curies":[{"name":"wp","href":"https:\/\/api.w.org\/{rel}","templated":true}]}}