{"id":46414,"date":"2026-03-05T08:53:00","date_gmt":"2026-03-05T08:53:00","guid":{"rendered":"https:\/\/calatorinromania.com\/?p=46414"},"modified":"2026-03-05T08:53:01","modified_gmt":"2026-03-05T08:53:01","slug":"nimeni-nu-a-indraznit-sa-danseze-cu-ducele-nevazator-pana-cand-ea-i-a-luat-mana","status":"publish","type":"post","link":"https:\/\/calatorinromania.com\/?p=46414","title":{"rendered":"<br>Nimeni nu a \u00eendr\u0103znit s\u0103 danseze cu ducele nev\u0103z\u0103tor\u2026 p\u00e2n\u0103 c\u00e2nd ea i-a luat m\u00e2na"},"content":{"rendered":"\n<p><\/p>\n\n\n\n<p><\/p>\n\n\n\n<p>\u00cen acea sear\u0103, palatul de iarn\u0103 al familiei Luhan str\u0103lucea ca \u0219i cum lumina ar fi fost mai important\u0103 dec\u00e2t oamenii. Candelabrele ardeau \u00een aur deplin, reflect\u00e2ndu-se \u00een pardoseala de marmur\u0103 \u0219i \u00een oglinzi, iar p\u0103rea c\u0103 p\u00e2n\u0103 \u0219i umbrele existau acolo doar cu permisiunea societ\u0103\u021bii. Muzica curgea lin \u0219i sigur, ca \u0219i cum ar fi \u0219tiut c\u0103 va fi ascultat\u0103. R\u00e2sul era \u0219lefuit, privirile cump\u0103tate, mi\u0219c\u0103rile exersate dinainte.<\/p>\n\n\n\n<p><\/p>\n\n\n\n<p>Aici se \u0219tia s\u0103 fii irepro\u0219abil.<br>\u0218i mai ales \u2014 se \u0219tia s\u0103 nu observi.<\/p>\n\n\n\n<p><\/p>\n\n\n\n<p>Tr\u0103surile soseau una dup\u0103 alta la scara principal\u0103. Doamnele coborau \u021bin\u00e2ndu-\u0219i rochiile, cavalerii le ofereau m\u00e2na, servitorii deschideau u\u0219ile, iar \u00eentregul mecanism str\u0103lucitor func\u021biona f\u0103r\u0103 gre\u0219. Fiecare \u00ee\u0219i cuno\u0219tea locul. Fiecare \u0219tia pe cine trebuie s\u0103 salute \u0219i pe l\u00e2ng\u0103 cine s\u0103 treac\u0103 p\u0103str\u00e2nd o expresie politicoas\u0103.<\/p>\n\n\n\n<p><\/p>\n\n\n\n<p>Emilia Robles a intrat \u00een sal\u0103 aproape neobservat\u0103. Rochia ei, de culoarea cerului albastru, nu era nou\u0103 \u2014 un ochi atent ar fi remarcat urmele modific\u0103rilor, cus\u0103turile \u00eengrijite, o linie u\u0219or diferit\u0103 a taliei. Nu fusese cusut\u0103 de o modist\u0103 din capital\u0103, ci de m\u00e2inile mamei \u2014 r\u0103bd\u0103toare \u0219i obosite. Totu\u0219i, \u00een mi\u0219c\u0103rile Emiliei nu era nici grab\u0103, nici dorin\u021ba de a demonstra ceva lumii. St\u0103tea dreapt\u0103 \u0219i lini\u0219tit\u0103, ca \u0219i cum ar fi purtat nu o rochie, ci propria demnitate.<\/p>\n\n\n\n<p><\/p>\n\n\n\n<p>\u2014 Aminte\u0219te-\u021bi \u2014 i-a spus \u00eencet do\u00f1a Soledad, str\u00e2ng\u00e2ndu-i m\u00e2na \u00eenainte de a intra \u2014 nu trebuie s\u0103 uime\u0219ti pe nimeni. Fii pur \u0219i simplu tu \u00eens\u0103\u021bi. Este suficient.<\/p>\n\n\n\n<p><\/p>\n\n\n\n<p>Emilia a \u00eencuviin\u021bat. \u0218tia c\u0103 pentru aceast\u0103 sal\u0103 \u201esuficient\u201d era un cuv\u00e2nt rar. T\u00e2n\u0103r\u0103, f\u0103r\u0103 zestre, cu un nume care nu deschidea u\u0219i, era obi\u0219nuit\u0103 s\u0103 fie decorul. Dar \u00een acea sear\u0103 inima i s-a str\u00e2ns nu din cauza ei.<\/p>\n\n\n\n<p><\/p>\n\n\n\n<p>\u00centr-un col\u021b \u00eendep\u0103rtat al s\u0103lii, l\u00e2ng\u0103 o fereastr\u0103 \u00eenalt\u0103, st\u0103tea un b\u0103rbat \u00een jurul c\u0103ruia era prea mult spa\u021biu. Don \u00c1lvaro de Valc\u00e1rcel, un duce al c\u0103rui nume \u00eel \u0219tia toat\u0103 lumea. \u021ainuta lui era impecabil\u0103: frac \u00eenchis la culoare, vest\u0103 deschis\u0103, postur\u0103 perfect dreapt\u0103. L\u00e2ng\u0103 fotoliu \u2014 bastonul. Ochii lui gri-deschis erau deschi\u0219i\u2026 \u0219i goi.<\/p>\n\n\n\n<p><\/p>\n\n\n\n<p>Nu privea.<br>Asculta.<\/p>\n\n\n\n<p>\u00cen jurul lui nu era nici batjocur\u0103, nici compasiune ostentativ\u0103. Era ceva mai rece \u2014 o evitare atent \u00eentre\u021binut\u0103. Tinerele \u00ee\u0219i schimbau direc\u021bia de \u00eendat\u0103 ce \u00eel observau. B\u0103rba\u021bii \u00ee\u0219i \u00eentorceau privirea, de parc\u0103 s-ar fi temut s\u0103 \u00eencalce o regul\u0103 nerostit\u0103. Nimeni nu se a\u0219eza l\u00e2ng\u0103 el. Nimeni nu \u00eencepea o conversa\u021bie. Nimeni nu \u00eel invita la dans.<\/p>\n\n\n\n<p>\u2014 Se spune c\u0103 a orbit dup\u0103 o boal\u0103 grea \u2014 a \u0219optit o doamn\u0103 \u00een spatele evantaiului.<br>\u2014 Se spune c\u0103 a devenit un om dificil \u2014 i s-a r\u0103spuns. \u2014 Cu el e st\u00e2njenitor.<\/p>\n\n\n\n<p>\u201eSe spune\u201d, g\u00e2ndi Emilia.<br>C\u00e2t de u\u0219or po\u021bi \u00eenchide via\u021ba cuiva \u00een aceste dou\u0103 cuvinte.<\/p>\n\n\n\n<p>Muzica s-a schimbat, a \u00eenceput un vals. Perechile au \u00eenceput s\u0103 se roteasc\u0103, sala s-a umplut de mi\u0219care. Doar ducele a r\u0103mas pe loc \u2014 nemi\u0219cat, ca \u0219i cum nu ar fi fost participant la sear\u0103, ci doar observatorul ei.<\/p>\n\n\n\n<p>C\u00e2nd s-a anun\u021bat c\u0103 doamnele f\u0103r\u0103 partener pot ie\u0219i \u00een mijloc, Emilia a sim\u021bit privirea mamei. Do\u00f1a Soledad nu a spus nimic. A privit doar a\u0219a cum prive\u0219ti atunci c\u00e2nd ai \u00eencredere.<\/p>\n\n\n\n<p>Emilia a tras aer \u00een piept.<br>\u0218i a pornit.<\/p>\n\n\n\n<p>A traversat sala sim\u021bind cum aerul se schimb\u0103. Mai \u00eent\u00e2i curiozitate. Apoi uimire. Apoi o t\u0103cere tensionat\u0103. Muzica continua, dar conversa\u021biile s-au stins. C\u00e2nd Emilia s-a oprit \u00een fa\u021ba ducelui, t\u0103cerea a devenit deplin\u0103.<\/p>\n\n\n\n<p>\u2014 Alte\u021ba Voastr\u0103 \u2014 a spus calm.<\/p>\n\n\n\n<p>El \u0219i-a \u00eentors capul exact spre sunet. Chipul i-a r\u0103mas st\u0103p\u00e2nit, dar \u00een acea mi\u0219care se sim\u021bea vigilen\u021ba unui om obi\u0219nuit s\u0103 fie obiect, nu participant.<\/p>\n\n\n\n<p>\u2014 Bun\u0103 seara \u2014 a r\u0103spuns. \u2014 Ierta\u021bi-m\u0103\u2026 cu cine am onoarea?<\/p>\n\n\n\n<p>\u2014 Emilia Robles.<\/p>\n\n\n\n<p>Nu a ad\u0103ugat titluri. Nu avea.<\/p>\n\n\n\n<p>\u2014 Alte\u021ba Voastr\u0103 \u2014 a continuat ea, \u00eentinz\u00e2nd m\u00e2na \u2014 \u00eemi acorda\u021bi acest vals?<\/p>\n\n\n\n<p>M\u00e2na a r\u0103mas suspendat\u0103 \u00een aer. Evantaiele au \u00eencremenit. Chiar \u0219i orchestra p\u0103rea s\u0103 c\u00e2nte mai \u00eencet.<\/p>\n\n\n\n<p>\u2014 \u00cen\u021belege\u021bi \u2014 a spus ducele \u00eencet \u2014 c\u0103 \u00een acest moment to\u021bi v\u0103 privesc?<\/p>\n\n\n\n<p>\u2014 Da \u2014 a r\u0103spuns Emilia. \u2014 Dar toat\u0103 seara v-au privit pe dumneavoastr\u0103. \u0218i nimeni nu s-a apropiat.<\/p>\n\n\n\n<p>S-a a\u0219ternut o pauz\u0103 scurt\u0103, dar grea. Apoi m\u00e2na lui s-a a\u0219ezat \u00eencet \u00een a ei.<\/p>\n\n\n\n<p>\u2014 Dac\u0103 sunte\u021bi preg\u0103tit\u0103 s\u0103 suporta\u021bi acele priviri \u2014 a spus el \u2014 accept invita\u021bia.<\/p>\n\n\n\n<p>S-a ridicat cu o u\u0219urin\u021b\u0103 nea\u0219teptat\u0103, a \u00eenm\u00e2nat bastonul unui servitor \u0219i s-a \u00eendreptat. Emilia l-a condus spre mijlocul s\u0103lii.<\/p>\n\n\n\n<p>\u2014 V\u0103 rog s\u0103-mi descrie\u021bi spa\u021biul \u2014 a cerut el.<br>\u2014 \u00cen jur \u2014 perechi. La st\u00e2nga \u2014 gol. Parc\u0103 ni s-a f\u0103cut loc.<br>\u2014 \u0218i \u00eenaintea noastr\u0103?<br>\u2014 \u00cenaintea noastr\u0103 \u2014 dumneavoastr\u0103.<\/p>\n\n\n\n<p>A expirat u\u0219or. \u0218i au \u00eenceput s\u0103 se roteasc\u0103.<\/p>\n\n\n\n<p>Dansul lui era sigur \u0219i precis, de parc\u0103 trupul \u00ee\u0219i amintea totul \u00een locul lui. M\u00e2na lui pe talia ei era plin\u0103 de respect, ferm\u0103. Nu se \u00eempiedica. Nu gre\u0219ea pa\u0219ii. \u0218i dac\u0103 cineva ar fi \u00eenchis ochii, nu ar fi ghicit care dintre ei nu vede.<\/p>\n\n\n\n<p>\u0218oaptele au revenit, dar Emilia nu le mai auzea. \u00cel privea doar pe b\u0103rbatul de l\u00e2ng\u0103 ea. Pe omul pe care sala hot\u0103r\u00e2se s\u0103 nu-l vad\u0103.<\/p>\n\n\n\n<p>Dup\u0103 acea sear\u0103 au \u00eenceput s\u0103 se \u00eent\u00e2lneasc\u0103 \u2014 f\u0103r\u0103 zgomot, f\u0103r\u0103 grab\u0103, f\u0103r\u0103 priviri curioase. Mai \u00eent\u00e2i plimb\u0103ri \u00een gr\u0103din\u0103, unde ducele \u00eenv\u0103\u021ba s\u0103 cunoasc\u0103 lumea prin sunete \u0219i mirosuri, iar Emilia \u00eenv\u0103\u021ba s\u0103 rosteasc\u0103 cu voce tare ceea ce purtase \u00een sine. Apoi conversa\u021bii lungi, \u00een care nu trebuia s\u0103 pari mai bun dec\u00e2t e\u0219ti.<\/p>\n\n\n\n<p>El povestea despre via\u021ba dup\u0103 pierderea vederii \u2014 cum oamenii mai \u00eent\u00e2i comp\u0103timesc, apoi obosesc de propria compasiune \u0219i, \u00een cele din urm\u0103, se \u00eentorc cu spatele.<br>Ea \u2014 despre cum este s\u0103 fii \u201einvizibil\u0103\u201d, c\u00e2nd te v\u0103d, dar nu te consider\u0103 important\u0103.<\/p>\n\n\n\n<p>Se cuno\u0219teau \u00eencet. \u0218i tocmai \u00een aceast\u0103 \u00eencetineal\u0103 se n\u0103\u0219tea \u00eencrederea.<\/p>\n\n\n\n<p>\u00centr-o zi, ducele a spus:<\/p>\n\n\n\n<p>\u2014 \u0218tii, Emilia\u2026 ai fost prima persoan\u0103 din mul\u021bi ani care nu mi-a vorbit cu pruden\u021b\u0103. Mi-ai vorbit cu sinceritate.<\/p>\n\n\n\n<p>Ea a z\u00e2mbit.<\/p>\n\n\n\n<p>\u2014 Iar tu e\u0219ti primul care m-a privit ca \u0219i cum a\u0219 \u00eensemna mai mult dec\u00e2t numele meu \u0219i lipsa zestrei.<\/p>\n\n\n\n<p>El \u0219i-a \u00eentins m\u00e2na \u2014 nu ca duce, nu ca om care are nevoie de ajutor, ci ca b\u0103rbat. Emilia \u0219i-a pus m\u00e2na \u00een a lui \u2014 f\u0103r\u0103 team\u0103, f\u0103r\u0103 ezitare.<\/p>\n\n\n\n<p>\u2014 Nu te v\u0103d cu ochii \u2014 a spus \u00eencet. \u2014 Dar \u0219tiu cum e\u0219ti. \u0218i dac\u0103 vei accepta s\u0103 mergi al\u0103turi de mine, \u00ee\u021bi promit: nu vei fi niciodat\u0103 invizibil\u0103.<\/p>\n\n\n\n<p>Emilia nu a r\u0103spuns imediat. A f\u0103cut doar un pas mai aproape.<\/p>\n\n\n\n<p>Uneori dragostea nu \u00eencepe cu declara\u021bii zgomotoase sau cu promisiuni rostite \u00een public.<br>Uneori \u00eencepe cu un gest simplu \u2014 o m\u00e2n\u0103 \u00eentins\u0103,<br>cu capacitatea de a vedea omul acolo unde al\u021bii \u0219i-au \u00eentors privirea.<\/p>\n\n\n\n<p>\u0218i de aceea, \u00een memoria tuturor celor care au fost \u00een acea sear\u0103 \u00een sal\u0103, nu au r\u0103mas rochia, muzica sau titlurile.<br>Ci clipa \u00een care o fat\u0103 s-a apropiat de b\u0103rbatul de la care to\u021bi se \u00eentorseser\u0103 \u2014<br>\u0219i a r\u0103mas.<\/p>\n\n\n\n<p>\u0218i din acea sear\u0103 s-a vorbit altfel:<br>nu despre ducele orb \u0219i nici despre fata s\u0103rac\u0103,<br>ci despre doi oameni care s-au reg\u0103sit unul pe altul,<br>pentru c\u0103 au ales s\u0103 vad\u0103 cu inima.<\/p>\n\n\n\n<p><\/p>\n\n\n\n<p><\/p>\n\n\n\n<p>Aceast\u0103 lucrare este inspirat\u0103 din evenimente \u0219i persoane reale, \u00eens\u0103 a fost fic\u021bionalizat\u0103 \u00een scopuri creative. Numele, personajele \u0219i detaliile au fost schimbate pentru a proteja intimitatea \u0219i pentru a \u00eembun\u0103t\u0103\u021bi nara\u021biunea. Orice asem\u0103nare cu persoane reale, \u00een via\u021b\u0103 sau decedate, sau cu evenimente reale este pur \u00eent\u00e2mpl\u0103toare \u0219i nu este inten\u021bionat\u0103 de c\u0103tre autor.<\/p>\n\n\n\n<p>Autorul \u0219i editorul nu \u00ee\u0219i asum\u0103 responsabilitatea pentru exactitatea evenimentelor sau pentru modul \u00een care sunt portretizate personajele \u0219i nu sunt r\u0103spunz\u0103tori pentru eventuale interpret\u0103ri gre\u0219ite. Aceast\u0103 poveste este oferit\u0103 \u201eca atare\u201d, iar orice opinii exprimate apar\u021bin personajelor \u0219i nu reflect\u0103 punctele de vedere ale autorului sau ale editorului.<\/p>\n\n\n\n<p><\/p>\n","protected":false},"excerpt":{"rendered":"<p>\u00cen acea sear\u0103, palatul de iarn\u0103 al familiei Luhan str\u0103lucea ca \u0219i cum lumina ar fi fost mai important\u0103 dec\u00e2t oamenii. Candelabrele ardeau \u00een aur<\/p>\n","protected":false},"author":1,"featured_media":45981,"comment_status":"closed","ping_status":"closed","sticky":false,"template":"","format":"standard","meta":[],"categories":[1],"tags":[],"_links":{"self":[{"href":"https:\/\/calatorinromania.com\/index.php?rest_route=\/wp\/v2\/posts\/46414"}],"collection":[{"href":"https:\/\/calatorinromania.com\/index.php?rest_route=\/wp\/v2\/posts"}],"about":[{"href":"https:\/\/calatorinromania.com\/index.php?rest_route=\/wp\/v2\/types\/post"}],"author":[{"embeddable":true,"href":"https:\/\/calatorinromania.com\/index.php?rest_route=\/wp\/v2\/users\/1"}],"replies":[{"embeddable":true,"href":"https:\/\/calatorinromania.com\/index.php?rest_route=%2Fwp%2Fv2%2Fcomments&post=46414"}],"version-history":[{"count":1,"href":"https:\/\/calatorinromania.com\/index.php?rest_route=\/wp\/v2\/posts\/46414\/revisions"}],"predecessor-version":[{"id":46415,"href":"https:\/\/calatorinromania.com\/index.php?rest_route=\/wp\/v2\/posts\/46414\/revisions\/46415"}],"wp:featuredmedia":[{"embeddable":true,"href":"https:\/\/calatorinromania.com\/index.php?rest_route=\/wp\/v2\/media\/45981"}],"wp:attachment":[{"href":"https:\/\/calatorinromania.com\/index.php?rest_route=%2Fwp%2Fv2%2Fmedia&parent=46414"}],"wp:term":[{"taxonomy":"category","embeddable":true,"href":"https:\/\/calatorinromania.com\/index.php?rest_route=%2Fwp%2Fv2%2Fcategories&post=46414"},{"taxonomy":"post_tag","embeddable":true,"href":"https:\/\/calatorinromania.com\/index.php?rest_route=%2Fwp%2Fv2%2Ftags&post=46414"}],"curies":[{"name":"wp","href":"https:\/\/api.w.org\/{rel}","templated":true}]}}