{"id":46395,"date":"2026-03-04T08:47:10","date_gmt":"2026-03-04T08:47:10","guid":{"rendered":"https:\/\/calatorinromania.com\/?p=46395"},"modified":"2026-03-04T08:47:11","modified_gmt":"2026-03-04T08:47:11","slug":"o-mama-batrana-a-fost-plimbata-de-la-un-fiu-la-altul-ca-sa-aiba-grija-de-ea","status":"publish","type":"post","link":"https:\/\/calatorinromania.com\/?p=46395","title":{"rendered":"O mam\u0103 b\u0103tr\u00e2n\u0103 a fost plimbat\u0103 de la un fiu la altul ca s\u0103 aib\u0103 grij\u0103 de ea"},"content":{"rendered":"\n<p>\u2026\u00een valoare de 480.000 de lei, \u00eempreun\u0103 cu casa p\u0103rinteasc\u0103 \u0219i terenul aferent, persoanei care mi-a fost al\u0103turi nu din obliga\u021bie, ci din inim\u0103.\u201d<\/p>\n\n\n\n<p><\/p>\n\n\n\n<p>Cei trei fra\u021bi s-au privit scurt.<\/p>\n\n\n\n<p><\/p>\n\n\n\n<p>Ion \u0219i-a \u00eendreptat spatele.<\/p>\n\n\n\n<p><br>Vasile \u0219i-a frecat m\u00e2inile.<\/p>\n\n\n\n<p><br>Andrei a \u00eenghi\u021bit \u00een sec.<\/p>\n\n\n\n<p><\/p>\n\n\n\n<p>Avocatul a continuat, cu voce calm\u0103:<\/p>\n\n\n\n<p><\/p>\n\n\n\n<p>\u201e\u2026asistentei Ana Popa.\u201d<\/p>\n\n\n\n<p><\/p>\n\n\n\n<p>T\u0103cerea care a urmat a fost mai grea dec\u00e2t orice cuv\u00e2nt.<\/p>\n\n\n\n<p><\/p>\n\n\n\n<p>\u2014 Cum adic\u0103 asistentei? a izbucnit Vasile. E o gre\u0219eal\u0103!<\/p>\n\n\n\n<p><\/p>\n\n\n\n<p>Avocatul a ridicat privirea.<\/p>\n\n\n\n<p><\/p>\n\n\n\n<p>\u2014 Nu este nicio gre\u0219eal\u0103. Testamentul a fost f\u0103cut acum doi ani. \u00cen mod legal. \u00cenregistrat \u0219i semnat \u00een fa\u021ba martorilor.<\/p>\n\n\n\n<p><\/p>\n\n\n\n<p>Ion a ro\u0219it.<\/p>\n\n\n\n<p>\u2014 Noi suntem copiii ei!<\/p>\n\n\n\n<p>\u2014 Da, a r\u0103spuns avocatul lini\u0219tit. \u0218i tocmai de aceea doamna Maria a l\u0103sat \u0219i un mesaj pentru dumneavoastr\u0103.<\/p>\n\n\n\n<p>A desf\u0103cut o foaie scris\u0103 de m\u00e2n\u0103.<\/p>\n\n\n\n<p>Scrisul era tremurat, dar clar.<\/p>\n\n\n\n<p>\u201eDragii mei b\u0103ie\u021bi,<\/p>\n\n\n\n<p>V-am iubit mai mult dec\u00e2t via\u021ba mea. Pentru voi am muncit, am str\u00e2ns fiecare leu, am renun\u021bat la mine. Nu v\u0103 condamn. Poate a\u0219a a fost s\u0103 fie.<\/p>\n\n\n\n<p>Dar b\u0103tr\u00e2ne\u021bea nu doare din cauza oaselor. Doare din cauza singur\u0103t\u0103\u021bii.<\/p>\n\n\n\n<p>Ana mi-a \u021binut m\u00e2na c\u00e2nd mi-a fost fric\u0103. M-a ascultat c\u00e2nd nu mai aveam cui s\u0103 spun ce simt. M-a strigat \u00abmam\u0103\u00bb f\u0103r\u0103 ru\u0219ine.<\/p>\n\n\n\n<p>Voi mi-a\u021bi dat numele de mam\u0103. Ea mi-a dat lini\u0219te.<\/p>\n\n\n\n<p>Sper ca \u00eentr-o zi s\u0103 \u00een\u021belege\u021bi c\u0103 un p\u0103rinte nu este o povar\u0103. Este r\u0103d\u0103cina voastr\u0103.\u201d<\/p>\n\n\n\n<p>La final era o propozi\u021bie simpl\u0103:<\/p>\n\n\n\n<p>\u201eS\u0103 nu v\u0103 fie ru\u0219ine pentru ce am f\u0103cut eu. S\u0103 v\u0103 fie ru\u0219ine doar dac\u0103 nu \u00eenv\u0103\u021ba\u021bi nimic din asta.\u201d<\/p>\n\n\n\n<p>Andrei a l\u0103sat capul \u00een jos.<\/p>\n\n\n\n<p>Vasile privea \u00een gol.<\/p>\n\n\n\n<p>Ion avea ochii umezi, pentru prima dat\u0103.<\/p>\n\n\n\n<p>Nu era vorba doar despre bani.<\/p>\n\n\n\n<p>Era vorba despre adev\u0103r.<\/p>\n\n\n\n<p>Despre serile \u00een care mama lor a\u0219tepta la poart\u0103.<br>Despre mesele \u00een care m\u00e2nca mai pu\u021bin ca s\u0103 le ajung\u0103 lor.<br>Despre palmele ei cr\u0103pate de munc\u0103.<\/p>\n\n\n\n<p>\u0218i despre u\u0219a c\u0103minului care se \u00eenchidea \u00een urma ei.<\/p>\n\n\n\n<p>Ana nu a venit la biroul avocatului.<\/p>\n\n\n\n<p>C\u00e2nd au ajuns la c\u0103min s\u0103 o caute, au g\u0103sit-o \u00een gr\u0103din\u0103, ud\u00e2nd florile \u2014 exact cum f\u0103cea Mama Maria.<\/p>\n\n\n\n<p>\u2014 \u0218tia\u021bi? a \u00eentrebat Ion, cu voce joas\u0103.<\/p>\n\n\n\n<p>Ana a dat din cap.<\/p>\n\n\n\n<p>\u2014 Am rugat-o s\u0103 nu fac\u0103 asta. Dar mi-a spus c\u0103 nu e vorba de bani. E vorba de recuno\u0219tin\u021b\u0103.<\/p>\n\n\n\n<p>Cei trei fra\u021bi nu au mai avut ce spune.<\/p>\n\n\n\n<p>\u00cen s\u0103pt\u0103m\u00e2nile care au urmat, satul a aflat.<\/p>\n\n\n\n<p>Unii au judecat.<br>Al\u021bii au t\u0103cut.<\/p>\n\n\n\n<p>Dar cei trei au \u00eenceput s\u0103 vin\u0103 la cimitir mai des.<\/p>\n\n\n\n<p>Nu pentru poze.<\/p>\n\n\n\n<p>Nu pentru aparen\u021be.<\/p>\n\n\n\n<p>Ci pentru c\u0103, pentru prima dat\u0103, au sim\u021bit golul adev\u0103rat.<\/p>\n\n\n\n<p>Ana a transformat casa p\u0103rinteasc\u0103 \u00eentr-un centru de zi pentru b\u0103tr\u00e2nii din sat. Cu banii mo\u0219teni\u021bi, a renovat cl\u0103direa, a pus geamuri noi, a cump\u0103rat paturi \u0219i a amenajat o buc\u0103t\u0103rie unde, \u00een fiecare duminic\u0103, se g\u0103tea ciorb\u0103 cald\u0103 pentru cei singuri.<\/p>\n\n\n\n<p>Deasupra u\u0219ii a pus o pl\u0103cu\u021b\u0103 simpl\u0103:<\/p>\n\n\n\n<p>\u201eCasa Mama Maria\u201d.<\/p>\n\n\n\n<p>C\u00e2nd Ion, Vasile \u0219i Andrei au venit la inaugurare, au r\u0103mas \u00een prag.<\/p>\n\n\n\n<p>Pe perete era o fotografie cu mama lor z\u00e2mbind.<\/p>\n\n\n\n<p>Sub ea, un citat:<\/p>\n\n\n\n<p>\u201eUn p\u0103rinte nu cere avere. Cere timp.\u201d<\/p>\n\n\n\n<p>\u00cen ziua aceea, pentru prima dat\u0103, cei trei fra\u021bi au pl\u00e2ns.<\/p>\n\n\n\n<p>Nu pentru mo\u0219tenire.<\/p>\n\n\n\n<p>Ci pentru anii pe care nu-i mai puteau primi \u00eenapoi.<\/p>\n\n\n\n<p>Iar ru\u0219inea pe care au sim\u021bit-o nu i-a mai p\u0103r\u0103sit niciodat\u0103.<\/p>\n\n\n\n<p>Dar din ea s-a n\u0103scut ceva nou.<\/p>\n\n\n\n<p>Respect.<\/p>\n\n\n\n<p><em>Aceast\u0103 lucrare este inspirat\u0103 din evenimente \u0219i persoane reale, \u00eens\u0103 a fost fic\u021bionalizat\u0103 \u00een scopuri creative. Numele, personajele \u0219i detaliile au fost schimbate pentru a proteja intimitatea \u0219i pentru a \u00eembun\u0103t\u0103\u021bi nara\u021biunea. Orice asem\u0103nare cu persoane reale, \u00een via\u021b\u0103 sau decedate, sau cu evenimente reale este pur \u00eent\u00e2mpl\u0103toare \u0219i nu este inten\u021bionat\u0103 de c\u0103tre autor.<\/em><\/p>\n\n\n\n<p><em>Autorul \u0219i editorul nu \u00ee\u0219i asum\u0103 responsabilitatea pentru exactitatea evenimentelor sau pentru modul \u00een care sunt portretizate personajele \u0219i nu sunt r\u0103spunz\u0103tori pentru eventuale interpret\u0103ri gre\u0219ite. Aceast\u0103 poveste este oferit\u0103 \u201eca atare\u201d, iar orice opinii exprimate apar\u021bin personajelor \u0219i nu reflect\u0103 punctele de vedere ale autorului sau ale editorului.<\/em><\/p>\n","protected":false},"excerpt":{"rendered":"<p>\u2026\u00een valoare de 480.000 de lei, \u00eempreun\u0103 cu casa p\u0103rinteasc\u0103 \u0219i terenul aferent, persoanei care mi-a fost al\u0103turi nu din obliga\u021bie, ci din inim\u0103.\u201d Cei<\/p>\n","protected":false},"author":1,"featured_media":45981,"comment_status":"closed","ping_status":"closed","sticky":false,"template":"","format":"standard","meta":[],"categories":[1],"tags":[],"_links":{"self":[{"href":"https:\/\/calatorinromania.com\/index.php?rest_route=\/wp\/v2\/posts\/46395"}],"collection":[{"href":"https:\/\/calatorinromania.com\/index.php?rest_route=\/wp\/v2\/posts"}],"about":[{"href":"https:\/\/calatorinromania.com\/index.php?rest_route=\/wp\/v2\/types\/post"}],"author":[{"embeddable":true,"href":"https:\/\/calatorinromania.com\/index.php?rest_route=\/wp\/v2\/users\/1"}],"replies":[{"embeddable":true,"href":"https:\/\/calatorinromania.com\/index.php?rest_route=%2Fwp%2Fv2%2Fcomments&post=46395"}],"version-history":[{"count":1,"href":"https:\/\/calatorinromania.com\/index.php?rest_route=\/wp\/v2\/posts\/46395\/revisions"}],"predecessor-version":[{"id":46396,"href":"https:\/\/calatorinromania.com\/index.php?rest_route=\/wp\/v2\/posts\/46395\/revisions\/46396"}],"wp:featuredmedia":[{"embeddable":true,"href":"https:\/\/calatorinromania.com\/index.php?rest_route=\/wp\/v2\/media\/45981"}],"wp:attachment":[{"href":"https:\/\/calatorinromania.com\/index.php?rest_route=%2Fwp%2Fv2%2Fmedia&parent=46395"}],"wp:term":[{"taxonomy":"category","embeddable":true,"href":"https:\/\/calatorinromania.com\/index.php?rest_route=%2Fwp%2Fv2%2Fcategories&post=46395"},{"taxonomy":"post_tag","embeddable":true,"href":"https:\/\/calatorinromania.com\/index.php?rest_route=%2Fwp%2Fv2%2Ftags&post=46395"}],"curies":[{"name":"wp","href":"https:\/\/api.w.org\/{rel}","templated":true}]}}